{"id":13225,"date":"2019-10-22T21:16:16","date_gmt":"2019-10-22T21:16:16","guid":{"rendered":"https:\/\/redsemlac.com\/semmexico\/?p=13225"},"modified":"2023-07-21T15:13:22","modified_gmt":"2023-07-21T20:13:22","slug":"michoacan-13","status":"publish","type":"post","link":"https:\/\/redsemlac.com\/semmexico\/michoacan-13\/","title":{"rendered":"Una mujer recibir\u00e1 este a\u00f1o el Premio Estatal de Ciencia en Michoac\u00e1n"},"content":{"rendered":"\n<p class=\"wp-block-paragraph\"><strong>Redacci\u00f3n<\/strong><\/p>\n\n\n\n<p class=\"wp-block-paragraph\">SemM\u00e9xico. Morelia, Michoac\u00e1n, a 22 de octubre de 2019.-\u00a0Una mujer, investigadora especializada en temas agroforestales, recibir\u00e1 este a\u00f1o el Premio Estatal de Ciencia, considerado como el mayor reconocimiento anual que otorga la entidad a sus m\u00e1s destacados investigadores.<br><br>Se trata de Ana Isabel Moreno Calles, doctora, docente y divulgadora de los temas referidos.<br><br>La cient\u00edfica recibir\u00e1 el reconocimiento de manos del Gobernador Silvano Aureoles Conejo, el pr\u00f3ximo 29 de octubre, durante la ceremonia inaugural del XIV Congreso Estatal de Ciencia, Tecnolog\u00eda e Innovaci\u00f3n 2019.<br><br>Ana Isabel Moreno Calles es responsable de la Red Tem\u00e1tica de Sistemas Agroforestales de M\u00e9xico del Consejo Nacional de Ciencia y Tecnolog\u00eda.<br><br>Coordin\u00f3 la creaci\u00f3n de la carrera en Ciencias Agroforestales de la UNAM, que constituye la m\u00e1s nueva oferta educativa de esa instituci\u00f3n a nivel nacional.<br><br>A lo largo de su carrera ha recibido m\u00faltiples reconocimientos. Cuenta adem\u00e1s con 40 publicaciones en medios nacionales e internacionales especializados en ciencia y ha participado en diversos foros nacionales e internacionales, en pa\u00edses como Colombia, Per\u00fa, Bolivia, India, Kenia y Espa\u00f1a.<br><br>Adem\u00e1s del Premio Estatal de Ciencia, se entregar\u00e1n otros cinco galardones en las categor\u00edas de Tecnolog\u00eda, Innovaci\u00f3n, Divulgaci\u00f3n, Vinculaci\u00f3n y un reconocimiento con Perspectiva de g\u00e9nero. <\/p>\n","protected":false},"excerpt":{"rendered":"<p>Coordin\u00f3 la creaci\u00f3n de la carrera en Ciencias Agroforestales de la UNAM, que constituye la m\u00e1s nueva oferta educativa de esa instituci\u00f3n a nivel nacional.<\/p>\n","protected":false},"author":3,"featured_media":13226,"comment_status":"open","ping_status":"open","sticky":false,"template":"","format":"standard","meta":{"_monsterinsights_skip_tracking":false,"footnotes":""},"categories":[690,54],"tags":[],"class_list":["post-13225","post","type-post","status-publish","format-standard","has-post-thumbnail","category-690","category-mujeres"],"_links":{"self":[{"href":"https:\/\/redsemlac.com\/semmexico\/wp-json\/wp\/v2\/posts\/13225","targetHints":{"allow":["GET"]}}],"collection":[{"href":"https:\/\/redsemlac.com\/semmexico\/wp-json\/wp\/v2\/posts"}],"about":[{"href":"https:\/\/redsemlac.com\/semmexico\/wp-json\/wp\/v2\/types\/post"}],"author":[{"embeddable":true,"href":"https:\/\/redsemlac.com\/semmexico\/wp-json\/wp\/v2\/users\/3"}],"replies":[{"embeddable":true,"href":"https:\/\/redsemlac.com\/semmexico\/wp-json\/wp\/v2\/comments?post=13225"}],"version-history":[{"count":0,"href":"https:\/\/redsemlac.com\/semmexico\/wp-json\/wp\/v2\/posts\/13225\/revisions"}],"wp:featuredmedia":[{"embeddable":true,"href":"https:\/\/redsemlac.com\/semmexico\/wp-json\/wp\/v2\/media\/13226"}],"wp:attachment":[{"href":"https:\/\/redsemlac.com\/semmexico\/wp-json\/wp\/v2\/media?parent=13225"}],"wp:term":[{"taxonomy":"category","embeddable":true,"href":"https:\/\/redsemlac.com\/semmexico\/wp-json\/wp\/v2\/categories?post=13225"},{"taxonomy":"post_tag","embeddable":true,"href":"https:\/\/redsemlac.com\/semmexico\/wp-json\/wp\/v2\/tags?post=13225"}],"curies":[{"name":"wp","href":"https:\/\/api.w.org\/{rel}","templated":true}]}}