{"id":13221,"date":"2019-10-22T21:08:12","date_gmt":"2019-10-22T21:08:12","guid":{"rendered":"https:\/\/redsemlac.com\/semmexico\/?p=13221"},"modified":"2023-07-21T15:13:22","modified_gmt":"2023-07-21T20:13:22","slug":"el-colectivo-lojustoesquesepas-celebra-la-aprobacion-en-el-senado-de-la-iniciativa-de-reforma-a-la-ley-general-de-transparencia","status":"publish","type":"post","link":"https:\/\/redsemlac.com\/semmexico\/el-colectivo-lojustoesquesepas-celebra-la-aprobacion-en-el-senado-de-la-iniciativa-de-reforma-a-la-ley-general-de-transparencia\/","title":{"rendered":"El colectivo #LoJustoEsQueSepas celebra la aprobaci\u00f3n en el Senado de la iniciativa de reforma a la Ley General de Transparencia"},"content":{"rendered":"\n<p class=\"wp-block-paragraph\"><strong>Redacci\u00f3n\u00a0<\/strong><\/p>\n\n\n\n<p class=\"wp-block-paragraph\">SemM\u00e9xico. Cd. de M\u00e9xico, a 21 de octubre de 2019.- El colectivo #LoJustoEsQueSepas celebra con entusiasmo la aprobaci\u00f3n por parte del Senado de la iniciativa de reforma a la Ley General de Transparencia, la cual permitir\u00eda que se d\u00e9 a conocer la versi\u00f3n p\u00fablica de todas las sentencias judiciales. Adicionalmente, conmina respetuosamente a la C\u00e1mara de Diputados a que legislen en el mismo sentido, por el bien de la transparencia y la rendici\u00f3n de cuentas en los poderes judiciales.<\/p>\n\n\n\n<p class=\"wp-block-paragraph\">En un comunicado emitido por este colectivo integrado por&nbsp;EQUIS Justicia para la Mujeres, M\u00e9xico Eval\u00faa, Borde Pol\u00edtico, Art\u00edculo 19, MCCI, Controla tu Gobierno y Fundar Centro de An\u00e1lisis e Investigaci\u00f3n. se\u00f1alan que esta reforma, impulsada desde el colectivo y presentada por un grupo plural de senadores y senadoras, principalmente de la Comisi\u00f3n de Anticorrupci\u00f3n, Transparencia y Participaci\u00f3n Ciudadana, obtuvo ayer en el pleno del Senado 73 votos a favor, cero en contra y ninguna abstenci\u00f3n.<\/p>\n\n\n\n<p class=\"wp-block-paragraph\">Actualmente, la fracci\u00f3n II del art\u00edculo 73 de la Ley General de Transparencia y Acceso a la Informaci\u00f3n P\u00fablica \u2013que establece las obligaciones de transparencia espec\u00edficas de los Poderes Judiciales\u2013, dispone que \u00e9stos deben publicar \u201clas versiones p\u00fablicas de las sentencias que sean de inter\u00e9s p\u00fablico\u201d, lo cual ha resultado restrictivo del derecho a la informaci\u00f3n.<\/p>\n\n\n\n<p class=\"wp-block-paragraph\">El dictamen ante el Senado se\u00f1al\u00f3 que esta redacci\u00f3n es ambigua, pues no fija un criterio claro que permita dilucidar si una sentencia tiene o no inter\u00e9s p\u00fablico. Esta falta de claridad ha fomentado que los poderes judiciales de algunos estados no publiquen ninguna sentencia.<\/p>\n\n\n\n<p class=\"wp-block-paragraph\">\u00abEl colectivo #LoJustoEsQueSepas considera que&nbsp;<strong>todas las sentencias judiciales son de inter\u00e9s p\u00fablico&nbsp;<\/strong>y, por tanto, deben ser divulgadas. Esto porque las sentencias impactan directamente en la vida de las personas y representan el resultado \u00faltimo del trabajo de las y los jueces y magistrados. S\u00f3lo teniendo acceso a las sentencias, la ciudadan\u00eda puede evaluar la calidad del trabajo de las personas juzgadoras, sus criterios de interpretaci\u00f3n y desempe\u00f1o. Adem\u00e1s, este ejercicio permitir\u00eda identificar si las y los jueces y magistrados juzgan de manera imparcial o con base en prejuicios; si toman en cuenta la perspectiva de g\u00e9nero y de derechos humanos para tomar sus determinaciones; y si son o no congruentes en los criterios que aplican\u00bb.<\/p>\n\n\n\n<p class=\"wp-block-paragraph\">Por estas razones, el colectivo #LoJustoEsQueSepas considera que lo ocurrido ayer en el Senado fue un muy necesario primer paso para el fortalecimiento de la independencia judicial, el acceso a la justicia, la no discriminaci\u00f3n y el combate a la corrupci\u00f3n en la impartici\u00f3n de justicia. Tambi\u00e9n contribuye a atender la crisis de desconfianza de la que actualmente adolecen las instituciones de justicia y la falta de legitimidad de las y los jueces, factores que por s\u00ed mismos debilitan su funci\u00f3n. El colectivo conf\u00eda en que diputados y diputadas concuerden con estos argumentos para que pueda verse materializado el cambio en la legislaci\u00f3n en aras de construir una justicia abierta.<\/p>\n","protected":false},"excerpt":{"rendered":"<p>El colectivo #LoJustoEsQueSepas considera que todas las sentencias judiciales son de inter\u00e9s p\u00fablico y, por tanto, deben ser divulgadas.<\/p>\n","protected":false},"author":3,"featured_media":13222,"comment_status":"open","ping_status":"open","sticky":false,"template":"","format":"standard","meta":{"_monsterinsights_skip_tracking":false,"footnotes":""},"categories":[690,54],"tags":[],"class_list":["post-13221","post","type-post","status-publish","format-standard","has-post-thumbnail","category-690","category-mujeres"],"_links":{"self":[{"href":"https:\/\/redsemlac.com\/semmexico\/wp-json\/wp\/v2\/posts\/13221","targetHints":{"allow":["GET"]}}],"collection":[{"href":"https:\/\/redsemlac.com\/semmexico\/wp-json\/wp\/v2\/posts"}],"about":[{"href":"https:\/\/redsemlac.com\/semmexico\/wp-json\/wp\/v2\/types\/post"}],"author":[{"embeddable":true,"href":"https:\/\/redsemlac.com\/semmexico\/wp-json\/wp\/v2\/users\/3"}],"replies":[{"embeddable":true,"href":"https:\/\/redsemlac.com\/semmexico\/wp-json\/wp\/v2\/comments?post=13221"}],"version-history":[{"count":0,"href":"https:\/\/redsemlac.com\/semmexico\/wp-json\/wp\/v2\/posts\/13221\/revisions"}],"wp:featuredmedia":[{"embeddable":true,"href":"https:\/\/redsemlac.com\/semmexico\/wp-json\/wp\/v2\/media\/13222"}],"wp:attachment":[{"href":"https:\/\/redsemlac.com\/semmexico\/wp-json\/wp\/v2\/media?parent=13221"}],"wp:term":[{"taxonomy":"category","embeddable":true,"href":"https:\/\/redsemlac.com\/semmexico\/wp-json\/wp\/v2\/categories?post=13221"},{"taxonomy":"post_tag","embeddable":true,"href":"https:\/\/redsemlac.com\/semmexico\/wp-json\/wp\/v2\/tags?post=13221"}],"curies":[{"name":"wp","href":"https:\/\/api.w.org\/{rel}","templated":true}]}}