{"id":13214,"date":"2019-10-22T17:16:41","date_gmt":"2019-10-22T17:16:41","guid":{"rendered":"https:\/\/redsemlac.com\/semmexico\/?p=13214"},"modified":"2023-07-21T15:13:22","modified_gmt":"2023-07-21T20:13:22","slug":"la-lucha-contra-el-cancer-de-mama-es-fundamental-monreal","status":"publish","type":"post","link":"https:\/\/redsemlac.com\/semmexico\/la-lucha-contra-el-cancer-de-mama-es-fundamental-monreal\/","title":{"rendered":"La lucha contra el c\u00e1ncer de mama, es fundamental: Monreal"},"content":{"rendered":"\n<p class=\"wp-block-paragraph\"><strong>Redacci\u00f3n<\/strong><\/p>\n\n\n\n<p class=\"wp-block-paragraph\">SemM\u00e9xico. Cd. de M\u00e9xico. 22 de octubre de 2019.- El presidente de la Junta de Coordinaci\u00f3n Pol\u00edtica, Ricardo Monreal \u00c1vila, emiti\u00f3 un mensaje con motivo del D\u00eda Internacional de la Lucha contra el C\u00e1ncer de Mama, y dijo que este mal junto con la diabetes, son las principales causas de muerte en el pa\u00eds, por lo que felicit\u00f3 a quienes han trabajado con iniciativas, as\u00ed como al sindicato del Senado por la lucha emprendida para erradicar este mal.<\/p>\n\n\n\n<p class=\"wp-block-paragraph\">La lucha contra el c\u00e1ncer de mama, es fundamental. Por eso no podemos dejar solos ni a las y los trabajadores ni al Sindicato ni al pueblo de M\u00e9xico, en esta extraordinaria lucha que se est\u00e1 llevando a cabo y que ahora se va a multiplicar el esfuerzo del Gobierno Federal, dado que el sector salud contar\u00e1 con 40 mil millones de pesos, de aprobarse el presupuesto planteado por Hacienda a la C\u00e1mara de Diputados.<\/p>\n\n\n\n<p class=\"wp-block-paragraph\">Agreg\u00f3 que en el \u00e1mbito legislativo la Comisi\u00f3n de Salud, que encabeza el doctor Miguel \u00c1ngel Navarro Quintero trabaja para resolver cualquier problema.<\/p>\n\n\n\n<p class=\"wp-block-paragraph\">Dijo tambi\u00e9n que en M\u00e9xico la salud estuvo abandonada por muchos a\u00f1os y por ello ha aflorado la crisis en todo el pa\u00eds.<\/p>\n\n\n\n<p class=\"wp-block-paragraph\">Finalmente agradeci\u00f3 a m\u00e9dicos y enfermeras del sector Salud que participan en esta noble tarea.<br><\/p>\n","protected":false},"excerpt":{"rendered":"<p>El presidente de la Junta de Coordinaci\u00f3n Pol\u00edtica, Ricardo Monreal \u00c1vila, emiti\u00f3 un mensaje con motivo del D\u00eda Internacional de la Lucha contra el C\u00e1ncer de Mama.<\/p>\n","protected":false},"author":3,"featured_media":13215,"comment_status":"open","ping_status":"open","sticky":false,"template":"","format":"standard","meta":{"_monsterinsights_skip_tracking":false,"footnotes":""},"categories":[690,50],"tags":[],"class_list":["post-13214","post","type-post","status-publish","format-standard","has-post-thumbnail","category-690","category-congreso"],"_links":{"self":[{"href":"https:\/\/redsemlac.com\/semmexico\/wp-json\/wp\/v2\/posts\/13214","targetHints":{"allow":["GET"]}}],"collection":[{"href":"https:\/\/redsemlac.com\/semmexico\/wp-json\/wp\/v2\/posts"}],"about":[{"href":"https:\/\/redsemlac.com\/semmexico\/wp-json\/wp\/v2\/types\/post"}],"author":[{"embeddable":true,"href":"https:\/\/redsemlac.com\/semmexico\/wp-json\/wp\/v2\/users\/3"}],"replies":[{"embeddable":true,"href":"https:\/\/redsemlac.com\/semmexico\/wp-json\/wp\/v2\/comments?post=13214"}],"version-history":[{"count":0,"href":"https:\/\/redsemlac.com\/semmexico\/wp-json\/wp\/v2\/posts\/13214\/revisions"}],"wp:featuredmedia":[{"embeddable":true,"href":"https:\/\/redsemlac.com\/semmexico\/wp-json\/wp\/v2\/media\/13215"}],"wp:attachment":[{"href":"https:\/\/redsemlac.com\/semmexico\/wp-json\/wp\/v2\/media?parent=13214"}],"wp:term":[{"taxonomy":"category","embeddable":true,"href":"https:\/\/redsemlac.com\/semmexico\/wp-json\/wp\/v2\/categories?post=13214"},{"taxonomy":"post_tag","embeddable":true,"href":"https:\/\/redsemlac.com\/semmexico\/wp-json\/wp\/v2\/tags?post=13214"}],"curies":[{"name":"wp","href":"https:\/\/api.w.org\/{rel}","templated":true}]}}