{"id":13211,"date":"2019-10-22T17:01:36","date_gmt":"2019-10-22T17:01:36","guid":{"rendered":"https:\/\/redsemlac.com\/semmexico\/?p=13211"},"modified":"2023-07-21T15:13:23","modified_gmt":"2023-07-21T20:13:23","slug":"spotlight-2","status":"publish","type":"post","link":"https:\/\/redsemlac.com\/semmexico\/spotlight-2\/","title":{"rendered":"No hay otro tema moralmente m\u00e1s importante que trabajar para reducir la violencia contra las mujeres y las ni\u00f1as: ONU"},"content":{"rendered":"\n<p class=\"wp-block-paragraph\"><strong>Josefina Aguilar Pastor<\/strong><\/p>\n\n\n\n<p class=\"wp-block-paragraph\">SemM\u00e9xico. Chilpancingo, Guerrero, 21 de octubre de 2019.- El proyecto Spotlight, no es&nbsp;la cura para acabar con la violencia contra las mujeres y ni\u00f1as porque es un problema demasiado grave, pero s\u00ed puede ayudar para que en dos o tres a\u00f1os haya varias mujeres y ni\u00f1as que no tengan que sufrir violencia, que puedan vivir en paz, adem\u00e1s de que la violencia de g\u00e9nero, no es exclusiva de las mujeres, la estrategia debe ir dirigida tambi\u00e9n a los hombres, porque son ellos quienes la generan, y se debe dejar de considerar a la violen como normal porque no lo es, sostienen representantes de las Naciones Unidas (ONU) y la comunidad Europea.<\/p>\n\n\n\n<p class=\"wp-block-paragraph\">Al participar en la presentaci\u00f3n oficial del proyecto Spotlight, este lunes en un evento realizado en palacio de gobierno,&nbsp;Antonio Molpeceres, Coordinador Residente del Sistema de las Naciones Unidas en M\u00e9xico, destac\u00f3 que no hay otro tema moralmente m\u00e1s importante que trabajar para reducir la violencia contra las mujeres y las ni\u00f1as, as\u00ed como los niveles de feminicidio.<\/p>\n\n\n\n<p class=\"wp-block-paragraph\">Spotlight, refiri\u00f3 el funcionario, es una contribuci\u00f3n complementaria a lo que ya est\u00e1n haciendo en Guerrero, y que a pesar de ello, los niveles siguen siendo elevados, -pero se han ido reduciendo-, \u201cno pretendemos que sea la cura, porque es un problema demasiado grave, pero s\u00ed puede ayudar con algunos recursos, para llegar en dos o tres a\u00f1os a que haya varias mujeres y ni\u00f1as que no tengan que sufrir violencia, que puedan vivir en paz\u201d, subray\u00f3.<\/p>\n\n\n\n<p class=\"wp-block-paragraph\">Gerome Poussielgue, Ministro Consejero Jefe de Cooperaci\u00f3n de la Uni\u00f3n Europea en M\u00e9xico, refiri\u00f3 que en aquel continente, trabajan desde la igualdad y la lucha de la violencia de g\u00e9nero desde hace muchos a\u00f1os atr\u00e1s pero Spotlight es una iniciativa piloto para trabajar con cinco pa\u00edses de Am\u00e9rica Latina, que tenga un impacto sobre la vida de las personas, y en particular de las v\u00edctimas y sus familiares, de ah\u00ed que el proyecto incidir\u00e1 en el mejoramiento de las leyes,&nbsp;&nbsp;fortalecimiento de las instituciones para que puedan realmente hacer el trabajo que les corresponde para atender las v\u00edctimas y sus familias.<\/p>\n\n\n\n<p class=\"wp-block-paragraph\">\u201cUn trabajo muy complicado es el cambio de las normas sociales, reducir el machismo es un tema muy importante por eso la importancia de que m\u00e1s hombres se integren y no solo sean mujeres vistas como si fuera un tema que solo les interesa a ellas esto no es as\u00ed\u201d, recalc\u00f3 el representante de la Uni\u00f3n Europea.<\/p>\n\n\n\n<p class=\"wp-block-paragraph\">Bel\u00e9n Sanz Luque, representante de ONU-Mujeres en M\u00e9xico, sostuvo que la erradicaci\u00f3n de la violencia contra las mujeres es un requisito para el desarrollo sostenible fundamental para alcanzar el nivel de democracia que se aspira tener en la sociedad, y no se puede trabajar esta problem\u00e1tica como algo aislado, es entrar al desarrollo; por ello Spotlight, refiri\u00f3, est\u00e1 escrita en esos objetivos de desarrollo sostenible, con el que buscan fortalecer las pol\u00edticas p\u00fablicas existentes pero identificar tambi\u00e9n vac\u00edos que requieran armonizarse con la normativa internacional.<\/p>\n\n\n\n<p class=\"wp-block-paragraph\">Puntualiz\u00f3 la necesidad de implementar un enfoque de prevenci\u00f3n, de lo contrario, solo&nbsp;&nbsp;atender\u00e1n las consecuencias \u201cy tenemos que transformar estos estereotipos que todav\u00eda nuestra sociedad nos orientan a concluir que la violencia es normal, la violencia no es normal, y por lo tanto tenemos que encontrar la manera de prevenirla y tiene tambi\u00e9n un fuerte enfoque a servicios sabemos que hay gran grandes vac\u00edos, el acceso a las v\u00edctimas a los servicios de salud y por supuesto a la justicia, y en se sentido, este programa tendr\u00e1 ese enfoque y finalmente la generaci\u00f3n de estad\u00edsticas, an\u00e1lisis de esos datos y la participaci\u00f3n d la sociedad civil\u201d, acot\u00f3 la representante de ONU-Mujeres.<\/p>\n","protected":false},"excerpt":{"rendered":"<p>Spotlight, refiri\u00f3 el funcionario, es una contribuci\u00f3n complementaria a lo que ya est\u00e1n haciendo en Guerrero.<\/p>\n","protected":false},"author":3,"featured_media":13212,"comment_status":"open","ping_status":"open","sticky":false,"template":"","format":"standard","meta":{"_monsterinsights_skip_tracking":false,"footnotes":""},"categories":[690,51],"tags":[],"class_list":["post-13211","post","type-post","status-publish","format-standard","has-post-thumbnail","category-690","category-ejecutivo"],"_links":{"self":[{"href":"https:\/\/redsemlac.com\/semmexico\/wp-json\/wp\/v2\/posts\/13211","targetHints":{"allow":["GET"]}}],"collection":[{"href":"https:\/\/redsemlac.com\/semmexico\/wp-json\/wp\/v2\/posts"}],"about":[{"href":"https:\/\/redsemlac.com\/semmexico\/wp-json\/wp\/v2\/types\/post"}],"author":[{"embeddable":true,"href":"https:\/\/redsemlac.com\/semmexico\/wp-json\/wp\/v2\/users\/3"}],"replies":[{"embeddable":true,"href":"https:\/\/redsemlac.com\/semmexico\/wp-json\/wp\/v2\/comments?post=13211"}],"version-history":[{"count":0,"href":"https:\/\/redsemlac.com\/semmexico\/wp-json\/wp\/v2\/posts\/13211\/revisions"}],"wp:featuredmedia":[{"embeddable":true,"href":"https:\/\/redsemlac.com\/semmexico\/wp-json\/wp\/v2\/media\/13212"}],"wp:attachment":[{"href":"https:\/\/redsemlac.com\/semmexico\/wp-json\/wp\/v2\/media?parent=13211"}],"wp:term":[{"taxonomy":"category","embeddable":true,"href":"https:\/\/redsemlac.com\/semmexico\/wp-json\/wp\/v2\/categories?post=13211"},{"taxonomy":"post_tag","embeddable":true,"href":"https:\/\/redsemlac.com\/semmexico\/wp-json\/wp\/v2\/tags?post=13211"}],"curies":[{"name":"wp","href":"https:\/\/api.w.org\/{rel}","templated":true}]}}