{"id":13208,"date":"2019-10-22T16:54:57","date_gmt":"2019-10-22T16:54:57","guid":{"rendered":"https:\/\/redsemlac.com\/semmexico\/?p=13208"},"modified":"2023-07-21T15:13:23","modified_gmt":"2023-07-21T20:13:23","slug":"guerrero-62","status":"publish","type":"post","link":"https:\/\/redsemlac.com\/semmexico\/guerrero-62\/","title":{"rendered":"172 mujeres asesinadas en Guerrero durante 2019"},"content":{"rendered":"\n<p class=\"wp-block-paragraph\"><strong>Josefina Aguilar Pastor<\/strong><\/p>\n\n\n\n<p class=\"wp-block-paragraph\">SemM\u00e9xico. Chilpancingo, Guerrero, 21 de octubre de 2019.- El gobierno del Estado, solo reconoce 14 feminicidios en lo que va del a\u00f1o, mientras que organizaciones civiles afirman que suman ya 172 mujeres asesinadas y que Guerrero ocupa el&nbsp;primer lugar en violencia y abuso&nbsp;&nbsp;infantil as\u00ed como en embarazos adolescentes.<\/p>\n\n\n\n<p class=\"wp-block-paragraph\">Al instalarse de manera oficial la estrategia denominada&nbsp;&nbsp;Spotlight, que busca reducir los feminicidios as\u00ed como toda clase de&nbsp;&nbsp;violencia en contra de las mujeres y ni\u00f1as&nbsp;en Chilpancingo, Viridiana Guti\u00e9rrez Sotelo,&nbsp;presidenta del grupo local de regencia del sociedad civil del Spotlight en la entidad,&nbsp;dio a conocer cifras de mujeres asesinadas en los \u00faltimos tres a\u00f1os,&nbsp;en Guerrero&nbsp;170 durante el 2017, y&nbsp;&nbsp;230 de 2018, de acuerdo a datos recabados por la Asociaci\u00f3n Guerrerense de Violencia contra las Mujeres (AGVCM).<\/p>\n\n\n\n<p class=\"wp-block-paragraph\">Y a escasos meses de concluir el 2019,&nbsp;&nbsp;en Guerrero se han asesinado 172 mujeres, de distintas edades, de distintos or\u00edgenes, con historias de vida distintas \u201cpero ligadas a un tema que nos lastima a todas, la violencia de g\u00e9nero, pues, aunque las autoridades encargadas de investigar y procurar justicia para estas mujeres lo nieguen, muchas de ellas fueron asesinadas por ser consideradas el sexo d\u00e9bil, o simplemente menos persona\u201d, reclam\u00f3.<\/p>\n\n\n\n<p class=\"wp-block-paragraph\">Las mujeres indic\u00f3 Guti\u00e9rrez Sotelo, no solo son n\u00fameros, son historia, vida, jefas de familia, trabajadoras, amigas, hijas, madres, abuelas as\u00ed como la mitad del mundo, de ah\u00ed subray\u00f3 la relevancia de estrategias como el&nbsp;Spotlight, que re\u00fane&nbsp;sociedad, expertas, gobierno estatal y municipal en un d\u00eda hist\u00f3rico para las mujeres, \u201cla violencia contra las mujeres tiene que parar, con acciones concretas, con acciones reales, sin simulaci\u00f3n, poniendo al centro la vida de las mujeres\u201d, puntualiz\u00f3.<\/p>\n\n\n\n<p class=\"wp-block-paragraph\">La activista refiri\u00f3 que al gobierno del Estado, le quedan dos meses para evitar que se declare la segunda alerta ahora por agravio comparado, debido a que mujeres embarazadas, est\u00e1n pr\u00e1cticamente, siendo obligadas a parir a un producto de una violaci\u00f3n, al negarles la interrupci\u00f3n legal del embarazo (ILE), que se contrapone a la norma 046 que en 2016 elimin\u00f3 el requisito de la denuncia para poder acceder a un aborto legal, seguro y gratuito, pero puntualiz\u00f3 que la solicitud vas m\u00e1s all\u00e1,&nbsp;&nbsp;para evitar que m\u00e1s ni\u00f1as, que son las principales v\u00edctimas de la violencia sexual, sean madres de hijos de sus violadores.<\/p>\n\n\n\n<p class=\"wp-block-paragraph\">Dio a conocer que cifras recientes del INMUJERES informan que al a\u00f1o, 11 mil menores est\u00e1n siendo madres&nbsp;&nbsp;por embarazos&nbsp;&nbsp;resultado de la violencia sexual, que coloca a M\u00e9xico como el primer lugar en violencia y abuso&nbsp;&nbsp;infantil y en el vergonzoso primer lugar de embarazos adolescentes a nivel mundial de acuerdo con la OMS; en tanto que el Sistema Nacional de Seguridad P\u00fablica, a julio de este a\u00f1o, reporta que en Guerrero se han cometido 202 violaciones sexuales.<\/p>\n\n\n\n<p class=\"wp-block-paragraph\">Admiti\u00f3 que con la declaratoria de Alerta de Violencia de Genero (AVG) en junio de 2017, hay muchos esfuerzos, pero con resultados poco efectivos, pues las violencias no paran. Con la llegada del Spotlight, \u201cse enciende una luz donde hab\u00eda oscuridad, pone color donde solo hay escala de grises, es una luz al final del camino y desde hoy y desde aqu\u00ed decimos: Spotlight no ser\u00e1 un trampol\u00edn para lucimiento personal de nadie, que se escuche fuerte y claro, las \u00fanicas que pueden obtener un beneficio de este esfuerzo son las mujeres y que en este esfuerzo nadie se quede atr\u00e1s\u201d, concluy\u00f3 la activista.<\/p>\n\n\n\n<p class=\"wp-block-paragraph\">En tanto,&nbsp;el secretario general de gobierno, Florencio Salazar Adame, rechaz\u00f3 las cifras dadas a conocer por la activista Viridiana Guti\u00e9rrez Sotelo, las que posee del gobierno el de Estado, son menores expuso \u201cpero no vamos a discutir quien tiene la raz\u00f3n si son m\u00e1s o menos las mujeres que lamentablemente han sido asesinadas\u201d, lo importante admiti\u00f3, es que no sigan ocurriendo m\u00e1s feminicidios en Guerrero.<\/p>\n\n\n\n<p class=\"wp-block-paragraph\">Sostuvo que el ejecutivo estatal, est\u00e1 muy comprometido para que avancen las pol\u00edticas para disminuir la violencia hacia las mujeres.<\/p>\n\n\n\n<p class=\"wp-block-paragraph\">\u201cNosotros entendemos, comprendemos y somos solidarios con la lucha de las organizaciones de feministas porque su coraje, su molestia viene de mucho tiempo atr\u00e1s, de todo un proceso cultural en el que se ha situado al hombre en la condici\u00f3n primigenia y frecuentemente subordinando a la mujer, no solamente a tareas secundarias, sino tambi\u00e9n a ser objeto de vejaciones y maltratos\u201d, argument\u00f3 el funcionario.<\/p>\n\n\n\n<p class=\"wp-block-paragraph\">Agreg\u00f3 que, desde su punto de vista, los programas encaminados a frenar a violencia contra las mujeres deben tambi\u00e9n, ser dirigidos a los hombres, ya que son ellos quienes la ejercen \u201cy es ah\u00ed donde tambi\u00e9n debemos fincar nuestras ideas\u201d, recalc\u00f3, y puedan cambiar sus actitudes, su visi\u00f3n, el sentido de las relaciones de g\u00e9nero en la sociedad.<\/p>\n\n\n\n<p class=\"wp-block-paragraph\">En el evento, tambi\u00e9n participaron, Bel\u00e9n Sanz Luque, representante de ONU-Mujeres en M\u00e9xico, Antonio Molpeceres, coordinador residente del sistema de las Naciones Unidas en M\u00e9xico, as\u00ed como Gerome Poussielgue, ministro consejero jefe de cooperaci\u00f3n de la Uni\u00f3n Europea en M\u00e9xico, y mercedes Calvo, presidenta del Dif Estatal.<\/p>\n","protected":false},"excerpt":{"rendered":"<p>El gobierno del Estado, solo reconoce 14 feminicidios en lo que va del a\u00f1o, mientras que organizaciones civiles afirman que suman ya 172 mujeres asesinadas<\/p>\n","protected":false},"author":3,"featured_media":13209,"comment_status":"open","ping_status":"open","sticky":false,"template":"","format":"standard","meta":{"_monsterinsights_skip_tracking":false,"footnotes":""},"categories":[690,51],"tags":[],"class_list":["post-13208","post","type-post","status-publish","format-standard","has-post-thumbnail","category-690","category-ejecutivo"],"_links":{"self":[{"href":"https:\/\/redsemlac.com\/semmexico\/wp-json\/wp\/v2\/posts\/13208","targetHints":{"allow":["GET"]}}],"collection":[{"href":"https:\/\/redsemlac.com\/semmexico\/wp-json\/wp\/v2\/posts"}],"about":[{"href":"https:\/\/redsemlac.com\/semmexico\/wp-json\/wp\/v2\/types\/post"}],"author":[{"embeddable":true,"href":"https:\/\/redsemlac.com\/semmexico\/wp-json\/wp\/v2\/users\/3"}],"replies":[{"embeddable":true,"href":"https:\/\/redsemlac.com\/semmexico\/wp-json\/wp\/v2\/comments?post=13208"}],"version-history":[{"count":0,"href":"https:\/\/redsemlac.com\/semmexico\/wp-json\/wp\/v2\/posts\/13208\/revisions"}],"wp:featuredmedia":[{"embeddable":true,"href":"https:\/\/redsemlac.com\/semmexico\/wp-json\/wp\/v2\/media\/13209"}],"wp:attachment":[{"href":"https:\/\/redsemlac.com\/semmexico\/wp-json\/wp\/v2\/media?parent=13208"}],"wp:term":[{"taxonomy":"category","embeddable":true,"href":"https:\/\/redsemlac.com\/semmexico\/wp-json\/wp\/v2\/categories?post=13208"},{"taxonomy":"post_tag","embeddable":true,"href":"https:\/\/redsemlac.com\/semmexico\/wp-json\/wp\/v2\/tags?post=13208"}],"curies":[{"name":"wp","href":"https:\/\/api.w.org\/{rel}","templated":true}]}}