{"id":13198,"date":"2019-10-22T16:27:55","date_gmt":"2019-10-22T16:27:55","guid":{"rendered":"https:\/\/redsemlac.com\/semmexico\/?p=13198"},"modified":"2023-07-21T15:13:23","modified_gmt":"2023-07-21T20:13:23","slug":"ninas-discapacitadas-y-empoderadas-por-una-vida-libre-de-violencias","status":"publish","type":"post","link":"https:\/\/redsemlac.com\/semmexico\/ninas-discapacitadas-y-empoderadas-por-una-vida-libre-de-violencias\/","title":{"rendered":"Ni\u00f1as discapacitadas y empoderadas, por una vida libre de violencias"},"content":{"rendered":"\n<p class=\"wp-block-paragraph\"><strong> Redacci\u00f3n\u00a0 <\/strong><\/p>\n\n\n\n<p class=\"wp-block-paragraph\">Madrid, 21 oct. 2019. AmecoPress.-\u00a0Las mujeres y ni\u00f1as discapacitadas sufren una discriminaci\u00f3n doble por parte de la sociedad. Con motivo del 25N, CERMI ha organizado la cuarta edici\u00f3n de su concurso fotogr\u00e1fico.\u00a0Empoderando a las ni\u00f1as con discapacidad para el disfrute de una vida libre de violencia\u00a0es el t\u00edtulo del IV Concurso de Fotograf\u00eda Generosidad, cuyo jurado fall\u00f3 el pasado 18 de octubre.<\/p>\n\n\n\n<p class=\"wp-block-paragraph\">Tu potencial es infinito, de Vicente Guill Fuster, es la fotograf\u00eda que ha ganado el primer premio (3.000 euros);\u00a0<em>Empoderada<\/em>, de Mar\u00eda Jes\u00fas Serrano Lahoz, ocupa el segundo lugar (2.000 euros) y el tercer galard\u00f3n (1.000) es para la fotograf\u00eda de Manuel Delgado.<\/p>\n\n\n\n<figure class=\"wp-block-image\"><a href=\"http:\/\/amecopress.net\/IMG\/jpg\/primer_premio.jpg\"><img decoding=\"async\" src=\"http:\/\/amecopress.net\/local\/cache-vignettes\/L384xH473\/primer_premio-2a4a2.jpg\" alt=\"JPEG\"\/><\/a><\/figure>\n\n\n\n<figure class=\"wp-block-image\"><a href=\"http:\/\/amecopress.net\/IMG\/jpg\/whatsapp_image_2019-10-21_at_11.20.47_1_.jpg\"><img decoding=\"async\" src=\"http:\/\/amecopress.net\/local\/cache-vignettes\/L422xH750\/whatsapp_image_2019-10-21_at_11.20.47_1_-d6eb4.jpg\" alt=\"JPEG\"\/><\/a><\/figure>\n\n\n\n<p class=\"wp-block-paragraph\">El 25N, con motivo del D\u00eda Internacional de la Eliminaci\u00f3n de la Violencia contra la Mujer, se inaugurar\u00e1 la muestra, que llega de la mano de FCM (Fundaci\u00f3n CERMI Mujeres) en colaboraci\u00f3n con el Real Patronato sobre Discapacidad. Esa misma tarde, a las cinco, se entregar\u00e1n los premios y se leer\u00e1 un manifiesto sobre la jornada.<\/p>\n\n\n\n<p class=\"wp-block-paragraph\">El fallo ha tenido en cuenta la sensibilidad social que se desprende de cada obra, la capacidad cr\u00edtica y comunicativa y el abordaje del tema en concreto. As\u00ed, el jurado del concurso, ha valorado las 64 piezas fotogr\u00e1ficas de las siete mujeres y los dieciocho<br>hombres (25 personas en total) que se han presentado al certamen.<\/p>\n\n\n\n<p class=\"wp-block-paragraph\">En esta edici\u00f3n, se ha contado con el criterio de Concha D\u00edaz, presidenta de la FCM; Ana Pel\u00e1ez Narv\u00e1ez; vicepresidenta ejecutiva FCM; Pilar Villarino, secretaria del Patronato de la FCM y directora ejecutiva del CERMI, Marta Valencia, patrona de la FCM; Isabel Caballero coordinadora de la FCM; Ana Sastre, directora general de Infancia, Familias y Natalidad de la Comunidad de Madrid, Luis Caballero, jefe de la Unidad de Apoyo de la Direcci\u00f3n General del Instituto Nacional de la Juventud (INJUVE); Elena Jariod, responsable del \u00c1rea de programas y actividades del Real Patronato sobre Discapacidad y Antonio Sempere, fotoperiodista especializado en DDHH.<\/p>\n\n\n\n<p class=\"wp-block-paragraph\"><a href=\"http:\/\/www.fundacioncermimujeres.es\/es\">CERMI<\/a>&nbsp;arranc\u00f3 hace cinco a\u00f1os para frenar las desigualdades de g\u00e9nero en este sector de la sociedad. Desde la perspectiva de los DDHH, la organizaci\u00f3n defiende los derechos de las mujeres y ni\u00f1as con discapacidad y promueven su empoderamiento.<\/p>\n","protected":false},"excerpt":{"rendered":"<p>El 25N, con motivo del D\u00eda Internacional de la Eliminaci\u00f3n de la Violencia contra la Mujer, se inaugurar\u00e1 la muestra, que llega de la mano de FCM (Fundaci\u00f3n CERMI Mujeres)<\/p>\n","protected":false},"author":3,"featured_media":13199,"comment_status":"open","ping_status":"open","sticky":false,"template":"","format":"standard","meta":{"_monsterinsights_skip_tracking":false,"footnotes":""},"categories":[690,53],"tags":[],"class_list":["post-13198","post","type-post","status-publish","format-standard","has-post-thumbnail","category-690","category-internacional"],"_links":{"self":[{"href":"https:\/\/redsemlac.com\/semmexico\/wp-json\/wp\/v2\/posts\/13198","targetHints":{"allow":["GET"]}}],"collection":[{"href":"https:\/\/redsemlac.com\/semmexico\/wp-json\/wp\/v2\/posts"}],"about":[{"href":"https:\/\/redsemlac.com\/semmexico\/wp-json\/wp\/v2\/types\/post"}],"author":[{"embeddable":true,"href":"https:\/\/redsemlac.com\/semmexico\/wp-json\/wp\/v2\/users\/3"}],"replies":[{"embeddable":true,"href":"https:\/\/redsemlac.com\/semmexico\/wp-json\/wp\/v2\/comments?post=13198"}],"version-history":[{"count":0,"href":"https:\/\/redsemlac.com\/semmexico\/wp-json\/wp\/v2\/posts\/13198\/revisions"}],"wp:featuredmedia":[{"embeddable":true,"href":"https:\/\/redsemlac.com\/semmexico\/wp-json\/wp\/v2\/media\/13199"}],"wp:attachment":[{"href":"https:\/\/redsemlac.com\/semmexico\/wp-json\/wp\/v2\/media?parent=13198"}],"wp:term":[{"taxonomy":"category","embeddable":true,"href":"https:\/\/redsemlac.com\/semmexico\/wp-json\/wp\/v2\/categories?post=13198"},{"taxonomy":"post_tag","embeddable":true,"href":"https:\/\/redsemlac.com\/semmexico\/wp-json\/wp\/v2\/tags?post=13198"}],"curies":[{"name":"wp","href":"https:\/\/api.w.org\/{rel}","templated":true}]}}