{"id":13165,"date":"2019-10-21T21:11:15","date_gmt":"2019-10-21T21:11:15","guid":{"rendered":"https:\/\/redsemlac.com\/semmexico\/?p=13165"},"modified":"2023-07-21T15:12:43","modified_gmt":"2023-07-21T20:12:43","slug":"por-inadecuada-atencion-medica-cndh-emite-recomendacion-a-salud","status":"publish","type":"post","link":"https:\/\/redsemlac.com\/semmexico\/por-inadecuada-atencion-medica-cndh-emite-recomendacion-a-salud\/","title":{"rendered":"Por inadecuada atenci\u00f3n m\u00e9dica, CNDH emite recomendaci\u00f3n a Salud"},"content":{"rendered":"\n<p class=\"wp-block-paragraph\"><strong>*\nNo atienden a joven de 23 a\u00f1os en Hospital General de M\u00e9xico y sobrevino su\nmuerte<\/strong><\/p>\n\n\n\n<p class=\"wp-block-paragraph\"><strong>*\nEsta dirigida al secretario de Salud, Jorge Alcocer Valera<\/strong><\/p>\n\n\n\n<p class=\"wp-block-paragraph\"><strong>Redacci\u00f3n\n<\/strong><\/p>\n\n\n\n<p class=\"wp-block-paragraph\">SemM\u00e9xico, Cd. de M\u00e9xico, 21 octubre 2019.-\nUna inadecuada atenci\u00f3n m\u00e9dica a una joven mujer de 23 a\u00f1os de edad, derivo en\nuna recomendaci\u00f3n de la CHDH al secretario de Salud, Jorge Alcocer Valera.<\/p>\n\n\n\n<p class=\"wp-block-paragraph\">En un comunicado la Comisi\u00f3n Nacional de los Derechos\nHumanos (CNDH) explica que la mujer perdi\u00f3 la vida al no ser atendida de forma\nadecuada en el Hospital General de M\u00e9xico \u201cDr. Eduardo Liceaga\u201d, lo que se\ntradujo en violaciones a los derechos humanos a la protecci\u00f3n a la salud, a la\nvida y acceso a la informaci\u00f3n en materia de salud de la agraviada.<\/p>\n\n\n\n<p class=\"wp-block-paragraph\">Personal m\u00e9dico de la CNDH advirti\u00f3 que hubo\nuna mala praxis de los m\u00e9dicos que\natendieron a la v\u00edctima, ya que despu\u00e9s del estudio endosc\u00f3pico \u201cCPRE\u201d\nse report\u00f3 que cursaba con dolor abdominal generalizado, cuatro horas despu\u00e9s\nse solicitaron estudios de laboratorio, resultados que no fueron revisados y\nque evidenciaban que presentaba pancreatitis aguda y la radiograf\u00eda de abdomen\nindicaba perforaci\u00f3n intestinal, 14 horas despu\u00e9s que present\u00f3 dolor abdominal\nfue valorada y los estudios confirmaron la perforaci\u00f3n de intestino, misma que\nno fue atendida oportunamente y que contribuy\u00f3 al deterioro paulatino de la\nenfermedad hasta su desafortunado deceso.<\/p>\n\n\n\n<p class=\"wp-block-paragraph\">Asimismo, se advirti\u00f3 que el personal residente\ndurante la atenci\u00f3n a la paciente estuvo sin vigilancia ni supervisi\u00f3n de los\nm\u00e9dicos adscritos o de base de cirug\u00eda general, lo que incumple con los\nlineamientos de la Norma Oficial sobre \u201cResidencias M\u00e9dicas\u201d.<\/p>\n\n\n\n<p class=\"wp-block-paragraph\">Por ello, la CNDH recomienda al Secretario de\nSalud que, en coordinaci\u00f3n con la Comisi\u00f3n Ejecutiva de Atenci\u00f3n a V\u00edctimas, se\nrepare el da\u00f1o integralmente a los familiares que conforme a derecho\ncorresponda, que incluya una compensaci\u00f3n, atenci\u00f3n psicol\u00f3gica y tanatol\u00f3gica,\nas\u00ed como se les inscriba en el Registro Nacional de V\u00edctimas; colaborar en la\npresentaci\u00f3n y seguimiento de la queja y en la integraci\u00f3n de la Carpeta de\nInvestigaci\u00f3n por la denuncia que se presente ante el \u00d3rgano Interno de Control\nde la Secretar\u00eda de Salud y el Agente del Ministerio P\u00fablico de la Federaci\u00f3n,\nrespectivamente, contra el personal m\u00e9dico involucrado y se anexe a sus\nexpedientes laborales copia de la Recomendaci\u00f3n.<\/p>\n\n\n\n<p class=\"wp-block-paragraph\">Tambi\u00e9n, se adopten medidas efectivas de\nprevenci\u00f3n para garantizar que los expedientes cl\u00ednicos se encuentren\ndebidamente integrados conforme a las legislaciones nacional e internacional;\nasegurar la supervisi\u00f3n por m\u00e9dicos de base del personal en proceso de\nformaci\u00f3n, ya sean residentes o de servicio social, durante su capacitaci\u00f3n\ncl\u00ednica en el Hospital General de M\u00e9xico.<\/p>\n\n\n\n<p class=\"wp-block-paragraph\">Asimismo, deber\u00e1 emitir circular al personal\nm\u00e9dico involucrado en el presente asunto en que le exhorte a someterse al\nproceso de certificaci\u00f3n y recertificaci\u00f3n ante los Consejos de Especialidades\nM\u00e9dicas para que brinde adecuado servicio, as\u00ed como capacitar de manera\nintegral al personal del hospital en materia de derechos humanos y atenci\u00f3n\nm\u00e9dica; de conocimiento, manejo y observancia de las Normas Oficiales Mexicanas\nse\u00f1aladas en la Recomendaci\u00f3n.<\/p>\n\n\n\n<p class=\"wp-block-paragraph\">Finalmente, deber\u00e1 designar a una persona\nservidora p\u00fablica de alto nivel que d\u00e9 seguimiento al cumplimiento de la\nRecomendaci\u00f3n 84\/2019, que ya fue debidamente notificada a su destinario y\npuede consultarse en la p\u00e1gina <a href=\"http:\/\/www.cndh.org.mx\">www.cndh.org.mx<\/a><\/p>\n\n\n\n<p class=\"wp-block-paragraph\">SEM\/sj<strong><\/strong><\/p>\n","protected":false},"excerpt":{"rendered":"<p>Esta dirigida al secretario de Salud, Jorge Alcocer Valera<\/p>\n","protected":false},"author":3,"featured_media":13166,"comment_status":"open","ping_status":"open","sticky":false,"template":"","format":"standard","meta":{"_monsterinsights_skip_tracking":false,"footnotes":""},"categories":[690,51],"tags":[],"class_list":["post-13165","post","type-post","status-publish","format-standard","has-post-thumbnail","category-690","category-ejecutivo"],"_links":{"self":[{"href":"https:\/\/redsemlac.com\/semmexico\/wp-json\/wp\/v2\/posts\/13165","targetHints":{"allow":["GET"]}}],"collection":[{"href":"https:\/\/redsemlac.com\/semmexico\/wp-json\/wp\/v2\/posts"}],"about":[{"href":"https:\/\/redsemlac.com\/semmexico\/wp-json\/wp\/v2\/types\/post"}],"author":[{"embeddable":true,"href":"https:\/\/redsemlac.com\/semmexico\/wp-json\/wp\/v2\/users\/3"}],"replies":[{"embeddable":true,"href":"https:\/\/redsemlac.com\/semmexico\/wp-json\/wp\/v2\/comments?post=13165"}],"version-history":[{"count":0,"href":"https:\/\/redsemlac.com\/semmexico\/wp-json\/wp\/v2\/posts\/13165\/revisions"}],"wp:featuredmedia":[{"embeddable":true,"href":"https:\/\/redsemlac.com\/semmexico\/wp-json\/wp\/v2\/media\/13166"}],"wp:attachment":[{"href":"https:\/\/redsemlac.com\/semmexico\/wp-json\/wp\/v2\/media?parent=13165"}],"wp:term":[{"taxonomy":"category","embeddable":true,"href":"https:\/\/redsemlac.com\/semmexico\/wp-json\/wp\/v2\/categories?post=13165"},{"taxonomy":"post_tag","embeddable":true,"href":"https:\/\/redsemlac.com\/semmexico\/wp-json\/wp\/v2\/tags?post=13165"}],"curies":[{"name":"wp","href":"https:\/\/api.w.org\/{rel}","templated":true}]}}