{"id":13162,"date":"2019-10-21T21:02:00","date_gmt":"2019-10-21T21:02:00","guid":{"rendered":"https:\/\/redsemlac.com\/semmexico\/?p=13162"},"modified":"2023-07-21T15:12:43","modified_gmt":"2023-07-21T20:12:43","slug":"cuba-19","status":"publish","type":"post","link":"https:\/\/redsemlac.com\/semmexico\/cuba-19\/","title":{"rendered":"Cuba: Cuentos que son novela"},"content":{"rendered":"\n<p class=\"wp-block-paragraph\"><strong>* Presentan Cu\u00e9ntame una historia.\nOcho que pueden ser novela, de Sonia Rivera<\/strong><\/p>\n\n\n\n<p class=\"wp-block-paragraph\"><strong>* Cada uno de estos cuentos puede ser\nle\u00eddo, en s\u00ed mismo, por separado<\/strong><\/p>\n\n\n\n<p class=\"wp-block-paragraph\"><strong>Sara M\u00e1s<\/strong><\/p>\n\n\n\n<p class=\"wp-block-paragraph\">SemM\u00e9xico\/SEMlac,\nLa Habana, 21 octubre 2019.- La \u00faltima novela de Sonia Rivera Vald\u00e9s, escritora\ncubana radicada en Nueva York, fue presentada en La Habana el pasado 18 de octubre,\ndurante la realizaci\u00f3n del Segundo&nbsp;<a href=\"http:\/\/www.redsemlac-cuba.net\/sociedad-cultura\/fiesta-para-una-mujer-peque%C3%B1a-que-escribe-historias-grandes.html\" target=\"_blank\" rel=\"noreferrer noopener\">coloquio<\/a>&nbsp;dedicado a esta\nautora en la naci\u00f3n caribe\u00f1a.<br>\n<br>\n<\/p>\n\n\n\n<p class=\"wp-block-paragraph\">\u00abCada\nuno de estos cuentos puede ser le\u00eddo, en s\u00ed mismo, por separado. Son historias\nmuy bien contadas, que puede elegirse c\u00f3mo leerlas: si como un libro de cuentos\no como una novela\u00bb, anunci\u00f3 la fil\u00f3loga cubana Teresa de Jes\u00fas Fern\u00e1ndez,\nal referirse a la obra.<\/p>\n\n\n\n<p class=\"wp-block-paragraph\"><br>\nBajo el t\u00edtulo&nbsp;Cu\u00e9ntame una historia. Ocho que pueden ser novela, el\nt\u00edtulo se compone de ocho relatos o cap\u00edtulos que, cada uno con vida propia,\ncomponen de conjunto una novela muy peculiar.<\/p>\n\n\n\n<p class=\"wp-block-paragraph\"><br>\nLa presentaci\u00f3n fue apenas la oportunidad de intercambiar sobre la m\u00e1s reciente\ncreaci\u00f3n de la autora, que acaba de ser publicada en Estados Unidos bajo el\nsello de la Editorial Campana.<\/p>\n\n\n\n<p class=\"wp-block-paragraph\"><br>\n\u00abComo siempre, la autora abre un ciclo y lo cierra\u00bb, precis\u00f3\nFern\u00e1ndez al referirse a su memorable personaje de Marta Veneranda, que ahora\nretoma, aunque fuera creado por Rivera Vald\u00e9s hace muchos a\u00f1os para su libro\nLas historias prohibidas de Marta Veneranda, que le vali\u00f3 en 1997 el Premio\nExtraordinario de Literatura Hisp\u00e1nica en Estados Unidos convocado por Casa de\nlas Am\u00e9ricas.<\/p>\n\n\n\n<p class=\"wp-block-paragraph\"><br>\nComo en todas sus historias, la escritora va aderezando tambi\u00e9n este libro con\nboleros, reflexiones filos\u00f3ficas de la cultura oriental, junto a citas de\ngrandes escritores de la literatura inglesa y espa\u00f1ola, sostuvo Fern\u00e1ndez.\n\u00abY tambi\u00e9n tienen, sobre todo, esas reminiscencias continuas que habitan\nel mundo de Sonia y que ella misma ha confesado que est\u00e1 poblado de las\nhistorias que le cuentan otras personas\u00bb.<\/p>\n\n\n\n<p class=\"wp-block-paragraph\"><br>\nFern\u00e1ndez destac\u00f3 el<a href=\"http:\/\/www.amecopress.net\/Sonia-Rivera-Valdes-una-cubana-de-Nueva-York-que-cuenta-cuentos-en-La-Habana\" target=\"_blank\" rel=\"noreferrer noopener\">&nbsp;arte de Rivera Vald\u00e9s<\/a>&nbsp;para crear y\ndescribir atm\u00f3sferas muy bien contadas, que llegan a sus lectores con veracidad\ny magia. \u00abSonia te perturba, te transmite todo el tiempo sensaciones tan\nv\u00edvidas, que olvidas que est\u00e1s leyendo; sientes que estas dentro y formas parte\nde esa historia por la que te lleva hasta el final\u00bb.<\/p>\n\n\n\n<p class=\"wp-block-paragraph\"><br>\nEste es tambi\u00e9n un libro con m\u00fasica, acot\u00f3 la presentadora. \u00abNo solo son\nfundamentales los refranes o las citas, sino tambi\u00e9n la tragedia continua del\ntango y el dulzor melanc\u00f3lico del bolero\u00bb, sostuvo.<\/p>\n\n\n\n<p class=\"wp-block-paragraph\"><br>\nValor\u00f3, igualmente, la capacidad de la autora para \u00absaber escoger\nsabiamente las palabras sencillas que te dicen las cosas m\u00e1s profundas\u00bb,\nas\u00ed como su h\u00e1bil manejo de la lengua, en sus variantes cubana, mexicana,\npuertorrique\u00f1a o dominicana, \u00aben esa mezcla que se vive cuando se lleva\nuna ciudad cosmopolita habitada de muchas mezclas\u00bb.<\/p>\n\n\n\n<p class=\"wp-block-paragraph\"><br>\nLa fil\u00f3loga e intelectual cubana agreg\u00f3 que la autora se sit\u00faa, adem\u00e1s, en una\ntendencia que est\u00e1 muy de moda: la cuesti\u00f3n de los g\u00e9neros fluidos, de no\nencasillarse en la dicotom\u00eda hombre \/ mujer.<\/p>\n\n\n\n<p class=\"wp-block-paragraph\"><br>\n\u00abSi el algo busca el personaje de esta novela es ese amor imaginado,\nimposible, que nos pasamos la vida persiguiendo, sin importar que sea hombre o\nsea mujer\u00bb, dijo Fern\u00e1ndez.<\/p>\n\n\n\n<p class=\"wp-block-paragraph\"><br>\n\u00abLo que le interesan a Sonia y sus personajes es la esencia del amor. Ese\nes el llamado m\u00e1s importante del libro, independiente de su sabidur\u00eda: decirnos\nque somos esencialmente seres humanos y que por ello no deber\u00edamos estar\nencasillados en ninguna camisa de fuerza\u00bb, resumi\u00f3.<\/p>\n\n\n\n<p class=\"wp-block-paragraph\">Por\nsu parte, Sonia Rivera Vald\u00e9s agradeci\u00f3 la oportunidad del coloquio y de\nsiempre poder intercambiar y traer su escritura a La Habana.<\/p>\n\n\n\n<p class=\"wp-block-paragraph\"><br>\nExplic\u00f3 que algunas de las historias que aparecen en el volumen fueron escritas\nhace m\u00e1s de 20 a\u00f1os y otras son m\u00e1s recientes. Todas, dijo, fueron concebidas\ncomo cuentos, pero ella crey\u00f3 con vehemencia que pertenec\u00edan a un relato\ncoherente que se puede leer como novela, sobre todo, porque sinti\u00f3 que\n\u00abque las protagonistas comparten igual aliento de vida\u00bb.<\/p>\n\n\n\n<p class=\"wp-block-paragraph\"><br>\nHumildemente, reiter\u00f3 que sus libros est\u00e1n plagados de las historias que otras\npersonas le cuentan. \u00abSin esa gente real no existir\u00eda la que vive en estas\np\u00e1ginas\u00bb, acot\u00f3 y agradeci\u00f3 lo que alguna vez le han contado y ella ha\nllevado a la literatura. \u00abLo que me contaron o compartimos ha quedado\ngrabado en m\u00ed de manera tan indeleble que los personajes de este libro lo\nreviven cada vez que alguien lo lee\u00bb, dijo.<\/p>\n\n\n\n<p class=\"wp-block-paragraph\"><br>\nEste es el segundo Coloquio internacional que se celebra en La Habana dedicado\na la escritora Sonia Rivera Vald\u00e9s (1937), activista cultural, cr\u00edtica\nliteraria y de cine, profesora de literatura, estudios puertorrique\u00f1os y de la\nmujer en el York College, en Nueva York.<\/p>\n\n\n\n<p class=\"wp-block-paragraph\"><br>\nAutora, entre otros libros, de&nbsp;Historias de mujeres grandes y\nchiquitas&nbsp;(2003) y&nbsp;Rosas de abolengo&nbsp;(2011), Rivera Vald\u00e9s ha\npublicado tambi\u00e9n en antolog\u00edas de Cuba, Estados Unidos y Europa. En su obra\nson recurrentes el erotismo, la sexualidad, el amor, la b\u00fasqueda de la\nfelicidad y los conflictos del exilio, entre otros temas.<\/p>\n\n\n\n<p class=\"wp-block-paragraph\">En\nesta ocasi\u00f3n, el encuentro abord\u00f3 parte de su obra y de los escritores Razda\nNovak, Erik S\u00e1nchez y Paquita Su\u00e1rez Coalla.<\/p>\n\n\n\n<p class=\"wp-block-paragraph\"><br>\nEl Segundo Coloquio Sonia Rivera Vald\u00e9s fue organizado con la colaboraci\u00f3n de\nla C\u00e1tedra de la Mujer de la Universidad de la Habana, la Agencia Suiza de\nCooperaci\u00f3n y Desarrollo (Cosude), la Editorial Campa\u00f1a y Latino Artists Round\nTable (LART).<\/p>\n\n\n\n<p class=\"wp-block-paragraph\">SEM-SEMlac\/sm<\/p>\n","protected":false},"excerpt":{"rendered":"<p>Cada uno de estos cuentos puede ser le\u00eddo, en s\u00ed mismo, por separado<\/p>\n","protected":false},"author":3,"featured_media":13163,"comment_status":"open","ping_status":"open","sticky":false,"template":"","format":"standard","meta":{"_monsterinsights_skip_tracking":false,"footnotes":""},"categories":[690,53],"tags":[],"class_list":["post-13162","post","type-post","status-publish","format-standard","has-post-thumbnail","category-690","category-internacional"],"_links":{"self":[{"href":"https:\/\/redsemlac.com\/semmexico\/wp-json\/wp\/v2\/posts\/13162","targetHints":{"allow":["GET"]}}],"collection":[{"href":"https:\/\/redsemlac.com\/semmexico\/wp-json\/wp\/v2\/posts"}],"about":[{"href":"https:\/\/redsemlac.com\/semmexico\/wp-json\/wp\/v2\/types\/post"}],"author":[{"embeddable":true,"href":"https:\/\/redsemlac.com\/semmexico\/wp-json\/wp\/v2\/users\/3"}],"replies":[{"embeddable":true,"href":"https:\/\/redsemlac.com\/semmexico\/wp-json\/wp\/v2\/comments?post=13162"}],"version-history":[{"count":0,"href":"https:\/\/redsemlac.com\/semmexico\/wp-json\/wp\/v2\/posts\/13162\/revisions"}],"wp:featuredmedia":[{"embeddable":true,"href":"https:\/\/redsemlac.com\/semmexico\/wp-json\/wp\/v2\/media\/13163"}],"wp:attachment":[{"href":"https:\/\/redsemlac.com\/semmexico\/wp-json\/wp\/v2\/media?parent=13162"}],"wp:term":[{"taxonomy":"category","embeddable":true,"href":"https:\/\/redsemlac.com\/semmexico\/wp-json\/wp\/v2\/categories?post=13162"},{"taxonomy":"post_tag","embeddable":true,"href":"https:\/\/redsemlac.com\/semmexico\/wp-json\/wp\/v2\/tags?post=13162"}],"curies":[{"name":"wp","href":"https:\/\/api.w.org\/{rel}","templated":true}]}}