{"id":13159,"date":"2019-10-21T20:53:23","date_gmt":"2019-10-21T20:53:23","guid":{"rendered":"https:\/\/redsemlac.com\/semmexico\/?p=13159"},"modified":"2023-07-21T15:12:43","modified_gmt":"2023-07-21T20:12:43","slug":"chile-3","status":"publish","type":"post","link":"https:\/\/redsemlac.com\/semmexico\/chile-3\/","title":{"rendered":"Piden periodistas chilenas romper el cerco informativo"},"content":{"rendered":"\n<p class=\"wp-block-paragraph\"><strong>* Demandan informaci\u00f3n sobre personas detenidas y heridas<\/strong><\/p>\n\n\n\n<p class=\"wp-block-paragraph\"><strong>* Piden a medios abrir sus agendas, descentralizar la informaci\u00f3n y conocer\nlo que sucede en las regiones<\/strong><\/p>\n\n\n\n<p class=\"wp-block-paragraph\"><strong>Redacci\u00f3n<\/strong><\/p>\n\n\n\n<p class=\"wp-block-paragraph\">SemM\u00e9xico, Buenos Aires, Argentina,\n21 octubre 2019.- Periodistas chilenas se\u00f1alan hoy que en <a href=\"https:\/\/twitter.com\/hashtag\/EstadoEmergencia?src=hashtag_click\">#EstadoEmergencia<\/a> el\ngobierno de <a href=\"https:\/\/twitter.com\/hashtag\/Chile?src=hashtag_click\">#Chile<\/a>\nest\u00e1 obligado a proteger los derechos fundamentales contemplados en Pacto\nInternacional de Derechos Civiles y Pol\u00edticos y demandaron medidas de\nprotecci\u00f3n para las y los periodistas, as\u00ed como informaci\u00f3n sobre personas\nheridas y detenidas.<\/p>\n\n\n\n<p class=\"wp-block-paragraph\">Tambi\u00e9n piden\nque los medios de comunicaci\u00f3n informen lo que est\u00e1 realmente ocurriendo en\nSantiago de Chile, \u201cterminar con el abismo entre la agenda que est\u00e1n entregando\nlos medios de comunicaci\u00f3n masivos y la dimensi\u00f3n de la violencia estatal que\nse est\u00e1 viviendo hoy en Chile\u201d; abrir espacios a las organizaciones sociales y\npol\u00edticas, as\u00ed como descentralizar la informaci\u00f3n y recuento de lo que sucede\nen las regiones de Chile y solicitar informaci\u00f3n a las organizaciones de la\nsociedad civil.<\/p>\n\n\n\n<p class=\"wp-block-paragraph\">La petici\u00f3n,\nsecundada por la Red Internacional de Periodista con Visi\u00f3n de G\u00e9nero en\nArgentina, quienes acompa\u00f1an el reclamo de las periodistas chilenas, se\nsolidariza con ellas y pide difusi\u00f3n para romper el silencio de los medios\nhegem\u00f3nicos.&nbsp; <\/p>\n\n\n\n<p class=\"wp-block-paragraph\">Esto luego de la tercera\njornada de movilizaciones en ese pa\u00eds sudamericano, misma que inici\u00f3 con\nprotestas por el alza del precio del metro, el gobierno orden\u00f3 un toque de\nqueda que ha sido desafiado por la ciudadan\u00eda, y existe una escalada de\npersonas detenidas, Santiago de Chile, se\u00f1alan agencias, es controlado por unos\nocho mil soldados, lo que de acuerdo con medios internacionales, se asemeja a\nla dictadura pinochetista.<\/p>\n\n\n\n<p class=\"wp-block-paragraph\">En ese contexto,\nlas periodistas y comunicadoras chilenas solicitan:<\/p>\n\n\n\n<ul class=\"wp-block-list\"><li>Detalles sobre v\u00edctimas, lugares y circunstancias donde\nse produjeron los incidentes<\/li><\/ul>\n\n\n\n<ul class=\"wp-block-list\"><li>Si hay detenidas\/os o no, y si les hay \u00bfqui\u00e9nes? \u00bfEn qu\u00e9\ntribunales se est\u00e1n viendo las causas?<\/li><\/ul>\n\n\n\n<ul class=\"wp-block-list\"><li>Heridas y heridos seg\u00fan su causa, gravedad y hospitales o\nconsultorios donde se encuentran. G\u00e9nero, situaci\u00f3n migratoria, nacionalidad.<\/li><\/ul>\n\n\n\n<ul class=\"wp-block-list\"><li>Medios de comunicaci\u00f3n debiesen tener protocolos para\ngarantizar seguridad de trabajadores\/as. Periodistas y editores\/as tienen\nresponsabilidad de reducir los riesgos: chalecos antibalas, veh\u00edculos blindados,\nformaci\u00f3n obligatoria para proteger integridad f\u00edsica.<\/li><\/ul>\n\n\n\n<ul class=\"wp-block-list\"><li>Atenci\u00f3n: En enfrentamientos pol\u00edticos (o conflictos\narmados) la violencia contra las mujeres se manifiesta de manera m\u00e1s grave.\nConsecuencias de conflictos pol\u00edticos o sociales, se manifiesta de forma m\u00e1s duradera\nen DD.HH de las mujeres.<\/li><\/ul>\n\n\n\n<ul class=\"wp-block-list\"><li>En <a href=\"https:\/\/twitter.com\/hashtag\/EstadoEmergencia?src=hashtag_click\">#EstadoEmergencia<\/a> el\ngobierno de <a href=\"https:\/\/twitter.com\/hashtag\/Chile?src=hashtag_click\">#Chile<\/a>\nest\u00e1 obligado a proteger los derechos fundamentales contemplados en Pacto\nInternacional de Derechos Civiles y Pol\u00edticos<\/li><\/ul>\n\n\n\n<ul class=\"wp-block-list\"><li>Terminar con el abismo entre la agenda que est\u00e1n\nentregando los medios de comunicaci\u00f3n masivos y la dimensi\u00f3n de la violencia\nestatal que se est\u00e1 viviendo hoy en Chile. <\/li><\/ul>\n\n\n\n<ul class=\"wp-block-list\"><li>Medios de comunicaci\u00f3n deben abrir&nbsp; su pauta a las organizaciones sociales,\ngremiales y pol\u00edticas desplegadas en medio del conflicto.&nbsp;<\/li><\/ul>\n\n\n\n<ul class=\"wp-block-list\"><li>Exigimos informaci\u00f3n con enfoque de g\u00e9nero y derechos\nhumanos<\/li><\/ul>\n\n\n\n<ul class=\"wp-block-list\"><li>Hacemos un llamado al Estado y sociedad a que en estas\nsituaciones aumenta la violencia de g\u00e9nero contra mujeres en espacios p\u00fablicos\ny privados<\/li><\/ul>\n\n\n\n<ul class=\"wp-block-list\"><li>Demandamos descentralizaci\u00f3n de la informaci\u00f3n y\nrecuento de lo que sucede en las regiones de Chile y solicitar informaci\u00f3n a\nlas organizaciones de la sociedad civil.<\/li><\/ul>\n\n\n\n<p class=\"wp-block-paragraph\">SEM\/nl\/sj<\/p>\n","protected":false},"excerpt":{"rendered":"<p>Demandan informaci\u00f3n sobre personas detenidas y heridas<\/p>\n","protected":false},"author":3,"featured_media":13160,"comment_status":"open","ping_status":"open","sticky":false,"template":"","format":"standard","meta":{"_monsterinsights_skip_tracking":false,"footnotes":""},"categories":[690,53],"tags":[],"class_list":["post-13159","post","type-post","status-publish","format-standard","has-post-thumbnail","category-690","category-internacional"],"_links":{"self":[{"href":"https:\/\/redsemlac.com\/semmexico\/wp-json\/wp\/v2\/posts\/13159","targetHints":{"allow":["GET"]}}],"collection":[{"href":"https:\/\/redsemlac.com\/semmexico\/wp-json\/wp\/v2\/posts"}],"about":[{"href":"https:\/\/redsemlac.com\/semmexico\/wp-json\/wp\/v2\/types\/post"}],"author":[{"embeddable":true,"href":"https:\/\/redsemlac.com\/semmexico\/wp-json\/wp\/v2\/users\/3"}],"replies":[{"embeddable":true,"href":"https:\/\/redsemlac.com\/semmexico\/wp-json\/wp\/v2\/comments?post=13159"}],"version-history":[{"count":0,"href":"https:\/\/redsemlac.com\/semmexico\/wp-json\/wp\/v2\/posts\/13159\/revisions"}],"wp:featuredmedia":[{"embeddable":true,"href":"https:\/\/redsemlac.com\/semmexico\/wp-json\/wp\/v2\/media\/13160"}],"wp:attachment":[{"href":"https:\/\/redsemlac.com\/semmexico\/wp-json\/wp\/v2\/media?parent=13159"}],"wp:term":[{"taxonomy":"category","embeddable":true,"href":"https:\/\/redsemlac.com\/semmexico\/wp-json\/wp\/v2\/categories?post=13159"},{"taxonomy":"post_tag","embeddable":true,"href":"https:\/\/redsemlac.com\/semmexico\/wp-json\/wp\/v2\/tags?post=13159"}],"curies":[{"name":"wp","href":"https:\/\/api.w.org\/{rel}","templated":true}]}}