{"id":13156,"date":"2019-10-21T20:38:09","date_gmt":"2019-10-21T20:38:09","guid":{"rendered":"https:\/\/redsemlac.com\/semmexico\/?p=13156"},"modified":"2023-07-21T15:12:43","modified_gmt":"2023-07-21T20:12:43","slug":"iniciativa-para-perseguir-la-violencia-familiar-de-oficio","status":"publish","type":"post","link":"https:\/\/redsemlac.com\/semmexico\/iniciativa-para-perseguir-la-violencia-familiar-de-oficio\/","title":{"rendered":"Iniciativa para perseguir la violencia familiar \u201cde oficio\u201d"},"content":{"rendered":"\n<p class=\"wp-block-paragraph\"><strong>* 88.4 % de las mujeres no denuncia <\/strong><\/p>\n\n\n\n<p class=\"wp-block-paragraph\"><strong>* Mujeres mayormente maltratadas en los hogares<\/strong><\/p>\n\n\n\n<p class=\"wp-block-paragraph\"><strong>Elda Montiel<\/strong><\/p>\n\n\n\n<p class=\"wp-block-paragraph\">SemM\u00e9xico, Cd. de M\u00e9xico, 21 octubre 2019.- El 88.4 por ciento de las\nmujeres que sufren violencia familiar no denuncian, lo que hace urgente la\nmodificaci\u00f3n al art\u00edculo 343 del C\u00f3digo Federal Penal, para que este delito sea\nperseguido de oficio y se preste mayor protecci\u00f3n a las v\u00edctimas. <\/p>\n\n\n\n<p class=\"wp-block-paragraph\">La iniciativa ser\u00e1 presentada por el senador Ricardo Monreal \u00c1vila, coordinador del Grupo\nParlamentario de Morena, quien sostuvo que la violencia familiar tiene graves consecuencias\npara las v\u00edctimas que van desde crisis nerviosas, discapacidad y hasta la\nmuerte. <\/p>\n\n\n\n<p class=\"wp-block-paragraph\">Las\ndenuncias evidencian que, aunque las mujeres es la principal v\u00edctima de este\ndelito, tambi\u00e9n los hombres, las nilas y ni\u00f1os, las personas con discapacidad y\nlas personas adultas&nbsp;mayores, son afectados por este flgelo.<\/p>\n\n\n\n<p class=\"wp-block-paragraph\">Consider\u00f3 que la violencia\nfamiliar exige una mayor intervenci\u00f3n por parte de la autoridad, en beneficio\nde las v\u00edctimas y de la sociedad, situaci\u00f3n que se ha asumido en diferentes\nestados del pa\u00eds como Guanajuato, Morelos y Chiapas, y en otros ordenamientos\njur\u00eddicos internacionales como es el caso de Colombia y Uruguay, se\u00f1ala la\npropuesta.<\/p>\n\n\n\n<p class=\"wp-block-paragraph\">De acuerdo a los datos del\nSecretariado Ejecutivo del Sistema Nacional de\nSeguridad P\u00fablica durante el periodo de 2015 a 2018, los indicadores de\nviolencia familiar aumentaron de forma alarmante, con porcentajes de 100 hasta\n800 por ciento. <\/p>\n\n\n\n<p class=\"wp-block-paragraph\">En la violencia familiar el INEGI se\u00f1ala que en el 51. 4 por ciento de\nlos maltratos las v\u00edctimas son mujeres y&nbsp;25 por ciento son hombres.\n<\/p>\n\n\n\n<p class=\"wp-block-paragraph\">SEM\/em\/sj<\/p>\n","protected":false},"excerpt":{"rendered":"<p>Mujeres mayormente maltratadas en los hogares<\/p>\n","protected":false},"author":3,"featured_media":13157,"comment_status":"open","ping_status":"open","sticky":false,"template":"","format":"standard","meta":{"_monsterinsights_skip_tracking":false,"footnotes":""},"categories":[690,50],"tags":[],"class_list":["post-13156","post","type-post","status-publish","format-standard","has-post-thumbnail","category-690","category-congreso"],"_links":{"self":[{"href":"https:\/\/redsemlac.com\/semmexico\/wp-json\/wp\/v2\/posts\/13156","targetHints":{"allow":["GET"]}}],"collection":[{"href":"https:\/\/redsemlac.com\/semmexico\/wp-json\/wp\/v2\/posts"}],"about":[{"href":"https:\/\/redsemlac.com\/semmexico\/wp-json\/wp\/v2\/types\/post"}],"author":[{"embeddable":true,"href":"https:\/\/redsemlac.com\/semmexico\/wp-json\/wp\/v2\/users\/3"}],"replies":[{"embeddable":true,"href":"https:\/\/redsemlac.com\/semmexico\/wp-json\/wp\/v2\/comments?post=13156"}],"version-history":[{"count":0,"href":"https:\/\/redsemlac.com\/semmexico\/wp-json\/wp\/v2\/posts\/13156\/revisions"}],"wp:featuredmedia":[{"embeddable":true,"href":"https:\/\/redsemlac.com\/semmexico\/wp-json\/wp\/v2\/media\/13157"}],"wp:attachment":[{"href":"https:\/\/redsemlac.com\/semmexico\/wp-json\/wp\/v2\/media?parent=13156"}],"wp:term":[{"taxonomy":"category","embeddable":true,"href":"https:\/\/redsemlac.com\/semmexico\/wp-json\/wp\/v2\/categories?post=13156"},{"taxonomy":"post_tag","embeddable":true,"href":"https:\/\/redsemlac.com\/semmexico\/wp-json\/wp\/v2\/tags?post=13156"}],"curies":[{"name":"wp","href":"https:\/\/api.w.org\/{rel}","templated":true}]}}