{"id":13148,"date":"2019-10-21T20:23:53","date_gmt":"2019-10-21T20:23:53","guid":{"rendered":"https:\/\/redsemlac.com\/semmexico\/?p=13148"},"modified":"2023-07-21T15:12:43","modified_gmt":"2023-07-21T20:12:43","slug":"por-omisiones-y-dilaciones-de-fiscalia-cdmx-cndh-hace-recomendaciones","status":"publish","type":"post","link":"https:\/\/redsemlac.com\/semmexico\/por-omisiones-y-dilaciones-de-fiscalia-cdmx-cndh-hace-recomendaciones\/","title":{"rendered":"Por omisiones y dilaciones de Fiscal\u00eda Edomex, CNDH hace recomendaciones"},"content":{"rendered":"\n<p class=\"wp-block-paragraph\"><strong>* La investigaci\u00f3n a la agresi\u00f3n con \u00e1cido a una mujer estuvo cuatro\na\u00f1os sin actuaciones<\/strong><\/p>\n\n\n\n<p class=\"wp-block-paragraph\"><strong>* La Fiscal\u00eda no ha publicado el reglamento desde 2016<\/strong><\/p>\n\n\n\n<p class=\"wp-block-paragraph\"><strong>Elda Montiel <\/strong><\/p>\n\n\n\n<p class=\"wp-block-paragraph\">SemM\u00e9xico, Cd. de M\u00e9xico, 21 octubre 2019.- La\nComisi\u00f3n Nacional de los Derechos Humanos (CNDH) dirigi\u00f3 la Recomendaci\u00f3n\n85\/2019 al Fiscal General de Justicia del Estado de M\u00e9xico, Alejandro Jaime\nG\u00f3mez S\u00e1nchez, por dilaci\u00f3n y omisi\u00f3n en la debida investigaci\u00f3n con\nperspectiva de g\u00e9nero sobre el caso de una mujer de 35 a\u00f1os que fue atacada por\nsu ex pareja con \u00e1cido clorh\u00eddrico.<\/p>\n\n\n\n<p class=\"wp-block-paragraph\">Durante cuatro a\u00f1os la carpeta de Investigaci\u00f3n\nestuvo sin actuaciones ministeriales que cumplimentaran la orden de\naprehensi\u00f3n, la cual fue remitida a la Fiscal\u00eda Regional de Amecameca, sin\nobjetos e historial cl\u00ednico de la agraviada.<\/p>\n\n\n\n<p class=\"wp-block-paragraph\">Despu\u00e9s de 11 meses de haberse radicado la\ninvestigaci\u00f3n al Centro de Justicia para las Mujeres en Amecameca, personal\nministerial omiti\u00f3 realizar gestiones ante el Juez de Control y la Coordinaci\u00f3n\nde Mandamientos Judiciales, lo que deriv\u00f3 que, a la fecha, no se haya\ncumplimentado orden de aprehensi\u00f3n contra el probable responsable por las\nlesiones a la v\u00edctima.<\/p>\n\n\n\n<p class=\"wp-block-paragraph\">La CNDH recomienda al Fiscal General de Justicia\nadem\u00e1s ejecutar la orden de aprehensi\u00f3n contra la persona responsable y\ncolaborar en la queja que presente contra las 12 personas servidoras p\u00fablicas\nresponsables, anexando copia de la presente Recomendaci\u00f3n a sus expedientes\nlaborales.<\/p>\n\n\n\n<p class=\"wp-block-paragraph\">As\u00ed como reparar integralmente el da\u00f1o a las\nv\u00edctimas, brindarles atenci\u00f3n m\u00e9dica, psicol\u00f3gica o psiqui\u00e1trica e inscribirlas\nen el Registro Estatal de V\u00edctimas.<\/p>\n\n\n\n<p class=\"wp-block-paragraph\">Las investigaciones de la Comisi\u00f3n acreditaron\nviolaciones a los derechos humanos de acceso a la justicia, en su modalidad de\nprocuraci\u00f3n, y a una vida libre de violencia en agravio de la mujer, y la\nvulneraci\u00f3n del inter\u00e9s superior de la ni\u00f1ez de sus dos hijas menores de edad,\natribuibles a personal de la Fiscal\u00eda General de Justicia del Estado de M\u00e9xico.\n<\/p>\n\n\n\n<p class=\"wp-block-paragraph\"><strong>Autoridades ministeriales omisas <\/strong><\/p>\n\n\n\n<p class=\"wp-block-paragraph\">Se observ\u00f3 que la Fiscal\u00eda Estatal no consider\u00f3 ni\nbrind\u00f3 tratamiento con perspectiva de g\u00e9nero a las v\u00edctimas, tampoco les\notorgaron asesor\u00eda jur\u00eddica, atenci\u00f3n integral ni medidas de protecci\u00f3n, y a\npesar de que esa Fiscal\u00eda conoci\u00f3 desde las primeras horas de los hechos\nocurridos en 2014, integr\u00f3 solo la Nota Criminal y se alleg\u00f3 de las primeras\ndiligencias sin iniciar la Carpeta de Investigaci\u00f3n. <\/p>\n\n\n\n<p class=\"wp-block-paragraph\">Tampoco clasific\u00f3 el delito como grave, aun cuando\nexist\u00edan elementos para acreditar que la violencia hab\u00eda sido realizada por un\nhombre que era su pareja, y no tom\u00f3 en cuenta la valoraci\u00f3n de los m\u00e9dicos\ntratantes, que indicaban quemaduras de tercer grado en 12 por ciento de su\ncuerpo por qu\u00edmicos, y por el riesgo de infecciones y complicaciones que\npresentaba por \u201cpron\u00f3stico malo para la vida, funci\u00f3n y la est\u00e9tica\u201d. <\/p>\n\n\n\n<p class=\"wp-block-paragraph\">Personal ministerial dictamin\u00f3 que las lesiones no\npon\u00edan en riesgo la vida y tardaban 15 d\u00edas en sanar y dejaban cicatriz. Por\nlas omisiones de las autoridades ministeriales quedaron en estado de\nvulnerabilidad las dos personas menores de edad, a quienes a petici\u00f3n de la\nagraviada se les otorgaron medidas de seguridad. <\/p>\n\n\n\n<p class=\"wp-block-paragraph\">En su queja ante la CNDH, la agraviada refiri\u00f3 que\nen diversas ocasiones hab\u00eda sido v\u00edctima de violencia por su ex pareja, quien\nel 20 de febrero de 2014 le arroj\u00f3 \u00e1cido clorh\u00eddrico en la cara y cuerpo al\nnegarse a regresar con \u00e9l, por lo que permaneci\u00f3 casi ocho meses hospitalizada\nsin recibir informaci\u00f3n sobre el avance de las investigaciones.<\/p>\n\n\n\n<p class=\"wp-block-paragraph\">Al salir del hospital tuvo conocimiento que la\nCarpeta de Investigaci\u00f3n estaba en la Fiscal\u00eda Regional de Amecameca, donde\nacudi\u00f3 en diversas ocasiones recibiendo como respuesta que no la encontraban;\nadem\u00e1s, refiri\u00f3 que en cuatro a\u00f1os no se realiz\u00f3 alguna diligencia para\nesclarecer los hechos. <\/p>\n\n\n\n<p class=\"wp-block-paragraph\">Dentro de las recomendaciones a la Fiscal\u00eda General\ndel Estado de M\u00e9xico se le exhorta a expedir el Reglamento de la Ley de la\nFiscal\u00eda General de Justicia del Estado de M\u00e9xico, que debi\u00f3 emitirse como\nconsecuencia de la publicaci\u00f3n de la Ley de la Fiscal\u00eda General de Justicia del\nEstado de M\u00e9xico en la \u201cGaceta de Gobierno\u201d, el 9 de diciembre de 2016.<\/p>\n\n\n\n<p class=\"wp-block-paragraph\">As\u00ed como emitir circular dirigida al personal\nministerial para brindar informaci\u00f3n clara a las personas que acudan a revisar\nsu Carpeta de Investigaci\u00f3n y, en su caso, entregar copias de manera gratuita. <\/p>\n\n\n\n<p class=\"wp-block-paragraph\">Tambi\u00e9n deber\u00e1 capacitar al personal ministerial, polic\u00edas\nde investigaci\u00f3n y m\u00e9dicos legistas de la Fiscal\u00eda Estatal adscritos a\nIxtapaluca y Amecameca en derechos humanos con \u00e9nfasis sobre lineamientos para\nla debida integraci\u00f3n de hechos probablemente constituidos con perspectiva de\ng\u00e9nero.<\/p>\n\n\n\n<p class=\"wp-block-paragraph\">De acuerdo con los est\u00e1ndares internacionales, y la\naplicaci\u00f3n de protocolo y lineamientos de g\u00e9nero que ha emitido la Fiscal\u00eda\nEstatal, y sobre el Protocolo para atenci\u00f3n de usuarias y v\u00edctimas en los\nCentros de Justicia para Mujeres en M\u00e9xico y Protocolo de actuaci\u00f3n policial\ncon perspectiva de g\u00e9nero para casos de violencia contra las mujeres en el\nEstado de M\u00e9xico.<\/p>\n\n\n\n<p class=\"wp-block-paragraph\">Deber\u00e1, tambi\u00e9n, designar a una persona servidora\np\u00fablica para dar seguimiento a la Recomendaci\u00f3n 85\/2019, que ya fue debidamente\nnotificada a su destinario.<\/p>\n\n\n\n<p class=\"wp-block-paragraph\">SEM\/em\/sj<\/p>\n","protected":false},"excerpt":{"rendered":"<p>La Fiscal\u00eda no ha publicado el reglamento desde 2016<\/p>\n","protected":false},"author":3,"featured_media":13149,"comment_status":"open","ping_status":"open","sticky":false,"template":"","format":"standard","meta":{"_monsterinsights_skip_tracking":false,"footnotes":""},"categories":[690,51],"tags":[],"class_list":["post-13148","post","type-post","status-publish","format-standard","has-post-thumbnail","category-690","category-ejecutivo"],"_links":{"self":[{"href":"https:\/\/redsemlac.com\/semmexico\/wp-json\/wp\/v2\/posts\/13148","targetHints":{"allow":["GET"]}}],"collection":[{"href":"https:\/\/redsemlac.com\/semmexico\/wp-json\/wp\/v2\/posts"}],"about":[{"href":"https:\/\/redsemlac.com\/semmexico\/wp-json\/wp\/v2\/types\/post"}],"author":[{"embeddable":true,"href":"https:\/\/redsemlac.com\/semmexico\/wp-json\/wp\/v2\/users\/3"}],"replies":[{"embeddable":true,"href":"https:\/\/redsemlac.com\/semmexico\/wp-json\/wp\/v2\/comments?post=13148"}],"version-history":[{"count":0,"href":"https:\/\/redsemlac.com\/semmexico\/wp-json\/wp\/v2\/posts\/13148\/revisions"}],"wp:featuredmedia":[{"embeddable":true,"href":"https:\/\/redsemlac.com\/semmexico\/wp-json\/wp\/v2\/media\/13149"}],"wp:attachment":[{"href":"https:\/\/redsemlac.com\/semmexico\/wp-json\/wp\/v2\/media?parent=13148"}],"wp:term":[{"taxonomy":"category","embeddable":true,"href":"https:\/\/redsemlac.com\/semmexico\/wp-json\/wp\/v2\/categories?post=13148"},{"taxonomy":"post_tag","embeddable":true,"href":"https:\/\/redsemlac.com\/semmexico\/wp-json\/wp\/v2\/tags?post=13148"}],"curies":[{"name":"wp","href":"https:\/\/api.w.org\/{rel}","templated":true}]}}