{"id":13145,"date":"2019-10-21T20:18:12","date_gmt":"2019-10-21T20:18:12","guid":{"rendered":"https:\/\/redsemlac.com\/semmexico\/?p=13145"},"modified":"2023-07-21T15:12:43","modified_gmt":"2023-07-21T20:12:43","slug":"lanzan-en-change-org-carta-de-apoyo-al-trabajo-de-titular-de-conavim","status":"publish","type":"post","link":"https:\/\/redsemlac.com\/semmexico\/lanzan-en-change-org-carta-de-apoyo-al-trabajo-de-titular-de-conavim\/","title":{"rendered":"Lanzan en Change.org carta de apoyo al trabajo de titular de CONAVIM"},"content":{"rendered":"\n<p class=\"wp-block-paragraph\"><strong>*\nRespuesta a una solicitud hecha por mujeres independientes, colectivos y\norganizaciones<\/strong><\/p>\n\n\n\n<p class=\"wp-block-paragraph\"><strong>*\nLa actuaci\u00f3n de la CONAVIM no ha ido nunca en contra de lo establecido<\/strong><\/p>\n\n\n\n<p class=\"wp-block-paragraph\"><strong>Redacci\u00f3n<\/strong><\/p>\n\n\n\n<p class=\"wp-block-paragraph\">SemM\u00e9xico, Cd. de\nM\u00e9xico, 21 octubre 2019.- Mujeres diversas solicitan, a trav\u00e9s de la plataforma\ndigital change.org, apoyo al trabajo de la comisionada de la Comisi\u00f3n Nacional\npara Prevenir y Erradicar la Violencia Contra las Mujeres (CONAVIM), Candelaria\nOchoa \u00c1valos.<\/p>\n\n\n\n<p class=\"wp-block-paragraph\">Esto en respuesta a una\nsolicitud, de principios de octubre, tambi\u00e9n en una plataforma digital donde\nm\u00e1s de 150 organizaciones y colectivos, entre ellos el Observatorio Ciudadano\nNacional contra el Feminicidio, el Centro de Derechos Humanos Fray Francisco de\nVitoria, Cat\u00f3licas por el Derecho a Decidir, la Comisi\u00f3n Mexicana de Defensa y\nPromoci\u00f3n de los Derechos Humanos, Justicia para NUestras Hijas, entre otras, y\n200 activistas a t\u00edtulo personal, enviaron una carta al mandatario federal y a\nla titular de Gobernaci\u00f3n, exigiendo la renuncia de Ochoa \u00c1valos.<\/p>\n\n\n\n<p class=\"wp-block-paragraph\">La carta ahora de otras\nmujeres, dirigida al presidente Andr\u00e9s Manuel L\u00f3pez Obrador, y a la titular de\nla Secretar\u00eda de Gobernaci\u00f3n, Olga S\u00e1nchez Cordero, se\u00f1alan que esta carta es\nuna respuesta a la demanda \u201cde algunas compa\u00f1eras que solicitan la renuncia de\nla titular de la CONAVIM\u201d por lo que hacen un posicionamiento de seis puntos:<\/p>\n\n\n\n<p class=\"wp-block-paragraph\">1. A pesar de las\ninercias sociales y pol\u00edticas, la actuaci\u00f3n de la CONAVIM en los diversos\nprocesos nacionales en torno a ese tema ha destacado por su capacidad de\nconvocar a un amplio espectro de actoras y actores sociales, pol\u00edticos y\nculturales involucrados en el tema de la prevenci\u00f3n de la violencia contra las\nmujeres.<\/p>\n\n\n\n<p class=\"wp-block-paragraph\">2. Es de destacar la\ncapacidad de di\u00e1logo institucional que ha mostrado la CONAVIM frente a la\npluralidad de gobiernos estatales y municipales, as\u00ed como de presidencias de\ntribunales superiores de justicia y organismos defensores de los derechos de\nlas mujeres en los 32 estados de la Rep\u00fablica. En lugar de confrontar ha sabido\nconjuntar voluntades en la tarea de erradicar la violencia contra las mujeres.<\/p>\n\n\n\n<p class=\"wp-block-paragraph\">3. Nunca antes, como lo\nes ahora, el asunto de la prevenci\u00f3n de la violencia contra las mujeres hab\u00eda\ntenido la relevancia que ahora posee en la agenda federal (por poner un\nejemplo: el Programa Integral para Prevenir, Atender, Sancionar y Erradicar la\nviolencia contra las mujeres se integra al Programa Nacional de Derechos\nHumanos y al Programa Nacional de Desarrollo).<\/p>\n\n\n\n<p class=\"wp-block-paragraph\">4. Nunca como ahora se\nhab\u00eda logrado tal cantidad de acuerdos con los diferentes niveles y \u00f3rganos de\ngobierno para comprometer acciones en la prevenci\u00f3n de la violencia contra las\nmujeres.<\/p>\n\n\n\n<p class=\"wp-block-paragraph\">5. Por primera vez\ncontamos con un Plan Nacional de Combate a la Violencia contra las Mujeres,\nproducto de la deliberaci\u00f3n y discusi\u00f3n del m\u00e1s amplio espectro de la opini\u00f3n\np\u00fablica, organizaciones defensoras de los derechos humanos, funcionariado,\nlegisladoras y legisladores y acad\u00e9micas comprometidas con el tema.<\/p>\n\n\n\n<p class=\"wp-block-paragraph\">6. La actuaci\u00f3n de la\nCONAVIM no ha ido nunca en contra de lo establecido por la ley o las\nresoluciones judiciales; m\u00e1s a\u00fan, ha mostrado un compromiso vehemente por\nlograr la mayor transparencia y corresponsabilidad de las autoridades\ninvolucradas.<\/p>\n\n\n\n<p class=\"wp-block-paragraph\">Las personas firmantes \u2013dicen\nreconocer- la ausencia de perfiles comprometidos y con formaci\u00f3n para Prevenir,\nAtender, Sancionar y Erradicar la violencia contra las mujeres en M\u00e9xico, por\nlo que destaca y valoramos la trayectoria de la Dra. Mar\u00eda Candelaria Ochoa\n\u00c1valos como acad\u00e9mica, investigadora, legisladora, servidora p\u00fablica y experta\nen los temas de paridad, violencia en contra de las ni\u00f1as y las mujeres.<\/p>\n\n\n\n<p class=\"wp-block-paragraph\">Tambi\u00e9n\naclara que tras un proceso que inici\u00f3\nhace dos a\u00f1os, el pasado 7 de junio de 2019 la CONAVIM notific\u00f3 la improcedencia\nde una Alerta en la capital, pero dict\u00f3 17 medidas espec\u00edficas para erradicar\nla violencia contra las mujeres, mismas que el gobierno capitalino deber\u00e1\ncumplir en un lapso de seis meses para evitar el decreto.<\/p>\n\n\n\n<p class=\"wp-block-paragraph\">SEM\/sj<\/p>\n","protected":false},"excerpt":{"rendered":"<p>La actuaci\u00f3n de la CONAVIM no ha ido nunca en contra de lo establecido<\/p>\n","protected":false},"author":3,"featured_media":13146,"comment_status":"open","ping_status":"open","sticky":false,"template":"","format":"standard","meta":{"_monsterinsights_skip_tracking":false,"footnotes":""},"categories":[690,54],"tags":[],"class_list":["post-13145","post","type-post","status-publish","format-standard","has-post-thumbnail","category-690","category-mujeres"],"_links":{"self":[{"href":"https:\/\/redsemlac.com\/semmexico\/wp-json\/wp\/v2\/posts\/13145","targetHints":{"allow":["GET"]}}],"collection":[{"href":"https:\/\/redsemlac.com\/semmexico\/wp-json\/wp\/v2\/posts"}],"about":[{"href":"https:\/\/redsemlac.com\/semmexico\/wp-json\/wp\/v2\/types\/post"}],"author":[{"embeddable":true,"href":"https:\/\/redsemlac.com\/semmexico\/wp-json\/wp\/v2\/users\/3"}],"replies":[{"embeddable":true,"href":"https:\/\/redsemlac.com\/semmexico\/wp-json\/wp\/v2\/comments?post=13145"}],"version-history":[{"count":0,"href":"https:\/\/redsemlac.com\/semmexico\/wp-json\/wp\/v2\/posts\/13145\/revisions"}],"wp:featuredmedia":[{"embeddable":true,"href":"https:\/\/redsemlac.com\/semmexico\/wp-json\/wp\/v2\/media\/13146"}],"wp:attachment":[{"href":"https:\/\/redsemlac.com\/semmexico\/wp-json\/wp\/v2\/media?parent=13145"}],"wp:term":[{"taxonomy":"category","embeddable":true,"href":"https:\/\/redsemlac.com\/semmexico\/wp-json\/wp\/v2\/categories?post=13145"},{"taxonomy":"post_tag","embeddable":true,"href":"https:\/\/redsemlac.com\/semmexico\/wp-json\/wp\/v2\/tags?post=13145"}],"curies":[{"name":"wp","href":"https:\/\/api.w.org\/{rel}","templated":true}]}}