{"id":13142,"date":"2019-10-21T18:10:04","date_gmt":"2019-10-21T18:10:04","guid":{"rendered":"https:\/\/redsemlac.com\/semmexico\/?p=13142"},"modified":"2023-07-21T15:12:44","modified_gmt":"2023-07-21T20:12:44","slug":"chile-2","status":"publish","type":"post","link":"https:\/\/redsemlac.com\/semmexico\/chile-2\/","title":{"rendered":"Colegio de Periodistas llama a romper el cerco informativo instalado por la gran prensa"},"content":{"rendered":"\n<p class=\"wp-block-paragraph\"><strong>Redacci\u00f3n<\/strong><\/p>\n\n\n\n<p class=\"wp-block-paragraph\">SemM\u00e9xico\/ElCiudadano.com. Santiago de Chile. 21 de octubre 2019.- A trav\u00e9s de un comunicado p\u00fablico, el Colegio de Periodistas llam\u00f3 a \u201cparar el cerco informativo\u201d frente a la grave situaci\u00f3n que se vive actualmente en el pa\u00eds, con regiones completas con Estado de Excepci\u00f3n y Toque de Queda.<\/p>\n\n\n\n<p class=\"wp-block-paragraph\">En estas circunstancias, se\u00f1alaron, \u201cresulta imprescindible que como Colegio contribuyamos a parar el cerco informativo y pongamos a disposici\u00f3n de la ciudadan\u00eda nuestros sitios web y redes sociales, para entregar al pa\u00eds aquellas informaciones que no aparecen en la gran prensa, principalmente en los canales de televisi\u00f3n\u201d.<\/p>\n\n\n\n<p class=\"wp-block-paragraph\">\u201cPor las redes sociales, se reitera la disconformidad con el trabajo period\u00edstico y se nos interpela a cumplir con nuestro rol y compromiso social. No nos est\u00e1n pidiendo nada extraordinario, simplemente que cumplamos, no s\u00f3lo con nuestros estatutos y nuestro c\u00f3digo de \u00e9tica, sino con la esencia de nuestra profesi\u00f3n\u201d, agregaron los periodistas.<\/p>\n\n\n\n<p class=\"wp-block-paragraph\">En esa l\u00ednea, recordaron que \u201cayer interpelamos al Gobierno a terminar con el estado de excepci\u00f3n, porque no es tolerable en una sociedad democr\u00e1tica y en un Estado de Derecho. Con la misma fuerza y decisi\u00f3n, tenemos que ponernos a disposici\u00f3n de la ciudadan\u00eda para que tenga acceso a la informaci\u00f3n sobre lo que realmente est\u00e1 ocurriendo en el pa\u00eds, no s\u00f3lo relacionada con vandalismo y caos\u201d.<\/p>\n\n\n\n<p class=\"wp-block-paragraph\">\u201cLas universidades, las organizaciones sociales, la cultura y muchas otras instituciones, han emitido sendas declaraciones p\u00fablicas a las que ning\u00fan medio ha hecho referencia. Nosotros, como Colegio, debemos abrir los espacios, como lo hicieron en dictadura nuestros colegas, que hasta entregaron su vida por defender nuestros derechos\u201d, a\u00f1ade la declaraci\u00f3n.<\/p>\n\n\n\n<p class=\"wp-block-paragraph\">La presidente nacional del gremio, Margarita Pastene, dijo al respecto que \u201cs\u00f3lo a modo de ejemplo, quisiera se\u00f1alar que desde mi \u00e1mbito laboral, he recibido las declaraciones de algunos rectores de la Universidades Estatales, quienes est\u00e1n exigiendo encarecidamente al Gobierno salir lo antes posible del Estado de Emergencia, que no da la posibilidad de di\u00e1logo de los distintos actores, ni una soluci\u00f3n a este conflicto de manera r\u00e1pida y solo expone a nuestra sociedad a momentos complejos y a la polarizaci\u00f3n\u201d.<\/p>\n\n\n\n<p class=\"wp-block-paragraph\">\u201cLos rectores recuerdan que es tarea del Gobierno proponer soluciones concretas y oportunas, convocando al pa\u00eds y a los diversos actores pol\u00edticos y sociales a trabajar mancomunadamente para que los beneficios del progreso se logren prontamente con una mayor justicia social\u201d, sostuvo Pastene, quien se pregunta: \u201c\u00bfQui\u00e9n informa sobre esta postura de la universidades del Estado?, nadie. As\u00ed tambi\u00e9n recibimos convocatorias del arte, de la cultura de las organizaciones estudiantiles y gremiales\u201d.<\/p>\n\n\n\n<p class=\"wp-block-paragraph\">\u201cColegas, pong\u00e1monos al servicio de la ciudadan\u00eda. Contrarrestemos el cerco informativo. El Regional Metropolitano ha iniciado una tarea de la mayor trascendencia, al poner a disposici\u00f3n del pa\u00eds la Carta a los Periodistas, que en dictadura, se constituy\u00f3 en un ejemplo de \u00e9tica period\u00edstica. Se puede\u201d, concluye la declaraci\u00f3n del Colegio de Periodistas.<\/p>\n","protected":false},"excerpt":{"rendered":"<p>A trav\u00e9s de un comunicado p\u00fablico, el Colegio de Periodistas llam\u00f3 a \u201cparar el cerco informativo\u201d frente a la grave situaci\u00f3n que se vive actualmente en el pa\u00eds.<\/p>\n","protected":false},"author":3,"featured_media":13143,"comment_status":"open","ping_status":"open","sticky":false,"template":"","format":"standard","meta":{"_monsterinsights_skip_tracking":false,"footnotes":""},"categories":[690,55],"tags":[],"class_list":["post-13142","post","type-post","status-publish","format-standard","has-post-thumbnail","category-690","category-periodistas"],"_links":{"self":[{"href":"https:\/\/redsemlac.com\/semmexico\/wp-json\/wp\/v2\/posts\/13142","targetHints":{"allow":["GET"]}}],"collection":[{"href":"https:\/\/redsemlac.com\/semmexico\/wp-json\/wp\/v2\/posts"}],"about":[{"href":"https:\/\/redsemlac.com\/semmexico\/wp-json\/wp\/v2\/types\/post"}],"author":[{"embeddable":true,"href":"https:\/\/redsemlac.com\/semmexico\/wp-json\/wp\/v2\/users\/3"}],"replies":[{"embeddable":true,"href":"https:\/\/redsemlac.com\/semmexico\/wp-json\/wp\/v2\/comments?post=13142"}],"version-history":[{"count":0,"href":"https:\/\/redsemlac.com\/semmexico\/wp-json\/wp\/v2\/posts\/13142\/revisions"}],"wp:featuredmedia":[{"embeddable":true,"href":"https:\/\/redsemlac.com\/semmexico\/wp-json\/wp\/v2\/media\/13143"}],"wp:attachment":[{"href":"https:\/\/redsemlac.com\/semmexico\/wp-json\/wp\/v2\/media?parent=13142"}],"wp:term":[{"taxonomy":"category","embeddable":true,"href":"https:\/\/redsemlac.com\/semmexico\/wp-json\/wp\/v2\/categories?post=13142"},{"taxonomy":"post_tag","embeddable":true,"href":"https:\/\/redsemlac.com\/semmexico\/wp-json\/wp\/v2\/tags?post=13142"}],"curies":[{"name":"wp","href":"https:\/\/api.w.org\/{rel}","templated":true}]}}