{"id":13127,"date":"2019-10-21T17:27:50","date_gmt":"2019-10-21T17:27:50","guid":{"rendered":"https:\/\/redsemlac.com\/semmexico\/?p=13127"},"modified":"2023-07-21T15:12:44","modified_gmt":"2023-07-21T20:12:44","slug":"opinion-176","status":"publish","type":"post","link":"https:\/\/redsemlac.com\/semmexico\/opinion-176\/","title":{"rendered":"Miradas de reportero"},"content":{"rendered":"\n<h2 class=\"wp-block-heading\">Julia, Jos\u00e9 Luis, Jes\u00fas y los nuevos estrujones al periodismo cultural<\/h2>\n\n\n\n<p class=\"wp-block-paragraph\"><strong>* La coincidencia en esos problemas hizo que el hilo conductor del\nconversatorio<\/strong><\/p>\n\n\n\n<p class=\"wp-block-paragraph\"><strong>Rogelio Hern\u00e1ndez L\u00f3pez<\/strong><\/p>\n\n\n\n<p class=\"wp-block-paragraph\">SemM\u00e9xico, 21 octubre 2019.- Recibir la invitaci\u00f3n\nal conversatorio sobre periodismo y literatura en El Palacio de Bellas Artes le\nprovoc\u00f3 curiosidad morbosa. \u00c9l, observador del periodismo pol\u00edtico por cuatro\nd\u00e9cadas decidi\u00f3 ir con intenci\u00f3n un tanto insana de verificar si los reporteros\nde la cultura padecen las mismos amargos del periodismo mexicano. Y, parece que\nles va peor.<\/p>\n\n\n\n<p class=\"wp-block-paragraph\">El reportero intruso escuch\u00f3 con atenci\u00f3n a esos\ntres veteranos y percibi\u00f3 que hay dos nuevos estrujones a lo que ya era\nmenosprecio para el periodismo cultural de pol\u00edticos y empresarios de los\nmedios:<\/p>\n\n\n\n<p class=\"wp-block-paragraph\">Uno. La desestima a esta especialidad del periodismo\ncreci\u00f3 m\u00e1s por la disminuci\u00f3n del gasto publicitario en impresos acelerado por\nlos dr\u00e1sticos recortes al gasto p\u00fablico en esos espacios: sigue el cierre de\nsecciones culturales, los recortes de p\u00e1ginas y de espacios para contenidos\namplios. Son muy pocas las iniciativas para nuevas publicaciones. Cada vez hay\nmenos plazas de trabajo.<\/p>\n\n\n\n<p class=\"wp-block-paragraph\">Dos. el proceso de lo anal\u00f3gico a lo digital, con\nsus nuevos formatos radicalizaron lo superficial y belicoso en las redes\nsociales, eso que el periodista espa\u00f1ol Juan Luis Cebri\u00e1n calific\u00f3 como el\ninfort\u00e1culo. M\u00e1s menosprecio y p\u00e9rdida de p\u00fablicos en los temas culturales.<\/p>\n\n\n\n<p class=\"wp-block-paragraph\">La coincidencia en esos problemas hizo que el hilo\nconductor del conversatorio se diluyera en perfilar algunos restos del\nperiodismo cultural.<\/p>\n\n\n\n<p class=\"wp-block-paragraph\"><strong>Tres expertos despreciados<\/strong><\/p>\n\n\n\n<p class=\"wp-block-paragraph\">La Sala Adamo Boarien, en el s\u00f3tano izquierdo del\nPalacio de Bellas Artes, tiene capacidad para cien personas, pero llegamos\nnueve, aparte de los tres expositores y la moderadora Yanet Aguilar Sosa, la\nreportera de la secci\u00f3n cultural de El Universal.<\/p>\n\n\n\n<p class=\"wp-block-paragraph\">&#8212; \u00bfPor qu\u00e9 hay tan poca asistencia? &#8212; Inquiri\u00f3 el\nreportero entremetido al organizador, de la coordinaci\u00f3n de literatura del\nINBA, Jaimeduardo Garc\u00eda. <\/p>\n\n\n\n<p class=\"wp-block-paragraph\">&#8212; Hicimos invitaciones suficientes y la difusi\u00f3n\nnormal. Considero que est\u00e1 la feria del libro de El Z\u00f3calo y varios foros para\npresentar libros\u2014respondi\u00f3 Jaimeduardo.<\/p>\n\n\n\n<figure class=\"wp-block-image\"><img decoding=\"async\" src=\"https:\/\/redsemlac.com\/semmexico\/wp-content\/uploads\/2019\/10\/rogelio-3-1024x576.jpg\" alt=\"\" class=\"wp-image-13128\"\/><\/figure>\n\n\n\n<p class=\"wp-block-paragraph\">&nbsp;\u2013 Pues all\u00e1\nlos que se enteraron y despreciaron a estos tres expositores que son de lo\nmejor del reporterismo cultural &#8211;le resalt\u00f3 el reportero de pol\u00edticas.<\/p>\n\n\n\n<p class=\"wp-block-paragraph\">Julia Santiba\u00f1ez, es una capitalina harto\ncapacitada: licenciada en Letras Hisp\u00e1nicas, maestra en Literatura Comparada,\ncolaboradora en revistas, de varios suplementos en La Raz\u00f3n y Puntos y Comas,\ndel portal sin embargo.mx, autora de siete libros\u2026y mucho m\u00e1s.<\/p>\n\n\n\n<p class=\"wp-block-paragraph\">El veracruzano Jes\u00fas Alejo Santiago, presumi\u00f3: \u201cYo\ns\u00f3lo soy reportero\u201d y ciertamente debe ser de los m\u00e1s veteranos en la fuente\ndesde que egres\u00f3 de la FES-Arag\u00f3n (UNAM). Est\u00e1 en Radio Educaci\u00f3n desde 1994,\nfue residente en Radio Francia Internacional, en 2003 recibi\u00f3 el Friedrich\nEbert. Es de los antiguos en Milenio, colabora en Radiorama y Radio Capital.\nCoordin\u00f3 el libro <em>Ritos y retos del oficio<\/em>, una especie de balance del\nperiodismo cultural.<\/p>\n\n\n\n<p class=\"wp-block-paragraph\">Jos\u00e9 Luis Mart\u00ednez S. otro capitalino es ampliamente\nconocido en ese submundo de la cultura y el periodismo porque desde los 24 a\u00f1os\n(1979) escribe sobre m\u00fasica, literatura y cr\u00f3nicas amenas en peri\u00f3dicos y\nrevistas, fue editor en el Instituto de Investigaciones Est\u00e9ticas de la UNAM,\ncoautor de dos libros y autor de otros dos, docente en FES-Arag\u00f3n (UNAM) y en\nla Carlos Septi\u00e9n. Dirige el suplemento cultural Laberinto de Milenio Diario.\nSu columna, El Santo Oficio, una de las m\u00e1s le\u00eddas.<\/p>\n\n\n\n<p class=\"wp-block-paragraph\"><strong>Sus enfoques <\/strong><\/p>\n\n\n\n<p class=\"wp-block-paragraph\">Las intervenciones individuales debieron ser de\napenas 15 minutos, por el reglamento del lugar. <\/p>\n\n\n\n<p class=\"wp-block-paragraph\">Julia, hizo una relampagueante cronolog\u00eda de las y\nlos literatos en el periodismo desde Ignacio Manuel Altamirano, pasando por\nAmado Nervo hasta que lleg\u00f3 a los suplementos y revistas hoy conocidas Vuelta,\nPlural, El B\u00faho, S\u00e1bado, Laberinto\u2026 <\/p>\n\n\n\n<figure class=\"wp-block-image\"><img decoding=\"async\" src=\"https:\/\/redsemlac.com\/semmexico\/wp-content\/uploads\/2019\/10\/rogelio-4-1024x576.jpg\" alt=\"\" class=\"wp-image-13129\"\/><\/figure>\n\n\n\n<p class=\"wp-block-paragraph\">Lo distintos momentos describi\u00f3 problemas y retos\ndel periodismo cultural: \u201cRecortes a de presupuesto a la cultura\u2026Medios que\nrecortan y no pagan (\u201cno cedamos a que no nos paguen\u201d)\u2026 Las plataformas\ndigitales afectan la credibilidad\u2026 Es necesario encontrar nuevos lectores con\ncontenidos relevantes y abordajes novedosos de los temas, quiz\u00e1 trillados;\nencontrar maneras de acceder a las redes sociales; difundir con otros recursos\ncomo videos, hiperv\u00ednculos\u2026\u201d<\/p>\n\n\n\n<p class=\"wp-block-paragraph\">Jes\u00fas, agradeci\u00f3 que Julia hiciera el resumen de\nperiodistas escritores y \u201cya no tengo que decirlo\u201d. Problemas y retos. \u201cFaltan\nespacios y en los pocos que hay en los peri\u00f3dicos no nos leen, creo que tampoco\nen los tel\u00e9fonos\u2026 Si necesitamos contenidos atractivos en las nuevas\nplataformas\u2026 Hacer lo visual, terminar de pasar de los anal\u00f3gico a lo digital,\naunque hay trampas que no garantizan la difusi\u00f3n como los algoritmos, hacer de\nlas noticias espect\u00e1culos, los textos cortos que no explican\u2026 La mercadotecnia\nse impone a los lectores. \u00bfHasta qu\u00e9 punto pensamos en los lectores?<\/p>\n\n\n\n<p class=\"wp-block-paragraph\">Jos\u00e9 Luis. Frente a los problemas de disminuci\u00f3n de\nrecursos para la cultura, el periodismo cultural y la preeminencia de las redes\nsociales pregunt\u00f3 \u201c\u00bfLos lectores pueden pagar por los contenidos que les\nofrecemos? \u2026 Hay retroceso en los impresos\u2026 Lo que hacemos es no arriesgar,\nhacemos lo que nos parece que interesa, lo que vende\u2026 El tr\u00e1nsito de cambio es\nlento\u2026 El gran reto, como conservamos a nuestros lectores e incorporamos\nnuevos\u2026 Siempre habr\u00e1 historias. Y el otro reto es c\u00f3mo presentarlas\u201d. <\/p>\n\n\n\n<p class=\"wp-block-paragraph\"><strong>Los problemas viejos<\/strong><\/p>\n\n\n\n<p class=\"wp-block-paragraph\">No abordaron, por falta de tiempo. otros negativos\nmuy antiguos, casi estructurales, en el periodismo cultural.<\/p>\n\n\n\n<p class=\"wp-block-paragraph\">En 2002 el periodista Juan Jos\u00e9 T\u00e9llez hizo un\nresumen de la situaci\u00f3n de los periodistas de habla hispana durante el XVI\nCongreso de Literatura Espa\u00f1ola: \u201c\u2026me preocupa sobremanera la precariedad\nlaboral que existe hoy d\u00eda en los medios de comunicaci\u00f3n, la estrechez de miras\nque impide en buena medida que los periodistas, en general, puedan ejercer con\nmayor serenidad su oficio; \u2026\u201d<\/p>\n\n\n\n<p class=\"wp-block-paragraph\">En 2012, El financiero present\u00f3 reuni\u00f3 a 12\nperiodistas de cultura, poetas, m\u00fasicos y escritores. Y el medio ambiente que\ndescribieron refleja que persist\u00edan la mayor\u00eda los males del periodismo\ncultural:<\/p>\n\n\n\n<p class=\"wp-block-paragraph\">\u201cErr\u00f3neamente suele entend\u00e9rsele s\u00f3lo como\ndocumentador de las \u00abbellas artes\u00bb, pero es m\u00e1s amplio, en una idea\ntambi\u00e9n cercana a la antropolog\u00eda. Pese a ello, predomina la visi\u00f3n estrecha,\nilustrada, de que el periodismo cultural gira en torno de la gente erudita,\n\u00abculta\u00bb (Arturo Jim\u00e9nez. La Jornada). <\/p>\n\n\n\n<p class=\"wp-block-paragraph\">\u201cEs preocupante ver c\u00f3mo cada vez se reducen m\u00e1s los\nespacios destinados a temas culturales. O, peor a\u00fan, siguiendo la l\u00f3gica de la\npol\u00edtica mexicana le dan mayor importancia al espect\u00e1culo\u2026. me ha tocado\nescuchar a due\u00f1os y directivos de varias publicaciones decir: \u00abLa cultura\nno nos acarrea ning\u00fan beneficio, porque no hay anunciantes\u00bb. (Ren\u00e9 Avil\u00e9s\nFabila, director de El B\u00faho).<\/p>\n\n\n\n<p class=\"wp-block-paragraph\">\u201cHe sido reportero. S\u00e9 de lo que hablo. Comenc\u00e9 como\ntal hace 35 a\u00f1os. Hice talacha period\u00edstica. Cubr\u00ed las fuentes de cultura, educaci\u00f3n\ne informaci\u00f3n general, y he visto c\u00f3mo se ha venido derrumbando el medio\nperiod\u00edstico cultural\u2026 Hoy los peri\u00f3dicos publican p\u00e1ginas enteras como\nadelantos de libros que no son otra cosa que publirreportajes&#8230; Las secciones\nde Cultura cada vez publican notas m\u00e1s abreviadas, imitando el lenguaje y los\nformatos de Internet\u201d (Juan Domingo Arg\u00fcelles, periodistas y poeta).<\/p>\n\n\n\n<p class=\"wp-block-paragraph\">\u201cHace rato han desaparecido secciones, p\u00e1ginas,\nsuplementos y revistas culturales. Son pocas las que han resistido el paso del tiempo,\nel peso de la burocracia, la falta de apoyo, la ignorancia de quienes manejan\nlos impresos -ya sabemos que en los medios audiovisuales la situaci\u00f3n es peor\u2026\n(Mel\u00e9ndez Preciado, periodista y acad\u00e9mico).<\/p>\n","protected":false},"excerpt":{"rendered":"<p>Julia, Jos\u00e9 Luis, Jes\u00fas y los nuevos estrujones al periodismo cultural<\/p>\n","protected":false},"author":3,"featured_media":8473,"comment_status":"open","ping_status":"open","sticky":false,"template":"","format":"standard","meta":{"_monsterinsights_skip_tracking":false,"footnotes":""},"categories":[690,106,85],"tags":[],"class_list":["post-13127","post","type-post","status-publish","format-standard","has-post-thumbnail","category-690","category-mirada-de-reportero","category-rogelio-hernandez-lopez"],"_links":{"self":[{"href":"https:\/\/redsemlac.com\/semmexico\/wp-json\/wp\/v2\/posts\/13127","targetHints":{"allow":["GET"]}}],"collection":[{"href":"https:\/\/redsemlac.com\/semmexico\/wp-json\/wp\/v2\/posts"}],"about":[{"href":"https:\/\/redsemlac.com\/semmexico\/wp-json\/wp\/v2\/types\/post"}],"author":[{"embeddable":true,"href":"https:\/\/redsemlac.com\/semmexico\/wp-json\/wp\/v2\/users\/3"}],"replies":[{"embeddable":true,"href":"https:\/\/redsemlac.com\/semmexico\/wp-json\/wp\/v2\/comments?post=13127"}],"version-history":[{"count":0,"href":"https:\/\/redsemlac.com\/semmexico\/wp-json\/wp\/v2\/posts\/13127\/revisions"}],"wp:featuredmedia":[{"embeddable":true,"href":"https:\/\/redsemlac.com\/semmexico\/wp-json\/wp\/v2\/media\/8473"}],"wp:attachment":[{"href":"https:\/\/redsemlac.com\/semmexico\/wp-json\/wp\/v2\/media?parent=13127"}],"wp:term":[{"taxonomy":"category","embeddable":true,"href":"https:\/\/redsemlac.com\/semmexico\/wp-json\/wp\/v2\/categories?post=13127"},{"taxonomy":"post_tag","embeddable":true,"href":"https:\/\/redsemlac.com\/semmexico\/wp-json\/wp\/v2\/tags?post=13127"}],"curies":[{"name":"wp","href":"https:\/\/api.w.org\/{rel}","templated":true}]}}