{"id":13121,"date":"2019-10-19T23:37:57","date_gmt":"2019-10-19T23:37:57","guid":{"rendered":"https:\/\/redsemlac.com\/semmexico\/?p=13121"},"modified":"2023-07-21T15:12:44","modified_gmt":"2023-07-21T20:12:44","slug":"opinion-174","status":"publish","type":"post","link":"https:\/\/redsemlac.com\/semmexico\/opinion-174\/","title":{"rendered":"La violencia obst\u00e9trica, un an\u00e1lisis internacional"},"content":{"rendered":"\n<p class=\"wp-block-paragraph\"><strong> Claudia Almaguer <\/strong><\/p>\n\n\n\n<p class=\"wp-block-paragraph\">SemM\u00e9xico. 19 de octubre 2019.- El pasado mes de agosto durante lo que fue el Foro Interdisciplinario para Prevenir y Atender la Violencia Obst\u00e9trica que hubo en San Luis Potos\u00ed, convergieron distintas perspectivas para enfrentar este problema relacionado a los derechos sexuales y reproductivos de las mujeres y a la salud materna. Desde luego que las propuestas m\u00e1s nutricias partieron desde el reconocimiento de su existencia en los \u00e1mbitos de la atenci\u00f3n a las mujeres, y es que dif\u00edcilmente pueden surgir las ideas desde la negaci\u00f3n o la minimizaci\u00f3n del fen\u00f3meno.<\/p>\n\n\n\n<p class=\"wp-block-paragraph\">\u00bfPor qu\u00e9 hablar de violencia obst\u00e9trica y no de violencia oft\u00e1lmica? Se lleg\u00f3 a cuestionar, esto &nbsp;ya devela por lo menos desde qu\u00e9 nociones de perspectiva de g\u00e9nero parten las preguntas y lo indispensable que es ser conscientes que la salud de las mujeres durante el embarazo el parto y el puerperio no son territorios as\u00e9pticos de la aplicaci\u00f3n de estereotipos y de prejuicios que devienen en claros usos y costumbres en los que no se las toma en cuenta as\u00ed como en agresiones que dejan secuelas irreconciliables con el ejercicio y pleno goce de sus derechos humanos.<\/p>\n\n\n\n<p class=\"wp-block-paragraph\">Muy por el contrario de a quien no le guste el t\u00e9rmino recientemente ha sido ya aplicado a una primera investigaci\u00f3n de la Organizaci\u00f3n de las Naciones Unidas denominada \u201cInforme de la Relatora Especial sobre la Violencia contra la Mujer, sus causas y consecuencias acerca de un enfoque basado en los derechos humanos del maltrato y la violencia contra la mujer en los servicios de salud reproductiva, con especial hincapi\u00e9 en la atenci\u00f3n del parto y la violencia obst\u00e9trica\u201d un documento que devela algunas de las pr\u00e1cticas que ya se han identificado tanto en M\u00e9xico como en otros pa\u00edses.<\/p>\n\n\n\n<p class=\"wp-block-paragraph\">Precisamente, la Relatora&nbsp; Dubravka \u0160imonovi\u0107 expuso ante la Asamblea General de la ONU datos fundamentales, reconociendo que las mujeres tienen derecho a recibir una atenci\u00f3n digna, respetuosa, libre de violencia y malos tratos tal y como se ha establecido en diferentes instrumentos del derecho internacional pero que \u00e9sta no es su realidad cotidiana dadas las diversas manifestaciones de violencia obst\u00e9trica definida all\u00ed como la que padecen las mujeres durante la atenci\u00f3n del parto en los centros de salud y que constituye una pr\u00e1ctica arraigada y generalizada.<\/p>\n\n\n\n<p class=\"wp-block-paragraph\">Algunas de las manifestaciones encontradas y descritas en el informe que adem\u00e1s son consideradas tal cual violaciones a los derechos humanos y formas de tortura son t\u00e9cnicas como la sinfisiotom\u00eda que consiste en la separaci\u00f3n y ampliaci\u00f3n quir\u00fargicas de la pelvis, o la episotom\u00eda un corte profundo en el perineo de la mujer que de acuerdo al documento en M\u00e9xico oscila entre el 30% de las mujeres que dan a luz de forma vaginal y que da pie a otra agresi\u00f3n machista conocida como los \u201cpuntos para el marido\u201d ese procedimiento de sutura que aplica m\u00e1s puntos de los necesarios para la satisfacci\u00f3n sexual del esposo.<\/p>\n\n\n\n<p class=\"wp-block-paragraph\">Respecto a las pr\u00e1cticas discriminatorias estas van desde las humillaciones que reciben las mujeres que viven en condiciones de pobreza, que no saben leer y escribir o que viven en zonas rurales por parte de personal sanitario en todo el mundo, hasta formas de violencia obst\u00e9trica que s\u00ed constituyen un delito como la esterilizaci\u00f3n y el aborto forzado que se realizan principalmente a mujeres pertenecientes a grupos minoritarios como las mujeres roman\u00edes, ind\u00edgenas, las que viven con alguna discapacidad o con VIH de las que se se\u00f1ala que no son \u201cdignas\u201d o que no son capaces de ser \u201cbuenas madres\u201d y que suelen ser enga\u00f1adas o amenazadas para la toma de consentimiento.<\/p>\n\n\n\n<p class=\"wp-block-paragraph\">Dicho consentimiento no es tal indica la experta: \u201cse ignora completamente el concepto de la atenci\u00f3n centrada en la mujer y los conceptos de elecci\u00f3n libre y consentimiento informado no han sido asimilados en la cultura m\u00e9dica paternalista que impregna el \u00e1mbito de la obstetricia\u201d. Puede parecer de sentido com\u00fan que no se trata s\u00f3lo de que las mujeres firmen en un papel sino a que se les proporcione informaci\u00f3n comprensible, accesible y adecuada, no obstante se registr\u00f3 inclusive en pa\u00edses de primer mundo que se les dan los formularios de consentimiento durante las contracciones o el alumbramiento.<\/p>\n\n\n\n<p class=\"wp-block-paragraph\">Muchas de estas costumbres perniciosas est\u00e1n vinculadas a las malas condiciones de trabajo de los profesionales de la salud, la falta de formaci\u00f3n, los bajos salarios, las largas jornadas y las carencias desde luego que coadyuvan a que las mujeres reciban malos tratos, pero tambi\u00e9n queda claro en el informe que hay conveniencias que no pueden encontrar justificaciones como sucede con el excesivo uso de la ces\u00e1rea que est\u00e1 sustituyendo al parto vaginal en Am\u00e9rica y Europa, lo que no es una necesidad sino un aprovechamiento de costos y de tiempo dado que estos procedimientos suelen programarse en d\u00edas laborales en donde los m\u00e9dicos cobran honorarios m\u00e1s altos a las aseguradoras.<\/p>\n\n\n\n<p class=\"wp-block-paragraph\">Pero tambi\u00e9n encontramos que a nivel mundial (si, tambi\u00e9n M\u00e9xico) hay estereotipos de g\u00e9nero en el \u00e1mbito de la salud y cito:\u00a0\u201cEstos estereotipos surgen de solidas convicciones religiosas, sociales y culturales y de las ideas sobre la sexualidad, el embarazo y la maternidad. Estos estereotipos nocivos se justifican adem\u00e1s con la creencia de que el parto es un acontecimiento que exige el sufrimiento de la mujer. A la mujeres se les dice que est\u00e9n felices por tener un ni\u00f1o sano, sin valorar su salud f\u00edsica y su equilibrio emocional.\u201d\u00a0\u00a0<\/p>\n\n\n\n<p class=\"wp-block-paragraph\">Y desde luego las recomendaciones para combatir estas pr\u00e1cticas nocivas para la autonom\u00eda de las mujeres, que retomaremos la pr\u00f3xima semana, van mucho m\u00e1s all\u00e1 de la tipificaci\u00f3n y son mucho m\u00e1s integrales y creativas. A m\u00e1s ver.<\/p>\n","protected":false},"excerpt":{"rendered":"<p>\u00bfPor qu\u00e9 hablar de violencia obst\u00e9trica y no de violencia oft\u00e1lmica?<\/p>\n","protected":false},"author":3,"featured_media":13122,"comment_status":"open","ping_status":"open","sticky":false,"template":"","format":"standard","meta":{"_monsterinsights_skip_tracking":false,"footnotes":""},"categories":[690,82,110],"tags":[],"class_list":["post-13121","post","type-post","status-publish","format-standard","has-post-thumbnail","category-690","category-la-opinion","category-la-opinion-columnas"],"_links":{"self":[{"href":"https:\/\/redsemlac.com\/semmexico\/wp-json\/wp\/v2\/posts\/13121","targetHints":{"allow":["GET"]}}],"collection":[{"href":"https:\/\/redsemlac.com\/semmexico\/wp-json\/wp\/v2\/posts"}],"about":[{"href":"https:\/\/redsemlac.com\/semmexico\/wp-json\/wp\/v2\/types\/post"}],"author":[{"embeddable":true,"href":"https:\/\/redsemlac.com\/semmexico\/wp-json\/wp\/v2\/users\/3"}],"replies":[{"embeddable":true,"href":"https:\/\/redsemlac.com\/semmexico\/wp-json\/wp\/v2\/comments?post=13121"}],"version-history":[{"count":0,"href":"https:\/\/redsemlac.com\/semmexico\/wp-json\/wp\/v2\/posts\/13121\/revisions"}],"wp:featuredmedia":[{"embeddable":true,"href":"https:\/\/redsemlac.com\/semmexico\/wp-json\/wp\/v2\/media\/13122"}],"wp:attachment":[{"href":"https:\/\/redsemlac.com\/semmexico\/wp-json\/wp\/v2\/media?parent=13121"}],"wp:term":[{"taxonomy":"category","embeddable":true,"href":"https:\/\/redsemlac.com\/semmexico\/wp-json\/wp\/v2\/categories?post=13121"},{"taxonomy":"post_tag","embeddable":true,"href":"https:\/\/redsemlac.com\/semmexico\/wp-json\/wp\/v2\/tags?post=13121"}],"curies":[{"name":"wp","href":"https:\/\/api.w.org\/{rel}","templated":true}]}}