{"id":13118,"date":"2019-10-19T23:27:08","date_gmt":"2019-10-19T23:27:08","guid":{"rendered":"https:\/\/redsemlac.com\/semmexico\/?p=13118"},"modified":"2023-07-21T15:12:44","modified_gmt":"2023-07-21T20:12:44","slug":"opinion-173","status":"publish","type":"post","link":"https:\/\/redsemlac.com\/semmexico\/opinion-173\/","title":{"rendered":"El Nobel a Esther Duflo premia una revoluci\u00f3n en econom\u00eda"},"content":{"rendered":"\n<ul class=\"wp-block-list\"><li><strong>Duflo es la persona m\u00e1s joven y apenas la segunda mujer en ganar el Nobel de econom\u00eda <\/strong><\/li><\/ul>\n\n\n\n<p class=\"wp-block-paragraph\"><strong>Eugenio Fern\u00e1ndez V\u00e1zquez<\/strong><\/p>\n\n\n\n<p class=\"wp-block-paragraph\">SemM\u00e9xico. Agencia IPS. Ciudad de M\u00e9xico.<strong> <\/strong>19 de octubre 2019- El lunes 14 se anunci\u00f3 que Esther\u00a0Duflo, la gran estudiosa de la econom\u00eda de la pobreza y de las pol\u00edticas p\u00fablicas, gan\u00f3 el Premio Nobel de Econom\u00eda. La Academia Sueca explic\u00f3 que tom\u00f3 su decisi\u00f3n por \u201cel enfoque experimental del combate a la pobreza\u201d que Duflo, su colega Abhijit Banerjee y Michael Kremer han usado e impulsado en las \u00faltimas dos o tres d\u00e9cadas.<\/p>\n\n\n\n<p class=\"wp-block-paragraph\">Duflo es la persona m\u00e1s joven y apenas la segunda mujer en ganar el Nobel de econom\u00eda, y de hecho tiene mucho en com\u00fan con Elinor Ostrom, la primera en recibir el galard\u00f3n.<\/p>\n\n\n\n<p class=\"wp-block-paragraph\">Igual que ella, ha sido la abanderada no solo de un nuevo enfoque para la econom\u00eda, sino de nuevas tem\u00e1ticas y nuevas dimensiones de esa disciplina, que contribuyen a anclarla a lo terrenal, a lo real.<\/p>\n\n\n\n<p class=\"wp-block-paragraph\">Tanto Ostrom como Duflo se han ocupado de temas que han quedado tradicionalmente de lado en la ciencia econ\u00f3mica: la acci\u00f3n colectiva y la pobreza, respectivamente.<\/p>\n\n\n\n<p class=\"wp-block-paragraph\">No es de extra\u00f1ar que hayan sido mujeres las premiadas por ello, pues son dos \u00e1reas que solo se pueden entender a cabalidad desde perspectivas feminizadas, por lo que tienen de ancladas en la tierra y en la vida cotidiana, y por lo que implican de atenci\u00f3n al cuidado, la solidaridad y los v\u00ednculos con el otro, algo muy ajeno a la sensibilidad heteropatriarcal.<\/p>\n\n\n\n<p class=\"wp-block-paragraph\">Uno de los art\u00edculos que lanz\u00f3 a la francesa Duflo al estrellato\u00a0explic\u00f3 justamente c\u00f3mo la presencia de mujeres en la pol\u00edtica cambia la forma en que esta se ejerce y los temas a los que se da importancia.<\/p>\n\n\n\n<p class=\"wp-block-paragraph\">Se trata de un estudio en el que ella y Raghabendra Chattopadhyay mostraron que en India las alcaldesas daban prioridad a temas relacionados con tareas asignadas a las mujeres, como la infraestructura vinculada al agua, al contrario que los hombres.<\/p>\n\n\n\n<p class=\"wp-block-paragraph\">Algo similar ocurre en todas partes y a todos los niveles.<\/p>\n\n\n\n<p class=\"wp-block-paragraph\">La econom\u00eda \u2013que, como todas las disciplinas, es dominada por hombres desde siempre- se ha ocupado poco de aspectos \u201cfemeninos\u201d de la forma en que las sociedades lidiamos con la escasez de recursos y de la vida en general.<\/p>\n\n\n\n<p class=\"wp-block-paragraph\">Siendo que las mujeres tradicionalmente han sido las que lidian con la reproducci\u00f3n y los cuidados, y las que m\u00e1s padecen la pobreza y sus violencias, estos elementos fundamentales para entender el d\u00eda a d\u00eda del grueso de las sociedades hab\u00edan quedado olvidados por los economistas.<\/p>\n\n\n\n<p class=\"wp-block-paragraph\">El trabajo de Duflo ha sido en eso revolucionario, pues ella ha investigado la pobreza desde una perspectiva enormemente innovadora, al concentrarse no en sus grandes indicadores, sino en sus manifestaciones concretas, sus efectos en la vida de la gente, la forma en que se reproduce, sus posibles soluciones.<\/p>\n\n\n\n<p class=\"wp-block-paragraph\">Esa forma de anclarse en lo cotidiano, de fijarse en los efectos de lo micro y en los mecanismos de la pobreza es algo nunca antes visto, y creo yo que solo una mujer pod\u00eda lograrlo.<\/p>\n\n\n\n<p class=\"wp-block-paragraph\">Adem\u00e1s, casos como el de Duflo ilustran c\u00f3mo las mujeres, en gran medida por venir de fuera y tambi\u00e9n por la experiencia distinta del mundo, pueden hacer preguntas muy incisivas y novedosas, que hab\u00edan permanecido pendientes.<\/p>\n\n\n\n<p class=\"wp-block-paragraph\">Solo una&nbsp;<em>outsider&nbsp;<\/em>que no pertenece a uno de esos clubes masculinos formales e informarles que lo dominan pr\u00e1cticamente todo y que tienen todo por perder cuando se sacude una disciplina, pod\u00eda haber detectado, descrito y puesto de relieve algo tan importante como la necesidad de poner atenci\u00f3n a la forma en que se implementan las pol\u00edticas p\u00fablicas, sus interacciones e intersecciones con otras din\u00e1micas, sus efectos inesperados.<\/p>\n\n\n\n<p class=\"wp-block-paragraph\">Eso es justo lo que hizo\u00a0Duflo al ofrecer la conferencia Richard T. Ely de la Asociaci\u00f3n de Econom\u00eda Americana, de Estados Unidos.<\/p>\n\n\n\n<p class=\"wp-block-paragraph\">En el Nobel para Esther Duflo no solo hay que celebrar el premio a una economista revolucionaria y al estudio de la pobreza y sus soluciones. Tambi\u00e9n hay que festejar que se da un lugar preponderante a esas dimensiones de la econom\u00eda que suelen olvidarse: las interacciones a nivel local, los mecanismos por los que operan los fen\u00f3menos econ\u00f3micos \u2013incluidas las pol\u00edticas p\u00fablicas- y la salida de la pobreza.<\/p>\n\n\n\n<p class=\"wp-block-paragraph\">El premio tambi\u00e9n nos recuerda la importancia de diversificar la econom\u00eda y todas las \u00e1reas del conocimiento y la acci\u00f3n, pues de otra forma nos quedamos con una sola perspectiva y nos perderemos de innovaciones tan cruciales como las que ella ha logrado.<\/p>\n","protected":false},"excerpt":{"rendered":"<p>Duflo es la persona m\u00e1s joven y apenas la segunda mujer en ganar el Nobel de econom\u00eda<\/p>\n","protected":false},"author":3,"featured_media":13119,"comment_status":"open","ping_status":"open","sticky":false,"template":"","format":"standard","meta":{"_monsterinsights_skip_tracking":false,"footnotes":""},"categories":[690,82,110],"tags":[],"class_list":["post-13118","post","type-post","status-publish","format-standard","has-post-thumbnail","category-690","category-la-opinion","category-la-opinion-columnas"],"_links":{"self":[{"href":"https:\/\/redsemlac.com\/semmexico\/wp-json\/wp\/v2\/posts\/13118","targetHints":{"allow":["GET"]}}],"collection":[{"href":"https:\/\/redsemlac.com\/semmexico\/wp-json\/wp\/v2\/posts"}],"about":[{"href":"https:\/\/redsemlac.com\/semmexico\/wp-json\/wp\/v2\/types\/post"}],"author":[{"embeddable":true,"href":"https:\/\/redsemlac.com\/semmexico\/wp-json\/wp\/v2\/users\/3"}],"replies":[{"embeddable":true,"href":"https:\/\/redsemlac.com\/semmexico\/wp-json\/wp\/v2\/comments?post=13118"}],"version-history":[{"count":0,"href":"https:\/\/redsemlac.com\/semmexico\/wp-json\/wp\/v2\/posts\/13118\/revisions"}],"wp:featuredmedia":[{"embeddable":true,"href":"https:\/\/redsemlac.com\/semmexico\/wp-json\/wp\/v2\/media\/13119"}],"wp:attachment":[{"href":"https:\/\/redsemlac.com\/semmexico\/wp-json\/wp\/v2\/media?parent=13118"}],"wp:term":[{"taxonomy":"category","embeddable":true,"href":"https:\/\/redsemlac.com\/semmexico\/wp-json\/wp\/v2\/categories?post=13118"},{"taxonomy":"post_tag","embeddable":true,"href":"https:\/\/redsemlac.com\/semmexico\/wp-json\/wp\/v2\/tags?post=13118"}],"curies":[{"name":"wp","href":"https:\/\/api.w.org\/{rel}","templated":true}]}}