{"id":13115,"date":"2019-10-19T23:21:34","date_gmt":"2019-10-19T23:21:34","guid":{"rendered":"https:\/\/redsemlac.com\/semmexico\/?p=13115"},"modified":"2023-07-21T15:12:44","modified_gmt":"2023-07-21T20:12:44","slug":"dia-mundial-contra-el-cancer-de-mama","status":"publish","type":"post","link":"https:\/\/redsemlac.com\/semmexico\/dia-mundial-contra-el-cancer-de-mama\/","title":{"rendered":"D\u00eda Mundial Contra el C\u00e1ncer de mama: la vida despu\u00e9s de un diagn\u00f3stico"},"content":{"rendered":"\n<p class=\"wp-block-paragraph\"> <strong>Ana De Luis Otero\u00a0<\/strong><\/p>\n\n\n\n<p class=\"wp-block-paragraph\">SemM\u00e9xico\/Periodistas en Espa\u00f1ol. 19 de octubre 2019.- En una revisi\u00f3n anual sin m\u00e1s acontecimientos que la de ir como rutina resulta que un d\u00eda te dicen que tienes c\u00e1ncer de mama. Que s\u00ed, que todo va bien, que muchas se curan; la mayor\u00eda, dice el onc\u00f3logo, hasta un 85 % de las mujeres afectadas, pero, \u00bfy si tengo met\u00e1stasis?<\/p>\n\n\n\n<p class=\"wp-block-paragraph\">Las otras chicas son las que se agrupan en la<a href=\"https:\/\/www.facebook.com\/cancerdemamametastasico\">\u00a0asociaci\u00f3n de c\u00e1ncer metast\u00e1sico<\/a>; ellas no tienen opci\u00f3n, tienen c\u00e1ncer de por vida y esta debe jugarse con todas las cartas, las de la vida, las de la lucha permanente porque el tratamiento as\u00ed lo dicta. Detr\u00e1s de todos ellos, pacientes que se curan, pacientes que mueren, pacientes tratados de por vida, existe el duro trance de vivir porque vivir se convierte en un asunto urgente.<\/p>\n\n\n\n<p class=\"wp-block-paragraph\">Lo cierto es que una de cada ocho mujeres sufrir\u00e1 c\u00e1ncer de mama a lo largo de su vida y cada vez m\u00e1s, aunque la tasa de supervivencia es alta, hablamos de cifras, de tumores y de una vida que puede cambiar de un d\u00eda a otro.<\/p>\n\n\n\n<p class=\"wp-block-paragraph\">Las palabras vac\u00edas llenas de fuerza no son reales cuando de forma eufem\u00edstica hablamos de luchar contra el c\u00e1ncer, de vencer al c\u00e1ncer, de atacar al c\u00e1ncer. Ni una cosa, ni la siguiente, ni la contraria. Los pacientes, todos, mujeres y hombres, porque alguno tambi\u00e9n lo padece, c\u00e1ncer de mama masculino, se someten a lo que haya que someterse porque no hay plan b; no hay otra opci\u00f3n. La suerte es llegar a tiempo y que tratamientos como los inhibidos de la prote\u00edna CDK4\/6 permiten controlar la enfermedad y que esta no se dispare.<\/p>\n\n\n\n<div class=\"wp-block-image\"><figure class=\"aligncenter\"><img decoding=\"async\" src=\"https:\/\/i1.wp.com\/periodistas-es.com\/wp-content\/uploads\/2019\/10\/1101685-705-287.jpg?resize=600%2C244&amp;ssl=1\" alt=\"\" class=\"wp-image-135067\"\/><\/figure><\/div>\n\n\n\n<p class=\"wp-block-paragraph\">En Espa\u00f1a se diagnostican 33.000 nuevos casos cada a\u00f1o si bien la tasa de mujeres afectadas sigue aumentando especialmente en aquellas que han tenido h\u00e1bitos de vida t\u00f3xicos o porque han fumado y bebido en los \u00faltimos 30 a\u00f1os. A partir de los 60 el crecimiento es significativo cuando debiera ser un per\u00edodo de cierta calma porque hasta hace pocos a\u00f1os la prevalencia en esa d\u00e9cada no era muy considerable.<\/p>\n\n\n\n<p class=\"wp-block-paragraph\">Tenemos que considerar que si bien la tasa de supervivencia es alta, hasta un 90 % de los casos, muchas mujeres no han sido diagnosticadas a\u00fan porque no han accedido a los planes de prevenci\u00f3n y por tanto, ignoran si padecen c\u00e1ncer.<\/p>\n\n\n\n<p class=\"wp-block-paragraph\">Este d\u00eda las mujeres lo celebran con un lazo rosa que fue visibilizado por la editora de la revista Self cuando le fue diagnosticado un c\u00e1ncer de mama en 1992 y a ra\u00edz de ello, la Fundaci\u00f3n Est\u00e9e Lauder organiz\u00f3 un \u00e1rea de investigaci\u00f3n para luchar contra el C\u00e1ncer de mama.<\/p>\n\n\n\n<p class=\"wp-block-paragraph\">La investigaci\u00f3n pero sobre todo la prevenci\u00f3n exige que las mujeres a partir de los 45 a\u00f1os se hagan revisiones ginecol\u00f3gicas y de mama para detener la enfermedad si esta existiera. Cualquier anomal\u00eda, bulto, irritaci\u00f3n, secreci\u00f3n en los pezones, sangre, dolor en la mama o hundimientos de piel pueden ser s\u00edntomas de que algo no va bien. Aunque se haya hecho recientemente una revisi\u00f3n, acuda a un servicio de urgencias e informe de estos cambios.<\/p>\n\n\n\n<p class=\"wp-block-paragraph\">Los riesgos de padecer c\u00e1ncer aumentan si la mujer ha sido precoz o si tiene la menopausia de forma tard\u00eda; si tiene las mamas densas con m\u00e1s tejido conjuntivo que adiposo, si tiene antecedentes familiares, si ha padecido mutaciones gen\u00e9ticas tales como el BRCA1 y BRCA2 pueden tener carcinomas invadidos, d\u00edctales, lobulillares, entre otros.<\/p>\n\n\n\n<p class=\"wp-block-paragraph\">Cirug\u00eda, radioterapia, quimioterapia y hormonoterapia adem\u00e1s de una vida sana har\u00e1n que si se coge a tiempo el c\u00e1ncer se pueda vencer. Todo pasa por la prevenci\u00f3n y por los h\u00e1bitos de vida saludables, recuerde.<\/p>\n","protected":false},"excerpt":{"rendered":"<p>La investigaci\u00f3n pero sobre todo la prevenci\u00f3n exige que las mujeres a partir de los 45 a\u00f1os se hagan revisiones ginecol\u00f3gicas y de mama para detener la enfermedad si esta existiera.<\/p>\n","protected":false},"author":3,"featured_media":13116,"comment_status":"open","ping_status":"open","sticky":false,"template":"","format":"standard","meta":{"_monsterinsights_skip_tracking":false,"footnotes":""},"categories":[690,54],"tags":[],"class_list":["post-13115","post","type-post","status-publish","format-standard","has-post-thumbnail","category-690","category-mujeres"],"_links":{"self":[{"href":"https:\/\/redsemlac.com\/semmexico\/wp-json\/wp\/v2\/posts\/13115","targetHints":{"allow":["GET"]}}],"collection":[{"href":"https:\/\/redsemlac.com\/semmexico\/wp-json\/wp\/v2\/posts"}],"about":[{"href":"https:\/\/redsemlac.com\/semmexico\/wp-json\/wp\/v2\/types\/post"}],"author":[{"embeddable":true,"href":"https:\/\/redsemlac.com\/semmexico\/wp-json\/wp\/v2\/users\/3"}],"replies":[{"embeddable":true,"href":"https:\/\/redsemlac.com\/semmexico\/wp-json\/wp\/v2\/comments?post=13115"}],"version-history":[{"count":0,"href":"https:\/\/redsemlac.com\/semmexico\/wp-json\/wp\/v2\/posts\/13115\/revisions"}],"wp:featuredmedia":[{"embeddable":true,"href":"https:\/\/redsemlac.com\/semmexico\/wp-json\/wp\/v2\/media\/13116"}],"wp:attachment":[{"href":"https:\/\/redsemlac.com\/semmexico\/wp-json\/wp\/v2\/media?parent=13115"}],"wp:term":[{"taxonomy":"category","embeddable":true,"href":"https:\/\/redsemlac.com\/semmexico\/wp-json\/wp\/v2\/categories?post=13115"},{"taxonomy":"post_tag","embeddable":true,"href":"https:\/\/redsemlac.com\/semmexico\/wp-json\/wp\/v2\/tags?post=13115"}],"curies":[{"name":"wp","href":"https:\/\/api.w.org\/{rel}","templated":true}]}}