{"id":13111,"date":"2019-10-19T23:03:54","date_gmt":"2019-10-19T23:03:54","guid":{"rendered":"https:\/\/redsemlac.com\/semmexico\/?p=13111"},"modified":"2023-07-21T15:12:44","modified_gmt":"2023-07-21T20:12:44","slug":"urgen-al-congreso-de-nayarit-reinstalar-de-inmediato-en-sus-funciones-a-presidenta-municipal-suplente","status":"publish","type":"post","link":"https:\/\/redsemlac.com\/semmexico\/urgen-al-congreso-de-nayarit-reinstalar-de-inmediato-en-sus-funciones-a-presidenta-municipal-suplente\/","title":{"rendered":"Urgen al Congreso de Nayarit reinstalar de inmediato en sus funciones a presidenta municipal suplente \u200b"},"content":{"rendered":"\n<ul class=\"wp-block-list\"><li><strong>Se debe restituir el orden jur\u00eddico en aquella localidad, para que Kenia Elizabeth N\u00fa\u00f1ez pueda ejercer de manera libre su encargo constitucional.\u200b<\/strong><\/li><\/ul>\n\n\n\n<p class=\"wp-block-paragraph\"><strong>Redacci\u00f3n<\/strong><\/p>\n\n\n\n<p class=\"wp-block-paragraph\">SemM\u00e9xico. Ciudad de M\u00e9xico. 19 de octubre 2019.- A\npropuesta de legisladores de Morena y del PT, el Senado de la Rep\u00fablica exhort\u00f3\nal Congreso de Nayarit, para que en el marco de sus facultades, conmine al\nayuntamiento de Compostela reinstale, de inmediato, a la presidenta municipal\nsuplente, Kenia Elizabeth N\u00fa\u00f1ez Delgado, y&nbsp;\nrespete el orden constitucional federal, estatal y municipal.\u200b<\/p>\n\n\n\n<p class=\"wp-block-paragraph\">En conferencia de prensa, la senadora morenista,&nbsp; Minerva Citlalli Hern\u00e1ndez Mora, inform\u00f3 que\nse debe restituir el orden jur\u00eddico en aquella localidad, para que Kenia\nElizabeth pueda ejercer de manera libre su encargo constitucional.\u200b<\/p>\n\n\n\n<p class=\"wp-block-paragraph\">Record\u00f3 que en d\u00edas pasados present\u00f3 un&nbsp; punto de Acuerdo, en colaboraci\u00f3n con&nbsp; las senadoras Cora Cecilia Pinedo Alonso,\nJesusa Rodr\u00edguez Ram\u00edrez, Imelda Castro Castro,&nbsp;\ny el senador Casimiro M\u00e9ndez Ortiz, para urgir al gobernador de Nayarit\na que coadyuve en el restablecimiento del orden Constitucional en el referido\nayuntamiento, con el fin de que se respete la voluntad popular, emitida en las\npasadas elecciones.\u200b<\/p>\n\n\n\n<p class=\"wp-block-paragraph\">Hacemos un llamado, dijo, al ayuntamiento de Compostela a\nque se abstenga de violentar las disposiciones previstas en la Carta Magna, en\nla Constituci\u00f3n Pol\u00edtica de Nayarit y en la Ley Municipal de la entidad, y se\ntomen medidas inmediatas para que se reconozca a&nbsp; N\u00fa\u00f1ez Delgado como presidenta municipal, en\nlos t\u00e9rminos del art\u00edculo 48 de la legislaci\u00f3n local.\u200b<\/p>\n\n\n\n<p class=\"wp-block-paragraph\">De igual manera, subray\u00f3 la legisladora Citlalli Hern\u00e1ndez,\nsolicitamos al Poder Judicial de la entidad, que se contenga de cualquier\nacci\u00f3n o procedimiento que tienda a conculcar el estatus constitucional que\nposee Kenia Elizabeth.\u200b<\/p>\n\n\n\n<p class=\"wp-block-paragraph\">As\u00ed tambi\u00e9n, urgimos, agreg\u00f3, al Tribunal Estatal Electoral\nde Nayarit, para que en el marco de su jurisprudencia constitucional y en\ncumplimiento de la sentencia del 14 de marzo de 2019, vincule de nuevo al\nayuntamiento de Compostela para que de inmediato reincorpore a N\u00fa\u00f1ez Delgado\ncomo presidenta municipal y, en su defecto, imponga las medidas de apremio y\ncorrecciones disciplinarias a quien o quienes resulten responsables.\u200b<\/p>\n\n\n\n<p class=\"wp-block-paragraph\">La legisladora morenista manifest\u00f3, que evidentemente, hay\nuna crisis pol\u00edtica, un desacato a la sentencia del Tribunal Electoral y por\nello, desde esta Soberan\u00eda hacemos este exhorto a los \u00f3rganos locales, como al\nTribunal que se respeten los derechos constitucionales de la presidenta\nsuplente.\u200b<\/p>\n\n\n\n<p class=\"wp-block-paragraph\">Los antecedentes del punto de acuerdo se\u00f1alan que el 4 de\njunio de 2017, se llev\u00f3 a cabo la jornada electoral correspondiente al proceso\nelectoral local ordinario de Nayarit, para elegir, entre otros cargos, la\npresidencia municipal del Ayuntamiento de Compostela.\u200b<\/p>\n\n\n\n<p class=\"wp-block-paragraph\">Indica que como resultado de dichas elecciones, resultaron\nganadoras, como presidenta municipal propietaria, Gloria Elizabeth N\u00fa\u00f1ez\nS\u00e1nchez (senadora por Nayarit del PAN, y suplente Kenia Elizabeth N\u00fa\u00f1ez\nDelgado, respectivamente.\u200b<\/p>\n\n\n\n<p class=\"wp-block-paragraph\">Destaca que el 28 de marzo de 2017, Gloria Elizabeth N\u00fa\u00f1ez S\u00e1nchez, solicit\u00f3 y obtuvo licencia del cabildo para separarse del cargo por tiempo indefinido, para contender como Senadora de la Rep\u00fablica. En consecuencia, el cabildo tomo protesta como presidenta municipal suplente de Compostela, a Kenia Elizabeth N\u00fa\u00f1ez Delgado.\u200b<\/p>\n\n\n\n<p class=\"wp-block-paragraph\">Asimismo, el documento detalla que el primero de julio de\n2018, N\u00fa\u00f1ez S\u00e1nchez result\u00f3 electa como legisladora de Acci\u00f3n Nacional, por el\nprincipio de primera minor\u00eda. \u200b<\/p>\n\n\n\n<p class=\"wp-block-paragraph\">El 28 de agosto, el cabildo de Compostela autoriz\u00f3 a la\nsenadora electa a separarse del cargo de presidenta municipal y convoc\u00f3 a Kenia\nElizabeth N\u00fa\u00f1ez Delgado, en calidad de presidenta municipal suplente.\u200b<\/p>\n\n\n\n<p class=\"wp-block-paragraph\">Posteriormente, el 7 de diciembre de 2018, el cabildo\nautoriz\u00f3 a la senadora N\u00fa\u00f1ez S\u00e1nchez, a reincorporarse como presidenta\nmunicipal. Por lo que el 13 de diciembre, Kenia N\u00fa\u00f1ez Delgado, present\u00f3 demanda\nde juicio ciudadano.\u200b<\/p>\n\n\n\n<p class=\"wp-block-paragraph\">El 17 de marzo de 2019, el Tribunal Estatal Electoral de\nNayarit emiti\u00f3 la sentencia respectiva para que la ciudadana N\u00fa\u00f1ez Delgado se\nreincorporara al cargo de presidenta municipal que ven\u00eda desempe\u00f1ando.\u200b<\/p>\n\n\n\n<p class=\"wp-block-paragraph\">A pesar de lo anterior y pese a existir un mandato judicial\nelectoral, el 25 de marzo de 2019, el titular de la Unidad Substanciadora del\n\u00d3rgano de Control del Municipio de Compostela, Carlos Nazario Cuevas Salcedo,\ndecidi\u00f3 suspender a N\u00fa\u00f1ez Delgado en sus funciones de presidenta municipal.\u200b<\/p>\n\n\n\n<p class=\"wp-block-paragraph\">SEM\/IL<\/p>\n","protected":false},"excerpt":{"rendered":"<p>Se debe restituir el orden jur\u00eddico en aquella localidad, para que Kenia Elizabeth N\u00fa\u00f1ez pueda ejercer de manera libre su encargo constitucional.<\/p>\n","protected":false},"author":3,"featured_media":13113,"comment_status":"open","ping_status":"open","sticky":false,"template":"","format":"standard","meta":{"_monsterinsights_skip_tracking":false,"footnotes":""},"categories":[690,50],"tags":[],"class_list":["post-13111","post","type-post","status-publish","format-standard","has-post-thumbnail","category-690","category-congreso"],"_links":{"self":[{"href":"https:\/\/redsemlac.com\/semmexico\/wp-json\/wp\/v2\/posts\/13111","targetHints":{"allow":["GET"]}}],"collection":[{"href":"https:\/\/redsemlac.com\/semmexico\/wp-json\/wp\/v2\/posts"}],"about":[{"href":"https:\/\/redsemlac.com\/semmexico\/wp-json\/wp\/v2\/types\/post"}],"author":[{"embeddable":true,"href":"https:\/\/redsemlac.com\/semmexico\/wp-json\/wp\/v2\/users\/3"}],"replies":[{"embeddable":true,"href":"https:\/\/redsemlac.com\/semmexico\/wp-json\/wp\/v2\/comments?post=13111"}],"version-history":[{"count":0,"href":"https:\/\/redsemlac.com\/semmexico\/wp-json\/wp\/v2\/posts\/13111\/revisions"}],"wp:featuredmedia":[{"embeddable":true,"href":"https:\/\/redsemlac.com\/semmexico\/wp-json\/wp\/v2\/media\/13113"}],"wp:attachment":[{"href":"https:\/\/redsemlac.com\/semmexico\/wp-json\/wp\/v2\/media?parent=13111"}],"wp:term":[{"taxonomy":"category","embeddable":true,"href":"https:\/\/redsemlac.com\/semmexico\/wp-json\/wp\/v2\/categories?post=13111"},{"taxonomy":"post_tag","embeddable":true,"href":"https:\/\/redsemlac.com\/semmexico\/wp-json\/wp\/v2\/tags?post=13111"}],"curies":[{"name":"wp","href":"https:\/\/api.w.org\/{rel}","templated":true}]}}