{"id":13108,"date":"2019-10-19T22:50:54","date_gmt":"2019-10-19T22:50:54","guid":{"rendered":"https:\/\/redsemlac.com\/semmexico\/?p=13108"},"modified":"2023-07-21T15:12:45","modified_gmt":"2023-07-21T20:12:45","slug":"chiapas-10","status":"publish","type":"post","link":"https:\/\/redsemlac.com\/semmexico\/chiapas-10\/","title":{"rendered":"Gobierno mexicano pide disculpas a ind\u00edgenas violadas por el Ej\u00e9rcito en 1994, \u201cNos castigaron para castigar al zapatismo\u201d"},"content":{"rendered":"\n<p class=\"wp-block-paragraph\"> \u00ab<strong>Es fundamental reconocer el impacto de la guerra en los cuerpos de las mujeres, agravios directos que atraviesan una triple violencia estructural por este caso: por ser mujeres, por ser ind\u00edgenas y por ser pobres\u201d, dijo S\u00e1nchez Cordero a hermanas Gonz\u00e1lez P\u00e9rez <\/strong><\/p>\n\n\n\n<p class=\"wp-block-paragraph\"><strong>\u00c1ngeles Mariscal<\/strong><\/p>\n\n\n\n<p class=\"wp-block-paragraph\">SemM\u00e9xico\/Chiapas Paralelo. 19 de octubre 2019.- Los militares las reconocieron, cuando el 4 de junio de 1994,\u00a0<a href=\"https:\/\/www.chiapasparalelo.com\/noticias\/chiapas\/2019\/06\/exigen-justicia-por-mujeres-indigenas-tseltales-violadas-hace-25-anos-por-militares\/\">Ana, Beatriz, y Celia Gonz\u00e1lez P\u00e9rez, y su madre Delia P\u00e9rez<\/a>, intentaron cruzar el ret\u00e9n que el Ej\u00e9rcito mexicano coloc\u00f3 en el ejido Jalisco, del municipio de Altamirano. Incluso a una de ellas la llamaron con el sobrenombre con el que la conoc\u00edan en su comunidad. Para la Secretar\u00eda de la Defensa Nacional (SEDENA), ellas eran integrantes del Ej\u00e9rcito Zapatista de Liberaci\u00f3n Nacional (EZLN), y las castigaron por ello, viol\u00e1ndolas.<\/p>\n\n\n\n<p class=\"wp-block-paragraph\">Las detuvieron y durante dos horas, mediante la tortura sexual, intentaron obligarlas a que se declararan integrantes del grupo armado, y que delataran a otras personas. Eran los meses en lo que el Ej\u00e9rcito mexicano ocupaba las zonas ind\u00edgenas de Chiapas, para desarticular el movimiento insurgente.<\/p>\n\n\n\n<p class=\"wp-block-paragraph\">Ellas resistieron, y al ser liberadas, denunciaron penalmente los hechos, se sometieron a los ex\u00e1menes que demostraban la violaci\u00f3n tumultuaria, pero el caso fue asumido por la Justicia Militar, y lo cerr\u00f3 negando la justicia. Recurrieron entonces a la Comisi\u00f3n Interamericana de Derechos Humanos (CIDH), instancia que en 2001, luego de analizar el caso, present\u00f3 un informe de fondo, declarando la responsabilidad internacional del Estado mexicano, exigi\u00e9ndole castigo a los responsables, y la reparaci\u00f3n de da\u00f1o a las agraviadas.<\/p>\n\n\n\n<p class=\"wp-block-paragraph\">La CIDH concluy\u00f3 que la violaci\u00f3n de las hermanas Gonz\u00e1lez P\u00e9rez, \u201cfueron cometidos con el fin de amedrentar a las tres mujeres por sus presuntos v\u00ednculos con el EZLN\u201d. Sin embargo el Estado mexicano evadi\u00f3 su responsabilidad por 25 a\u00f1os, hasta que este 18 de octubre, inici\u00f3 el proceso de justicia.<\/p>\n\n\n\n<p class=\"wp-block-paragraph\">En la plaza p\u00fablica del municipio de Ocosingo, en voz de la Secretaria de Gobernaci\u00f3n, Olga S\u00e1nchez Cordero, el gobierno mexicano les pidi\u00f3 disculpas a las hermanas Gonzalez P\u00e9rez, ante medio millar de personas, entre ellas funcionarios p\u00fablicos y habitantes de la regi\u00f3n.<\/p>\n\n\n\n<p class=\"wp-block-paragraph\">\u201cHoy, a nombre del Estado mexicano, pido una disculpa por la falta de investigaci\u00f3n y de b\u00fasqueda de justicia (\u2026) es fundamental reconocer el impacto de la guerra en los cuerpos de las mujeres, agravios directos que atraviesan una triple violencia estructural por este caso: por ser mujeres, por ser ind\u00edgenas y por ser pobres\u201d, dijo S\u00e1nchez Cordero.<\/p>\n\n\n\n<p class=\"wp-block-paragraph\">En el evento de disculpa p\u00fablica, tambi\u00e9n estuvo el Subsecretario de Derechos Humanos, Alejandro Encinas, quien sostuvo, \u201cno se puede ignorar el contexto en el que suceden los terribles agravios de este caso. Parten del conflicto armado de 1994 en contra de las comunidades y pueblos ind\u00edgenas, quienes exig\u00edan el reconocimiento de los derechos m\u00e1s b\u00e1sicos: trabajo, tierra, techo, alimentaci\u00f3n, salud, educaci\u00f3n, independencia, libertad, democracia, justicia y paz. No bastaron los 500 a\u00f1os de explotaci\u00f3n y marginaci\u00f3n: la voz de los pueblos fue acallada a toletazos (\u2026) la tortura sexual cometida por parte del Estado contra las hermanas Gonz\u00e1lez, tuvo el objetivo de reprimir, intimidar y humillar\u201d, reconoci\u00f3.<\/p>\n\n\n\n<p class=\"wp-block-paragraph\"><strong>Ej\u00e9rcito mexicano, el gran ausente<\/strong><\/p>\n\n\n\n<p class=\"wp-block-paragraph\">La disculpa p\u00fablica tuvo un gran ausente, a los representantes de la SEDENA, instituci\u00f3n a la que las hermanas ubican como sus torturadores. Ana, Beatriz, Celia y su madre Delia, exigieron durante todos estos a\u00f1os, que fueran l\u00edderes militares los que reconocieran los hechos, los que se disculparan y a quienes se lleve a justicia.<\/p>\n\n\n\n<p class=\"wp-block-paragraph\">\u201cLos que en realidad cometieron el da\u00f1o, no vinieron. Lo que queremos es una justicia verdadera, yo quiero exigir justicia, que nos pida perd\u00f3n p\u00fablico los militares. Cuando pas\u00f3 lo del zapatismo en 1994, nos castigaron, para castigar al zapatismo\u201d, se\u00f1al\u00f3 Celia, quien ten\u00eda solo 16 a\u00f1os cuando sucedieron los hechos.<\/p>\n\n\n\n<p class=\"wp-block-paragraph\">Su hermana Ana, a\u00f1adi\u00f3, \u201ceste acto de disculpa p\u00fablica en realidad no es un acto de disculpa p\u00fablica porque dijimos claramente que quer\u00edamos que representantes de la SEDENA estuviera presentes para que ellos nos pidieran la disculpa p\u00fablica, porque ellos fueron los que cometieron los agravios. Esta disculpa p\u00fablica no est\u00e1 completa\u201d.<\/p>\n\n\n\n<p class=\"wp-block-paragraph\">En el sistema normativo ind\u00edgena, es el responsable del agravio quien debe pedir el perd\u00f3n, porque es la identificaci\u00f3n de este ante la comunidad.<\/p>\n\n\n\n<p class=\"wp-block-paragraph\">Ana insisti\u00f3 en que rechazan la presencia de militares en la zonas ind\u00edgenas. \u201cNosotros no queremos a los militares en nuestros pueblos, porque el gobierno dice que son quienes nos protegen, pero es todo lo contrario, son los que nos hacen da\u00f1o\u201d.<\/p>\n\n\n\n<p class=\"wp-block-paragraph\">\u201cEsto que nos pas\u00f3 a nosotras, las violaciones, sucede en muchos lados en Ocosingo y Altamirano (regiones ind\u00edgenas de Chiapas donde tiene presencia el EZLN), y nunca nadie lo da a conocer\u201d, subray\u00f3 Celia.<\/p>\n\n\n\n<p class=\"wp-block-paragraph\">\u201cEsto que est\u00e1 sucediendo hoy, es como si viniera un carro de basura, y viniera a colectar toda la basura. Les digo a todos que cuando el gobierno les haga un abuso o una violaci\u00f3n, hablen y no se queden callados\u201d.<\/p>\n\n\n\n<p class=\"wp-block-paragraph\">Las hermanas Goz\u00e1lez P\u00e9rez tambi\u00e9n hablaron a nombre de quienes murieron en 1994, en manos del Ej\u00e9rcito mexicano. \u201cLa raz\u00f3n y la causa por la que murieron los zapatistas, fue porque hay mucha pobreza, mucho olvido hacia los ind\u00edgenas, y luchaban contra esto\u201d.<\/p>\n\n\n\n<p class=\"wp-block-paragraph\">Entre los acuerdos que este d\u00eda firmaron Olga S\u00e1nchez Cordero, Alejandro encinas y las hermanas y su madre, est\u00e1 el proseguir la investigaci\u00f3n para llevar a proceso a los militares implicados.<\/p>\n\n\n\n<p class=\"wp-block-paragraph\">Sin embargo, insistieron en que este proceso no se individualice, y se asuma que la violaci\u00f3n no fue un acto independiente o aut\u00f3nomo que cometieron los militares, sino una acci\u00f3n institucional que obedeci\u00f3 a una estrategia de guerra contra el EZLN.<\/p>\n\n\n\n<p class=\"wp-block-paragraph\"><strong>La disculpa, reivindicaci\u00f3n de su dignidad<\/strong><\/p>\n\n\n\n<p class=\"wp-block-paragraph\">Para las hermanas Gonz\u00e1lez P\u00e9rez y su madre, el acto de perd\u00f3n tuvo un significado mas all\u00e1 de su persona, fue la reivindignaci\u00f3n de su dignidad frente a su comunidad. Por ello, pidieron que este acto se llevara a cabo en el municipio de Ocosingo, la ciudad m\u00e1s importante en la zona ind\u00edgena tzeltal a la que pertenecen.<\/p>\n\n\n\n<p class=\"wp-block-paragraph\">Luego de la violaci\u00f3n, cuando su familia y la comunidad a la que pertenec\u00edan, lo supieron, ellas fueron rechazadas, y se vieron obligadas a abandonar el lugar. \u201cFue por una parte el miedo de la comunidad a la represi\u00f3n por parte de los militares a quienes se les estaba ocupando, pero tambi\u00e9n por la forma en como se configura la mujer en comunidades ind\u00edgenas, y el valor que le dan a la virginidad. Al perderla en la violaci\u00f3n, ellas fueron vistas como \u00b4mujeres de militares\u00b4o prostitutas\u201d, explic\u00f3 Gloria Flores Ruiz, abogada de las ind\u00edgenas.<\/p>\n\n\n\n<p class=\"wp-block-paragraph\">Sin embargo, las tres hermanas y su madre entendieron que en la violaci\u00f3n tambi\u00e9n fueron agraviados los integrantes del EZLN y las comunidades ind\u00edgenas en su conjunto. \u201cEl perd\u00f3n lo viven no solo hacia su persona, sino como un perd\u00f3n que merecen las mujeres que fueron agraviadas, y tambi\u00e9n las mujeres zapatista. El perd\u00f3n se vive en un sentido, individual, comunitario, pol\u00edtico\u201d, explic\u00f3.<\/p>\n\n\n\n<p class=\"wp-block-paragraph\">Por ello, en el acuerdo con el gobierno mexicano, las agraviadas tambi\u00e9n pidieron del gobierno mexicano, una disculpa p\u00fablica a favor de la comunidad en su conjunto, y de las poblaciones zapatistas.<\/p>\n","protected":false},"excerpt":{"rendered":"<p>\u00abEs fundamental reconocer el impacto de la guerra en los cuerpos de las mujeres, agravios directos que atraviesan una triple violencia estructural por este caso: por ser mujeres, por ser ind\u00edgenas y por ser pobres\u201d, dijo S\u00e1nchez Cordero a hermanas Gonz\u00e1lez P\u00e9rez <\/p>\n","protected":false},"author":3,"featured_media":13109,"comment_status":"open","ping_status":"open","sticky":false,"template":"","format":"standard","meta":{"_monsterinsights_skip_tracking":false,"footnotes":""},"categories":[690,51],"tags":[],"class_list":["post-13108","post","type-post","status-publish","format-standard","has-post-thumbnail","category-690","category-ejecutivo"],"_links":{"self":[{"href":"https:\/\/redsemlac.com\/semmexico\/wp-json\/wp\/v2\/posts\/13108","targetHints":{"allow":["GET"]}}],"collection":[{"href":"https:\/\/redsemlac.com\/semmexico\/wp-json\/wp\/v2\/posts"}],"about":[{"href":"https:\/\/redsemlac.com\/semmexico\/wp-json\/wp\/v2\/types\/post"}],"author":[{"embeddable":true,"href":"https:\/\/redsemlac.com\/semmexico\/wp-json\/wp\/v2\/users\/3"}],"replies":[{"embeddable":true,"href":"https:\/\/redsemlac.com\/semmexico\/wp-json\/wp\/v2\/comments?post=13108"}],"version-history":[{"count":0,"href":"https:\/\/redsemlac.com\/semmexico\/wp-json\/wp\/v2\/posts\/13108\/revisions"}],"wp:featuredmedia":[{"embeddable":true,"href":"https:\/\/redsemlac.com\/semmexico\/wp-json\/wp\/v2\/media\/13109"}],"wp:attachment":[{"href":"https:\/\/redsemlac.com\/semmexico\/wp-json\/wp\/v2\/media?parent=13108"}],"wp:term":[{"taxonomy":"category","embeddable":true,"href":"https:\/\/redsemlac.com\/semmexico\/wp-json\/wp\/v2\/categories?post=13108"},{"taxonomy":"post_tag","embeddable":true,"href":"https:\/\/redsemlac.com\/semmexico\/wp-json\/wp\/v2\/tags?post=13108"}],"curies":[{"name":"wp","href":"https:\/\/api.w.org\/{rel}","templated":true}]}}