{"id":13105,"date":"2019-10-19T22:42:19","date_gmt":"2019-10-19T22:42:19","guid":{"rendered":"https:\/\/redsemlac.com\/semmexico\/?p=13105"},"modified":"2023-07-21T15:12:45","modified_gmt":"2023-07-21T20:12:45","slug":"chiapas-9","status":"publish","type":"post","link":"https:\/\/redsemlac.com\/semmexico\/chiapas-9\/","title":{"rendered":"Justicia a medias es impunidad"},"content":{"rendered":"\n<p class=\"wp-block-paragraph\"><strong>Roger\nMaldonado*<\/strong><\/p>\n\n\n\n<p class=\"wp-block-paragraph\">SemM\u00e9xico. San Crist\u00f3bal de\nLas Casas, Chiapas. &nbsp;19 de octubre 2019.-\nEl d\u00eda de ayer, 18 de octubre del 2019, asistimos a un evento presentado por la\nSecretar\u00eda de Gobernaci\u00f3n, en la ciudad de Ocosingo, Chiapas, con el motivo de\npedir disculpas y reconocimiento de responsabilidades del Estado Mexicano, ante\nlos agravios causados por los soldados guardianes de un ret\u00e9n, en Altamirano,\nChiapas, el 4 de junio de 1994 a tres hermanas tzeltales quienes fueron\nvioladas sexualmente, de manera tumultuaria, estando presente, en un cuarto\ncontiguo, su madre.<\/p>\n\n\n\n<p class=\"wp-block-paragraph\">Hablaron en el evento, por\nparte del Estado, el Subsecretario de Derechos Humanos, Poblaci\u00f3n y Migraci\u00f3n,\nAlejandro Encinas Rodr\u00edguez y la Secretaria de Gobernaci\u00f3n, Olga S\u00e1nchez\nCordero y estuvieron presentes, sin decir palabra, el Gobernador de Chiapas y\nuna representante de la Comisi\u00f3n Interamericana de Derechos Humanos (CIDH). Lo\nm\u00e1s importante de esta ceremonia, fue el testimonio de las tres hermanas, Ana,\nBeatriz y Celia Gonz\u00e1lez P\u00e9rez y de su madre Delia P\u00e9rez.<\/p>\n\n\n\n<p class=\"wp-block-paragraph\">Por un lado, a trav\u00e9s del\ndiscurso oficial, tanto del Subsecretario, como de la Secretaria de\nGobernaci\u00f3n, manifestaron una ret\u00f3rica pol\u00edtica, carente de substancia\nhuman\u00edstica, como por obligaci\u00f3n; y por el otro, el enojo de las hermanas Gonz\u00e1les\ny de su madre Delia, por los 25 a\u00f1os que han pasado, sufriendo el agravio y la\nverg\u00fcenza, que han padecido en sus comunidades y por el desprecio de las autoridades\nmilitares, ante la poblaci\u00f3n civil.<\/p>\n\n\n\n<p class=\"wp-block-paragraph\">Nos qued\u00f3 a muchos que\nestuvimos presentes en el acto, que este evento fue tan solo la respuesta del\nEstado Mexicano, por la presi\u00f3n internacional en contra del Gobierno de M\u00e9xico,\nya que la CIDH hab\u00eda emitido una sentencia condenatoria al Estado Mexicano\ndesde hace 18 a\u00f1os. Fue una acci\u00f3n de lavarse las manos, enfrente de la impunidad\ncastrense, en otra simulaci\u00f3n. <\/p>\n\n\n\n<p class=\"wp-block-paragraph\">Qued\u00f3 manifiesta la verdadera\nposici\u00f3n del Ej\u00e9rcito, al no enviar a esta pedida de disculpas p\u00fablicas y\nreconocimientos de responsabilidades del Estado Mexicano a las hermanas\nGonz\u00e1lez P\u00e9rez a ning\u00fan representante de la Secretar\u00eda de la Defensa Nacional.\nSin embargo, esta misma ma\u00f1ana, se pasearon por el parque de Ocosingo, los mal\nllamados, \u201cpueblo uniformado,\u201d exhibiendo sus armas en un acto de intimidaci\u00f3n.\n&nbsp;Por lo que en este evento, a pesar de\nque en el Pres\u00eddium estaba escrita la palabra en tzeltal<em> chapawanwl <\/em>que significa justicia, \u00e9sta fue tan solo una justicia\na medias, que igualmente significa Impunidad.<\/p>\n\n\n\n<p class=\"wp-block-paragraph\"><em>*Comisi\u00f3n para la Defensa de los Derechos Humanos, A.C.<\/em><\/p>\n","protected":false},"excerpt":{"rendered":"<p>El 4 de junio de 1994 a tres hermanas tzeltales quienes fueron violadas sexualmente, de manera tumultuaria, estando presente, en un cuarto contiguo, su madre.<\/p>\n","protected":false},"author":3,"featured_media":13106,"comment_status":"open","ping_status":"open","sticky":false,"template":"","format":"standard","meta":{"_monsterinsights_skip_tracking":false,"footnotes":""},"categories":[690,82,110],"tags":[],"class_list":["post-13105","post","type-post","status-publish","format-standard","has-post-thumbnail","category-690","category-la-opinion","category-la-opinion-columnas"],"_links":{"self":[{"href":"https:\/\/redsemlac.com\/semmexico\/wp-json\/wp\/v2\/posts\/13105","targetHints":{"allow":["GET"]}}],"collection":[{"href":"https:\/\/redsemlac.com\/semmexico\/wp-json\/wp\/v2\/posts"}],"about":[{"href":"https:\/\/redsemlac.com\/semmexico\/wp-json\/wp\/v2\/types\/post"}],"author":[{"embeddable":true,"href":"https:\/\/redsemlac.com\/semmexico\/wp-json\/wp\/v2\/users\/3"}],"replies":[{"embeddable":true,"href":"https:\/\/redsemlac.com\/semmexico\/wp-json\/wp\/v2\/comments?post=13105"}],"version-history":[{"count":0,"href":"https:\/\/redsemlac.com\/semmexico\/wp-json\/wp\/v2\/posts\/13105\/revisions"}],"wp:featuredmedia":[{"embeddable":true,"href":"https:\/\/redsemlac.com\/semmexico\/wp-json\/wp\/v2\/media\/13106"}],"wp:attachment":[{"href":"https:\/\/redsemlac.com\/semmexico\/wp-json\/wp\/v2\/media?parent=13105"}],"wp:term":[{"taxonomy":"category","embeddable":true,"href":"https:\/\/redsemlac.com\/semmexico\/wp-json\/wp\/v2\/categories?post=13105"},{"taxonomy":"post_tag","embeddable":true,"href":"https:\/\/redsemlac.com\/semmexico\/wp-json\/wp\/v2\/tags?post=13105"}],"curies":[{"name":"wp","href":"https:\/\/api.w.org\/{rel}","templated":true}]}}