{"id":13100,"date":"2019-10-18T21:50:24","date_gmt":"2019-10-18T21:50:24","guid":{"rendered":"https:\/\/redsemlac.com\/semmexico\/?p=13100"},"modified":"2023-07-21T15:12:45","modified_gmt":"2023-07-21T20:12:45","slug":"inmujeres-3","status":"publish","type":"post","link":"https:\/\/redsemlac.com\/semmexico\/inmujeres-3\/","title":{"rendered":"La paridad est\u00e1 en acci\u00f3n: INMUJERES"},"content":{"rendered":"\n<p class=\"wp-block-paragraph\"><strong>*\nRealiza junto con INE, TEPJF y ONU Mujeres&nbsp;\nseminario para conmemorar el 66 aniversario del voto<\/strong><\/p>\n\n\n\n<p class=\"wp-block-paragraph\"><strong>*<\/strong><strong> Urge\nuna legislaci\u00f3n para reconocer el delito de violencia pol\u00edtica contra las\nmujeres<\/strong><strong><\/strong><\/p>\n\n\n\n<p class=\"wp-block-paragraph\"><strong>Redacci\u00f3n<\/strong><\/p>\n\n\n\n<p class=\"wp-block-paragraph\">SemM\u00e9xico, Cd. de\nM\u00e9xico, 18 octubre 2019.- La paridad est\u00e1 en acci\u00f3n y no descansar\u00e1 hasta que\nM\u00e9xico tenga m\u00e1s legisladoras, m\u00e1s ministras, presidentas municipales,\ngobernadoras y m\u00e1s secretarias de Estado, dijo la presidenta del instituto\nNacional de las Mujeres (INMUJERES) durante la inauguraci\u00f3n del Seminario\n\u201cRetos para el logro de la igualdad sustantiva en tiempos de paridad de\ng\u00e9nero\u201d.<\/p>\n\n\n\n<p class=\"wp-block-paragraph\">En el acto realizado en\ncoordinaci\u00f3n con el Instituto Nacional Electoral (INE), el\nTribunal Electoral del Poder Judicial de la Federaci\u00f3n (TEPJF) y ONU Mujeres,\npara conmemorar el 66 aniversario del voto de las mujeres, Nadine Gasman subray\u00f3\nque el reconocimiento de los derechos de las mujeres siempre ha tenido\nresistencias. <\/p>\n\n\n\n<p class=\"wp-block-paragraph\">\u201cFueron\nnecesarios 36 a\u00f1os desde la promulgaci\u00f3n de la Constituci\u00f3n de 1917 para que\nlos derechos pol\u00edticos de las mujeres fueran reconocidos y fueron necesarios 57\na\u00f1os para que a las mujeres y los hombres de M\u00e9xico se nos considerara como\niguales ante la ley\u201d<\/p>\n\n\n\n<figure class=\"wp-block-image\"><img decoding=\"async\" src=\"https:\/\/redsemlac.com\/semmexico\/wp-content\/uploads\/2019\/10\/66-Aniversario-1024x684.jpeg\" alt=\"\" class=\"wp-image-13101\"\/><\/figure>\n\n\n\n<p class=\"wp-block-paragraph\">La presidenta de INMUJERES\nconsider\u00f3 que el desaf\u00edo es fortalecer la legislaci\u00f3n secundaria para que esta\nola paritaria alcance todas las normativas y principalmente las municipales, en\ndonde la representaci\u00f3n de mujeres contin\u00faa siendo baja y donde las mujeres\nsiguen enfrentando los obst\u00e1culos m\u00e1s graves, culturales y sociales, como el\nmachismo, la discriminaci\u00f3n, los prejuicios, los estereotipos y la violencia de\ng\u00e9nero, por lo que manifest\u00f3 su absoluto rechazo ante las expresiones\ndiscriminatorias en contra de la participaci\u00f3n pol\u00edtica de las mujeres, como la\nque sucedi\u00f3 en d\u00edas pasados en el Congreso de Morelos.<\/p>\n\n\n\n<p class=\"wp-block-paragraph\">Por su parte, el\nConsejero Presidente del Instituto Nacional Electoral, Lorenzo C\u00f3rdova\nVianello, llam\u00f3 a trascender la frontera de lo electoral en materia de paridad,\ncuidar los logros alcanzados e ir por la paridad en la integraci\u00f3n de las\ndistintas instancias y organismos del sector p\u00fablico y social. Destac\u00f3 que para\nlograr la igualdad sustantiva se requiere adecuar los diferentes componentes\nnormativos, administrativos y jurisdiccionales con la finalidad de generar\nsinergias que impulsen, respalden y protejan la participaci\u00f3n de las mujeres en\notros \u00e1mbitos de la vida p\u00fablica, econ\u00f3mica, laboral y social.<\/p>\n\n\n\n<p class=\"wp-block-paragraph\">En tanto, el\nMagistrado Presidente de la Sala Superior del Tribunal Electoral del Poder\nJudicial de la Federaci\u00f3n (TEPJF), Felipe Fuentes Barrera, convoc\u00f3 a firmar un\n\u201cpacto por la paridad total\u201d para las elecciones locales y federales de 2021,\ncon el fin de que todos los actores pol\u00edticos y autoridades coadyuven a cumplir\ncon la reforma constitucional que garantiza igualdad de g\u00e9nero en todos los\ncargos.<\/p>\n\n\n\n<p class=\"wp-block-paragraph\">En su\nintervenci\u00f3n, Bel\u00e9n S\u00e1nz, representante de ONU Mujeres en M\u00e9xico llam\u00f3 al\nEstado mexicano a que la paridad se traduzca en igualdad sustantiva, por lo que\nconsider\u00f3 fundamental adoptar medidas para armonizar la legislaci\u00f3n estatal a\nfin de reconocer como delito la violencia pol\u00edtica contra las mujeres,\nestableciendo responsabilidades claras en materia de prevenci\u00f3n, apoyo,\nenjuiciamiento y sanci\u00f3n para las autoridades federales, estatales y\nmunicipales.<\/p>\n\n\n\n<p class=\"wp-block-paragraph\">Las y los\nrepresentantes del INMUJERES, INE, TEPJF, y ONU Mujeres coincidieron en unir\nesfuerzos para transitar de la paridad de g\u00e9nero a la igualdad sustantiva y\nponer fin a la violencia pol\u00edtica contra las mujeres por raz\u00f3n de g\u00e9nero.<\/p>\n","protected":false},"excerpt":{"rendered":"<p>Realiza junto con INE, TEPJF y ONU Mujeres  seminario para conmemorar el 66 aniversario del voto<\/p>\n","protected":false},"author":3,"featured_media":13102,"comment_status":"open","ping_status":"open","sticky":false,"template":"","format":"standard","meta":{"_monsterinsights_skip_tracking":false,"footnotes":""},"categories":[690,51],"tags":[],"class_list":["post-13100","post","type-post","status-publish","format-standard","has-post-thumbnail","category-690","category-ejecutivo"],"_links":{"self":[{"href":"https:\/\/redsemlac.com\/semmexico\/wp-json\/wp\/v2\/posts\/13100","targetHints":{"allow":["GET"]}}],"collection":[{"href":"https:\/\/redsemlac.com\/semmexico\/wp-json\/wp\/v2\/posts"}],"about":[{"href":"https:\/\/redsemlac.com\/semmexico\/wp-json\/wp\/v2\/types\/post"}],"author":[{"embeddable":true,"href":"https:\/\/redsemlac.com\/semmexico\/wp-json\/wp\/v2\/users\/3"}],"replies":[{"embeddable":true,"href":"https:\/\/redsemlac.com\/semmexico\/wp-json\/wp\/v2\/comments?post=13100"}],"version-history":[{"count":0,"href":"https:\/\/redsemlac.com\/semmexico\/wp-json\/wp\/v2\/posts\/13100\/revisions"}],"wp:featuredmedia":[{"embeddable":true,"href":"https:\/\/redsemlac.com\/semmexico\/wp-json\/wp\/v2\/media\/13102"}],"wp:attachment":[{"href":"https:\/\/redsemlac.com\/semmexico\/wp-json\/wp\/v2\/media?parent=13100"}],"wp:term":[{"taxonomy":"category","embeddable":true,"href":"https:\/\/redsemlac.com\/semmexico\/wp-json\/wp\/v2\/categories?post=13100"},{"taxonomy":"post_tag","embeddable":true,"href":"https:\/\/redsemlac.com\/semmexico\/wp-json\/wp\/v2\/tags?post=13100"}],"curies":[{"name":"wp","href":"https:\/\/api.w.org\/{rel}","templated":true}]}}