{"id":13096,"date":"2019-10-18T21:46:48","date_gmt":"2019-10-18T21:46:48","guid":{"rendered":"https:\/\/redsemlac.com\/semmexico\/?p=13096"},"modified":"2023-07-21T15:12:45","modified_gmt":"2023-07-21T20:12:45","slug":"contenta-y-honrada-dijo-la-medica-feminista-mabel-bianco-entre-las-100-mujeres-mas-influyentes-e-inspiradoras-del-mundo","status":"publish","type":"post","link":"https:\/\/redsemlac.com\/semmexico\/contenta-y-honrada-dijo-la-medica-feminista-mabel-bianco-entre-las-100-mujeres-mas-influyentes-e-inspiradoras-del-mundo\/","title":{"rendered":"\u201cContenta y honrada\u201d, dijo la m\u00e9dica feminista Mabel Bianco, entre las 100 mujeres m\u00e1s influyentes e inspiradoras del mundo"},"content":{"rendered":"\n<p class=\"wp-block-paragraph\"><strong>Es la \u00fanica argentina y una de las diez latinoamericanas que figuran en el r\u00e1nking elaborado por la BBC.<\/strong><\/p>\n\n\n\n<p class=\"wp-block-paragraph\">SemM\u00e9xico\/Clar\u00edn. 18 de octubre 2019.- La m\u00e9dica feminista&nbsp;<strong>Mabel Bianco,<\/strong>&nbsp;presidenta de la Fundaci\u00f3n para Estudio e Investigaci\u00f3n de la Mujer (Feim), fue elegida entre las \u00abm\u00e1s influyentes e inspiradoras del mundo\u00bb en la<a rel=\"noreferrer noopener\" target=\"_blank\" href=\"https:\/\/www.bbc.com\/news\/world-50042279\">&nbsp;lista&nbsp;<strong>\u00ab100 Mujeres de la BBC\u00bb.<\/strong><\/a><\/p>\n\n\n\n<p class=\"wp-block-paragraph\">Bianco, quien trabaja desde hace 40 a\u00f1os por la salud y los derechos reproductivos de las mujeres y la legalizaci\u00f3n del aborto, fue elegida en la categor\u00eda \u00ab<strong>Liderazgo<\/strong>\u00ab, mientras que las otras ternas existentes fueron \u00abTierra\u00bb, \u00abConocimiento\u00bb, \u00abCreatividad\u00bb, \u00abDeporte\u00bb e \u00abIdentidad\u00bb.<\/p>\n\n\n\n<p class=\"wp-block-paragraph\">\u00abRecibo este reconocimiento muy&nbsp;<strong>contenta y honrada<\/strong>, sobre todo por las otras mujeres que veo en la lista, a muchas de las cuales conozco y admiro\u00bb, dijo a T\u00e9lam Bianco, que este a\u00f1o cumple, adem\u00e1s, 30 a\u00f1os como presidenta de Feim.<\/p>\n\n\n\n<p class=\"wp-block-paragraph\">La m\u00e9dica cont\u00f3 que cuando le preguntaron si le interesaba participar de la convocatoria para recibir la distinci\u00f3n dijo que s\u00ed, aunque \u00abno sab\u00eda bien c\u00f3mo era el procedimiento\u00bb.<\/p>\n\n\n\n<p class=\"wp-block-paragraph\">\u00abMe pidieron que detallara el \u00e1mbito en que trabajo y cu\u00e1les eran mis expectativas, y yo dije que desde hace d\u00e9cadas vengo luchando por los derechos de las mujeres en general y m\u00e1s espec\u00edficamente por los derechos sexuales y reproductivos\u00bb, coment\u00f3.<\/p>\n\n\n\n<p class=\"wp-block-paragraph\">Sobre sus expectativas, se\u00f1al\u00f3: \u00ab<strong>Quiero un futuro sin muertes innecesarias de mujeres<\/strong>. Espero que lleguemos a un punto en el que las mujeres de todo el planeta puedan vivir sin violencia de g\u00e9nero y decidir libremente sobre sus vidas, sus cuerpos y si quieren ser o no ser madres sin riesgo de muerte\u00bb.<br><\/p>\n\n\n\n<figure class=\"wp-block-image\"><img decoding=\"async\" src=\"https:\/\/images.clarin.com\/2019\/03\/04\/la-actriz-mexicana-yalitza-aparicio___MTy5fpYgB_720x0__1.jpg\" alt=\"La actriz mexicana Yalitza Aparicio tambi\u00e9n aparece en el r\u00e1nking.\"\/><figcaption> La actriz mexicana Yalitza Aparicio tambi\u00e9n aparece en el r\u00e1nking. <\/figcaption><\/figure>\n\n\n\n<p class=\"wp-block-paragraph\">\u00abEste reconocimiento es un aliciente para seguir trabajando, as\u00ed que la mejor manera de agradecer es continuar con mi lucha de todos los d\u00edas\u00bb, complet\u00f3 Bianco.<\/p>\n\n\n\n<p class=\"wp-block-paragraph\">Entre las latinoamericanas distinguidas est\u00e1 la actriz ind\u00edgena mexicana&nbsp;<strong>Yalitza Aparicio<\/strong>&nbsp;(protagonista de la pel\u00edcula \u201c<em>Roma<\/em>\u201d); la ecuatoriana&nbsp;<strong>Mar\u00eda Fernanda Espinosa<\/strong>, presidenta de la Asamblea General de la ONU; la activista medioambiental colombiana&nbsp;<strong>Francia M\u00e1rque<\/strong>z y la poeta uruguaya<strong>&nbsp;Ida Vitale.<\/strong><br><\/p>\n\n\n\n<p class=\"wp-block-paragraph\">El r\u00e1nking tambi\u00e9n incluye a la activista sueca por el cambio clim\u00e1tico<a href=\"https:\/\/www.clarin.com\/tema\/greta-thunberg.html\" target=\"_blank\" rel=\"noreferrer noopener\">&nbsp;Greta Thunberg<\/a>, a la congresista estadounidense&nbsp;<strong>Alexandria Ocasio-Cortez<\/strong>, a la elegida mejor futbolista del mundo&nbsp;<strong>Megan Rapinoe<\/strong>, a la actriz&nbsp;<a href=\"https:\/\/www.clarin.com\/tema\/bella-thorne.html\" target=\"_blank\" rel=\"noreferrer noopener\">Bella Thorne<\/a>, a la activista transg\u00e9nero de Malasia&nbsp;<strong>Nisha Ayub<\/strong>, a la luchadora de sumo japonesa&nbsp;<strong>Hyori Kon<\/strong>&nbsp;y a la activista india de derechos humanos<strong>&nbsp;Parveena Ahanger.<\/strong><\/p>\n","protected":false},"excerpt":{"rendered":"<p>Es la \u00fanica argentina y una de las diez latinoamericanas que figuran en el r\u00e1nking elaborado por la BBC.<\/p>\n","protected":false},"author":3,"featured_media":13097,"comment_status":"open","ping_status":"open","sticky":false,"template":"","format":"standard","meta":{"_monsterinsights_skip_tracking":false,"footnotes":""},"categories":[690,56],"tags":[],"class_list":["post-13096","post","type-post","status-publish","format-standard","has-post-thumbnail","category-690","category-redes"],"_links":{"self":[{"href":"https:\/\/redsemlac.com\/semmexico\/wp-json\/wp\/v2\/posts\/13096","targetHints":{"allow":["GET"]}}],"collection":[{"href":"https:\/\/redsemlac.com\/semmexico\/wp-json\/wp\/v2\/posts"}],"about":[{"href":"https:\/\/redsemlac.com\/semmexico\/wp-json\/wp\/v2\/types\/post"}],"author":[{"embeddable":true,"href":"https:\/\/redsemlac.com\/semmexico\/wp-json\/wp\/v2\/users\/3"}],"replies":[{"embeddable":true,"href":"https:\/\/redsemlac.com\/semmexico\/wp-json\/wp\/v2\/comments?post=13096"}],"version-history":[{"count":0,"href":"https:\/\/redsemlac.com\/semmexico\/wp-json\/wp\/v2\/posts\/13096\/revisions"}],"wp:featuredmedia":[{"embeddable":true,"href":"https:\/\/redsemlac.com\/semmexico\/wp-json\/wp\/v2\/media\/13097"}],"wp:attachment":[{"href":"https:\/\/redsemlac.com\/semmexico\/wp-json\/wp\/v2\/media?parent=13096"}],"wp:term":[{"taxonomy":"category","embeddable":true,"href":"https:\/\/redsemlac.com\/semmexico\/wp-json\/wp\/v2\/categories?post=13096"},{"taxonomy":"post_tag","embeddable":true,"href":"https:\/\/redsemlac.com\/semmexico\/wp-json\/wp\/v2\/tags?post=13096"}],"curies":[{"name":"wp","href":"https:\/\/api.w.org\/{rel}","templated":true}]}}