{"id":13094,"date":"2019-10-18T21:27:28","date_gmt":"2019-10-18T21:27:28","guid":{"rendered":"https:\/\/redsemlac.com\/semmexico\/?p=13094"},"modified":"2023-07-21T15:12:45","modified_gmt":"2023-07-21T20:12:45","slug":"opinion-172","status":"publish","type":"post","link":"https:\/\/redsemlac.com\/semmexico\/opinion-172\/","title":{"rendered":"Mujeres y Pol\u00edtica"},"content":{"rendered":"\n<h2 class=\"wp-block-heading\"><strong>Celebrar el 66 aniversario del voto, pasa por revisar la violencia pol\u00edtica<\/strong><\/h2>\n\n\n\n<p class=\"wp-block-paragraph\"><strong>* Emblem\u00e1tico caso de la diputada\nElisa Zepeda, deja indefensa a las oaxaque\u00f1as<\/strong><\/p>\n\n\n\n<p class=\"wp-block-paragraph\"><strong>Soledad Jarqu\u00edn Edgar<\/strong><\/p>\n\n\n\n<p class=\"wp-block-paragraph\">SemM\u00e9xico,\n18 octubre 2019.- Se cumplieron 66 a\u00f1os del voto femenino y universal en\nM\u00e9xico. Desde entonces el recuento ha sido ir para delante de manera permanente\ny constante. Se han modificado una y otra vez las leyes electorales para hacer\nrealidad la presencia de las mujeres en la toma de decisiones y en las leyes\ncon esa visi\u00f3n necesaria, incluyente de lo que necesitamos las mexicanas.<\/p>\n\n\n\n<p class=\"wp-block-paragraph\">As\u00ed\nllegamos al 2014, el a\u00f1o en que se aprob\u00f3 la Paridad en las candidaturas, lo\nque hasta 2018 se concret\u00f3 en Congresos locales y el Congreso de la Uni\u00f3n hay\nigualdad o mayor\u00eda de mujeres legisladoras. Como ciudadanas eso nos llena de\norgullo, vemos sus esfuerzos por hacer leyes m\u00e1s justas para las mujeres en\ntodas las materias necesarias. <\/p>\n\n\n\n<p class=\"wp-block-paragraph\">Una\nde ellas, la otra paridad. Me refiero a la reforma que aprob\u00f3 la C\u00e1mara de Diputados\ny Diputadas el 23 de mayo de este a\u00f1o, para garantizar la paridad de g\u00e9nero en\ntodos los cargos p\u00fablicos de los tres Poderes de la Uni\u00f3n y en los tres \u00f3rdenes\nde Gobierno. Vamos para adelante. <\/p>\n\n\n\n<p class=\"wp-block-paragraph\">Sin\nembargo, tenemos que mirar el costo que a\u00fan se paga por ello. El a\u00f1o en que se\naprob\u00f3 la paridad Elisa Zepeda Lagunas se hab\u00eda empecinado en defender el\nderecho a la participaci\u00f3n social y pol\u00edtica de las mujeres en su municipio,\nEloxochitl\u00e1n de Flores Mag\u00f3n, la cuna s\u00ed, de los hermanos Flores Mag\u00f3n, anarquistas\nrevolucionarios de vital importancia en nuestra historia.<\/p>\n\n\n\n<p class=\"wp-block-paragraph\">El\n14 de diciembre de 2014, la hoy diputada local por Morena, sufri\u00f3 agresiones\nviolent\u00edsimas. Iban por ella, como ya ha explicado incontables veces. La\nviolencia que sufri\u00f3, ella y su familia, es reflejo de la impotencia de algunos\nhombres que piensan y siguen pensando que las mujeres no deben estar en los\nespacios de decisi\u00f3n, en los espacios p\u00fablicos y menos si se trata de los\nespacios pol\u00edticos.<\/p>\n\n\n\n<p class=\"wp-block-paragraph\">El\nresultado de los graves hechos consignados por todos los medios, por la CNDH,\npor las autoridades de procuraci\u00f3n de justicia y de impartici\u00f3n de justicia\nfueron: el asesinato de su hermano Manuel, as\u00ed como de su amigo Gustavo\nEstrada, a su madre y a ella las golpearon con palos y machetes, hasta darlas\npor muertas, lo que les salv\u00f3 ir\u00f3nicamente la vida. As\u00ed como la quema de sus\nviviendas y las viviendas de otras mujeres que pertenec\u00edan a su grupo. <\/p>\n\n\n\n<p class=\"wp-block-paragraph\">Hay\nque decir que Elisa Zepeda ni siquiera buscaba entonces ser presidenta\nmunicipal ni nada, solo apoyaban a un candidato a alcalde, porque esta figura\nde gobierno municipal favorecer\u00eda tr\u00e1mites para un proyecto de vivienda que\nestaban por emprender.<\/p>\n\n\n\n<p class=\"wp-block-paragraph\">Lo\nque sigui\u00f3 es tan dif\u00edcil como lo primero. A\u00f1os de gestiones para llegar a\ncondenar al menos a seis de los muchos responsables de aquellos hechos\nsangrientos y detestables. Sin embargo, el lunes pasado, por presiones de\norganizaciones no gubernamentales en medios de comunicaci\u00f3n y confeccionando\nuna historia a modo, como se\u00f1ala la propia Elisa Zepeda, Miguel \u00c1ngel Peralta Betanzos,\na quien ella reconoce plenamente como uno de los agresores tanto en el delito\nde tentativa de homicidio contra ella y su madre, como en el delito de\nhomicidio, de su hermano y amigo, qued\u00f3 libre. Esto pese a una sentencia condenatoria\npor 50 a\u00f1os que ya ten\u00edan los implicados.<\/p>\n\n\n\n<p class=\"wp-block-paragraph\">El\ncaso de Elisa Zepeda, no es lamentablemente el \u00fanico en Oaxaca y en otras\nmuchas entidades del pa\u00eds. Para los hombres el hecho de que las mujeres busquen\nparticipar en pol\u00edtica atenta contra la hegemon\u00eda que hab\u00edan mantenido en el\npoder durante a\u00f1os. Pero tambi\u00e9n mediante instituciones electorales que siguen\nconsiderando que la incursi\u00f3n de las mujeres debe ser despacio, poco a poco,\nsobre todo en los sistemas normativos internos, forma de elecci\u00f3n mediante la\ncual, en el caso de Oaxaca, se eligen autoridades en 417 municipios.<\/p>\n\n\n\n<p class=\"wp-block-paragraph\">Esa\nconsideraci\u00f3n de quienes est\u00e1n al frente de las instituciones es muy parecida a\nlas que se emit\u00edan en el siglo pasado las iglesias y conservadores cuando las\nsufragistas mexicanas plantearon su inter\u00e9s de participar en la vida pol\u00edtica,\nlo que signific\u00f3 d\u00e9cadas de demandas, planteamientos, cartas y otras acciones.<\/p>\n\n\n\n<p class=\"wp-block-paragraph\">Algunas\nmujeres han sido asesinadas en contextos electorales en el pa\u00eds. A otras les\nhan arrebatado la vida ya cuando han sido electas, otras han sido perseguidas,\nofendidas, agredidas f\u00edsicamente y hasta obligadas a vivir la simulaci\u00f3n de sus\nmandatos cuando detr\u00e1s de ellas hay se\u00f1ores gobernando.<\/p>\n\n\n\n<p class=\"wp-block-paragraph\">Recientemente\nla Secretar\u00eda de las Mujeres de Oaxaca dio a conocer que tan s\u00f3lo este a\u00f1o han\npresentado denuncias por violencia pol\u00edtica seis presidentas municipales, tres\ns\u00edndicas, 28 regidoras, dos ex aspirantes, cuatro ciudadanas y una empleada\nmunicipal. La violencia la ejercieron en la mayor\u00eda de las ocasiones presidentes\nmunicipales, integrantes de los cabildos (sindicaturas y\/o regidur\u00edas), cinco\npartidos pol\u00edticos y cuatro asambleas comunitarias. Los partidos pol\u00edticos son:\nseis casos Morena, cinco PRI, dos PSD, cuatro PRD, dos PNA y otro no definido.<\/p>\n\n\n\n<p class=\"wp-block-paragraph\"><strong>Los feminicidios por violencia\npol\u00edtica<\/strong><\/p>\n\n\n\n<p class=\"wp-block-paragraph\">Carmela\nParral Santos, mun\u00edcipe de San Jos\u00e9 Estancia Grande, Oaxaca, hab\u00eda sido\nreelecta como abanderada del PRD, fue asesinada en agosto pasado. &nbsp;Es el mismo lugar donde en septiembre de 2004,\nfue asesinada la entonces candidata por ese mismo partido Guadalupe \u00c1vila\nSalinas y en junio de 2018 fue asesinada la candidata a segunda concejala,\nPamela Ter\u00e1n Pineda, en Juchit\u00e1n de Zaragoza, Oaxaca. Fue un triple asesinato,\nlas otras v\u00edctimas Mar\u00eda del Sol Cruz Jarqu\u00edn, fot\u00f3grafa, y el chofer de la\ncandidata Adelfo Guerra.<\/p>\n\n\n\n<p class=\"wp-block-paragraph\">Ese\nmismo 2 de junio, fue asesinada la candidata a la diputaci\u00f3n local de Puebla,\nJuana Maldonado. En ese proceso electoral 2017-2018 un total de 17 pol\u00edticas\nque aspiraban a un cargo fueron asesinadas.<\/p>\n\n\n\n<p class=\"wp-block-paragraph\">En abril de este a\u00f1o en Mixtla de Altamirano,\nVeracruz, fue asesinada la presidenta, Maricela Vallejo Orea, militante de\nMorena. Antes en Tlacojalpan, Veracruz, fue asesinada en 2012, Mary Sol Mora\nCuevas.<\/p>\n\n\n\n<p class=\"wp-block-paragraph\">Gisela Raquel Mota Ocampo, asesinada horas\ndespu\u00e9s de tomar protesta como mun\u00edcipe en Temixco, Morelos, en 2016.<\/p>\n\n\n\n<p class=\"wp-block-paragraph\">Entre los ex alcaldes, en 2011 fue asesinada\nSilvia Moreno Leal, quien hab\u00eda sido mun\u00edcipe de Balleza, Chihuahua; en 2012, Mar\u00eda\nSantos Gorostieta, ex mun\u00edcipe de Tiquicheo, Michoac\u00e1n.<\/p>\n\n\n\n<p class=\"wp-block-paragraph\">Pero la violencia tiene muchos rostros, los\narriba se\u00f1alados son algunos de los casos de violencia extrema que terminaron\ncon la vida de estas mujeres que aspiraban a ocupar lo que constitucionalmente\nles corresponde y que el pasado 17 de octubre cumpli\u00f3 66 a\u00f1os de vigencia en\nM\u00e9xico. <\/p>\n\n\n\n<p class=\"wp-block-paragraph\"><strong>Sintom\u00e1tica\nimpunidad para las mujeres <\/strong><\/p>\n\n\n\n<p class=\"wp-block-paragraph\">Retomo el caso de Elisa Zepeda, con amplitud,\nporque resultar\u00e1 emblem\u00e1tico con el paso de los d\u00edas si la absoluci\u00f3n de uno de\nsus victimarios no se \u201cendereza\u201d, ser\u00e1 una muestra m\u00e1s de la permisividad que\nen M\u00e9xico existe. Ella dijo: Frente a mis ojos la justicia se desvanece. Como\nest\u00e1n desvanecidos el resto de los casos de violencia que hoy siguen impunes. <\/p>\n\n\n\n<p class=\"wp-block-paragraph\">Y tambi\u00e9n es simb\u00f3lico por el mensaje que las\nautoridades dan a las mujeres. Elisa Zepeda es diputada local, \u00bfqu\u00e9 se puede\nesperar de la justicia en Oaxaca para quienes no est\u00e1n dentro de alg\u00fan poder\npol\u00edtico? Es sin duda sintom\u00e1tico.<\/p>\n\n\n\n<p class=\"wp-block-paragraph\">Celebramos el 66 aniversario del voto universal\nde las mujeres (1953), un logro hist\u00f3rico, tanto como la paridad (2014), pero\nno perdamos de vista las m\u00faltiples dimensiones de la violencia pol\u00edtica y la\nimpunidad que en ella subyace, las p\u00e9simas investigaciones de las fiscal\u00edas,\nque para empezar se niegan a reconocer los feminicidios, y las malas decisiones\nde los tribunales que como en el caso de Elisa Zepeda, absuelven a un\nperpetrador. <\/p>\n","protected":false},"excerpt":{"rendered":"<p>Celebrar el 66 aniversario del voto, pasa por revisar la violencia pol\u00edtica<\/p>\n","protected":false},"author":3,"featured_media":8460,"comment_status":"open","ping_status":"open","sticky":false,"template":"","format":"standard","meta":{"_monsterinsights_skip_tracking":false,"footnotes":""},"categories":[690,96,75],"tags":[],"class_list":["post-13094","post","type-post","status-publish","format-standard","has-post-thumbnail","category-690","category-mujeres-y-politica","category-soledad-jarquin-edgar"],"_links":{"self":[{"href":"https:\/\/redsemlac.com\/semmexico\/wp-json\/wp\/v2\/posts\/13094","targetHints":{"allow":["GET"]}}],"collection":[{"href":"https:\/\/redsemlac.com\/semmexico\/wp-json\/wp\/v2\/posts"}],"about":[{"href":"https:\/\/redsemlac.com\/semmexico\/wp-json\/wp\/v2\/types\/post"}],"author":[{"embeddable":true,"href":"https:\/\/redsemlac.com\/semmexico\/wp-json\/wp\/v2\/users\/3"}],"replies":[{"embeddable":true,"href":"https:\/\/redsemlac.com\/semmexico\/wp-json\/wp\/v2\/comments?post=13094"}],"version-history":[{"count":0,"href":"https:\/\/redsemlac.com\/semmexico\/wp-json\/wp\/v2\/posts\/13094\/revisions"}],"wp:featuredmedia":[{"embeddable":true,"href":"https:\/\/redsemlac.com\/semmexico\/wp-json\/wp\/v2\/media\/8460"}],"wp:attachment":[{"href":"https:\/\/redsemlac.com\/semmexico\/wp-json\/wp\/v2\/media?parent=13094"}],"wp:term":[{"taxonomy":"category","embeddable":true,"href":"https:\/\/redsemlac.com\/semmexico\/wp-json\/wp\/v2\/categories?post=13094"},{"taxonomy":"post_tag","embeddable":true,"href":"https:\/\/redsemlac.com\/semmexico\/wp-json\/wp\/v2\/tags?post=13094"}],"curies":[{"name":"wp","href":"https:\/\/api.w.org\/{rel}","templated":true}]}}