{"id":13088,"date":"2019-10-18T18:17:59","date_gmt":"2019-10-18T18:17:59","guid":{"rendered":"https:\/\/redsemlac.com\/semmexico\/?p=13088"},"modified":"2023-07-21T15:12:45","modified_gmt":"2023-07-21T20:12:45","slug":"opinion-171","status":"publish","type":"post","link":"https:\/\/redsemlac.com\/semmexico\/opinion-171\/","title":{"rendered":"Mujer y Poder"},"content":{"rendered":"\n<h2 class=\"wp-block-heading\"> Se\u00f1or Presidente: La sociedad demanda acciones efectivas contra la delincuencia <\/h2>\n\n\n\n<p class=\"wp-block-paragraph\"><strong>* La\ngente de Culiac\u00e1n est\u00e1 aterrada<\/strong><\/p>\n\n\n\n<p class=\"wp-block-paragraph\"><strong>Natalia Vidales Rodr\u00edguez<\/strong><\/p>\n\n\n\n<p class=\"wp-block-paragraph\"><strong>SemM\u00e9xico, 18 octubre 2019.- \u00abEs\nuna exageraci\u00f3n decir que ha fracasado nuestra estrategia, eso quisieran los\nconservadores\u00bb, dijo esta ma\u00f1ana el presidente de M\u00e9xico, ante los sucesos\nde Culiac\u00e1n, Sinaloa.<\/strong><\/p>\n\n\n\n<p class=\"wp-block-paragraph\"><strong>\u00a1Que impotencia! El presidente ve\narder en llamas a la capital de Sinaloa y sus palabras van encaminadas al\npleito\u2026 como ha sido su constante. \u00bfEn qu\u00e9 cabeza cabe pensar que la ciudadan\u00eda\nest\u00e1 contenta con una operaci\u00f3n fallida contra la delincuencia organizada?<\/strong><\/p>\n\n\n\n<p class=\"wp-block-paragraph\"><strong>El presidente no mide sus\npalabras y lo que demuestra es la falta de altura para gobernar que tiene. Seg\u00fan\n\u00e9l, porque fue su estrategia y fall\u00f3\u2026 la ciudadan\u00eda est\u00e1 feliz. \u00a1Para no creerse!\n\u00bfNo puede pensar que aplaudir\u00edamos una acci\u00f3n efectiva y el triunfo por sobre\nla vergonzosa derrota y el empoderamiento del narco en Sinaloa?&nbsp; No. Su obsesi\u00f3n por pelear y dividir no se lo\npermite.<\/strong><\/p>\n\n\n\n<p class=\"wp-block-paragraph\"><strong>\u00a1La gente de Culiac\u00e1n est\u00e1\naterrada! Vivi\u00f3 ayer horas de p\u00e1nico, dram\u00e1ticas, como hace muchos a\u00f1os no\nsuced\u00eda. Y la poblaci\u00f3n mexicana nos solidarizamos con ellos y ellas,\nentendemos sus miedos, sus dudas, su frustraci\u00f3n.<\/strong><\/p>\n\n\n\n<p class=\"wp-block-paragraph\"><strong>Una verg\u00fcenza para el mundo fue\nver que los narcos superaron, en mucho -en equipo y estrategia- a la Guardia\nNacional, al ej\u00e9rcito y a las fuerzas policiacas. A la vista, en los videos que\nla propia ciudadan\u00eda hizo circular, estuvo el armamento de los\ndelincuentes\u2026impresionante y similar al de las pel\u00edculas de los grandes capos. <\/strong><\/p>\n\n\n\n<p class=\"wp-block-paragraph\"><strong>Y m\u00e1s verg\u00fcenza da saber hoy que\nel encuentro con el hijo del Chapo Guzm\u00e1n fue casual y no producto de una\ninvestigaci\u00f3n policiaca que llevara a la detenci\u00f3n de altos mandos de la delincuencia\norganizada y tal vez \u00bfpor qu\u00e9 no? la desintegraci\u00f3n de una de sus c\u00e9lulas. No,\nesto no pudo ser as\u00ed porque en nuestro pa\u00eds de casualidad se encuentra al\nsecuestrador, al asesino, al violador y a toda la escoria delincuencial que\npoco a poco se apodera de la sociedad.&nbsp;&nbsp;&nbsp;&nbsp;\n<\/strong><\/p>\n\n\n\n<p class=\"wp-block-paragraph\"><strong>En este caso, como en otros, el\nencuentro con el hijo del Chapo fue casual. Por ello, cuando supieron de quien\nse trataba\u2026 \u00a1casi le pidieron perd\u00f3n al \u00a8Chapito\u00a8 por haberlo molestado! \u00bfC\u00f3mo\npuede ser esto?<\/strong><\/p>\n\n\n\n<p class=\"wp-block-paragraph\"><strong>La sociedad entera \u2013no solo los\nconservadores o la oposici\u00f3n partidista, se\u00f1or presidente-&nbsp; demanda a las autoridades acciones efectivas,\nno simulaciones ni retrocesos en la lucha contra el narco. <\/strong><\/p>\n\n\n\n<p class=\"wp-block-paragraph\"><strong>Presidente: Lo sucedido ayer en\nCuliac\u00e1n es una muestra de lo que la delincuencia organizada puede hacer\u2026 por\ntodo el pa\u00eds. \u00bfVa a continuar usted con la estrategia de impunidad y pedir a\nlos sicarios que \u00a8piensen en su mamacita y se porten bien\u00a8? <\/strong><\/p>\n\n\n\n<p class=\"wp-block-paragraph\"><strong>No es eso lo que queremos de los\nmandatarios de este pa\u00eds. S\u00ed, la ciudadan\u00eda donde se encuentran conservadores,\nliberales, creyentes y ateos, ricos y pobres, letrados e ignorantes, opositores\ny militantes de su propio partido queremos estrategias efectivas, capacitaci\u00f3n\ny recursos para nuestras fuerzas armadas.<\/strong><\/p>\n","protected":false},"excerpt":{"rendered":"<p>Se\u00f1or Presidente: La sociedad demanda acciones efectivas contra la delincuencia<\/p>\n","protected":false},"author":3,"featured_media":13089,"comment_status":"open","ping_status":"open","sticky":false,"template":"","format":"standard","meta":{"_monsterinsights_skip_tracking":false,"footnotes":""},"categories":[690,100,72],"tags":[],"class_list":["post-13088","post","type-post","status-publish","format-standard","has-post-thumbnail","category-690","category-mujer-y-poder","category-natalia-vidales"],"_links":{"self":[{"href":"https:\/\/redsemlac.com\/semmexico\/wp-json\/wp\/v2\/posts\/13088","targetHints":{"allow":["GET"]}}],"collection":[{"href":"https:\/\/redsemlac.com\/semmexico\/wp-json\/wp\/v2\/posts"}],"about":[{"href":"https:\/\/redsemlac.com\/semmexico\/wp-json\/wp\/v2\/types\/post"}],"author":[{"embeddable":true,"href":"https:\/\/redsemlac.com\/semmexico\/wp-json\/wp\/v2\/users\/3"}],"replies":[{"embeddable":true,"href":"https:\/\/redsemlac.com\/semmexico\/wp-json\/wp\/v2\/comments?post=13088"}],"version-history":[{"count":0,"href":"https:\/\/redsemlac.com\/semmexico\/wp-json\/wp\/v2\/posts\/13088\/revisions"}],"wp:featuredmedia":[{"embeddable":true,"href":"https:\/\/redsemlac.com\/semmexico\/wp-json\/wp\/v2\/media\/13089"}],"wp:attachment":[{"href":"https:\/\/redsemlac.com\/semmexico\/wp-json\/wp\/v2\/media?parent=13088"}],"wp:term":[{"taxonomy":"category","embeddable":true,"href":"https:\/\/redsemlac.com\/semmexico\/wp-json\/wp\/v2\/categories?post=13088"},{"taxonomy":"post_tag","embeddable":true,"href":"https:\/\/redsemlac.com\/semmexico\/wp-json\/wp\/v2\/tags?post=13088"}],"curies":[{"name":"wp","href":"https:\/\/api.w.org\/{rel}","templated":true}]}}