{"id":13085,"date":"2019-10-18T18:09:07","date_gmt":"2019-10-18T18:09:07","guid":{"rendered":"https:\/\/redsemlac.com\/semmexico\/?p=13085"},"modified":"2023-07-21T15:12:45","modified_gmt":"2023-07-21T20:12:45","slug":"sin-presupuesto-de-genero-mujeres-y-ninas-no-existen-nadia-navarro","status":"publish","type":"post","link":"https:\/\/redsemlac.com\/semmexico\/sin-presupuesto-de-genero-mujeres-y-ninas-no-existen-nadia-navarro\/","title":{"rendered":"Sin presupuesto de g\u00e9nero, mujeres y ni\u00f1as no existen: Nadia Navarro"},"content":{"rendered":"\n<p class=\"wp-block-paragraph\"><strong>* Para<\/strong><strong> poder garantizar un camino para el pleno ejercicio\nde sus derechos <\/strong><\/p>\n\n\n\n<p class=\"wp-block-paragraph\"><strong>*\nSenadoras seguir\u00e1n impulsando la defensa de los derechos de las mujeres<\/strong><\/p>\n\n\n\n<p class=\"wp-block-paragraph\"><strong>Elda Montiel<\/strong><\/p>\n\n\n\n<p class=\"wp-block-paragraph\">SemM\u00e9xico, Cd. de M\u00e9xico, 18 octubre\n2019.- Un llamado para que el presupuesto para las mujeres se haga realidad, \u201cporque\nsin dinero las mujeres y las ni\u00f1as no existen\u201d, y es necesario asegurarles un\ncamino cierto para el pleno ejercicio de sus derechos, demand\u00f3 la legisladora\npanista Nadia Navarro Acevedo en el\nSenado de la Rep\u00fablica. <\/p>\n\n\n\n<p class=\"wp-block-paragraph\">En la sesi\u00f3n\nsolemne para conmemorar el 66 Aniversario del reconocimiento al Derecho al Voto\nde las Mujeres, exigi\u00f3 programas para las mujeres, estancias infantiles, m\u00e1s\nmagistradas, m\u00e1s ministras de la Corte.<\/p>\n\n\n\n<p class=\"wp-block-paragraph\">Advirti\u00f3 que, si no hay dinero para las mujeres y para las ni\u00f1as vamos a seguir\nrecibiendo flores cada 8 de marzo, vamos a seguir asistiendo a ceremonias\nsolemnes, pero jam\u00e1s vamos a poder garantizar un camino cierto para el pleno\nejercicio de los derechos de las ni\u00f1as y de las mujeres.<\/p>\n\n\n\n<p class=\"wp-block-paragraph\">Fue categ\u00f3rica al se\u00f1alar que \u201clas mujeres no vendemos nuestro voto\u201d, tras reafirmar el compromiso de Acci\u00f3n Nacional con la existencia de los \u00f3rganos electorales como instancias aut\u00f3nomas y fuertes. <\/p>\n\n\n\n<p class=\"wp-block-paragraph\">En su participaci\u00f3n, ante las y los\nsenadores, refrend\u00f3 el compromiso como legisladoras de Acci\u00f3n Nacional para\n\u201cseguir luchando para que esta generaci\u00f3n, esta generaci\u00f3n paritaria tenga\ncompromisos ciertos con aquellas mujeres que vienen despu\u00e9s de nosotras\u201d.<\/p>\n\n\n\n<p class=\"wp-block-paragraph\">Afirm\u00f3 que conmemorar el 66 Aniversario\ndel Derecho al Voto Femenino en M\u00e9xico significa \u201crecordar solemnemente lo que\nhemos logrado y reflexionar sobre todo aquello que est\u00e1 pendiente, reconocer a\ntodas aquellas mujeres que con gran valent\u00eda se atrevieron a participar en la\nvida pol\u00edtica de M\u00e9xico\u201d.<\/p>\n\n\n\n<p class=\"wp-block-paragraph\">Cit\u00f3 la frase de Mar\u00eda Elena Moyano,\nhero\u00edna asesinada en 1992: \u201cLa revoluci\u00f3n no es muerte, ni imposici\u00f3n, ni\nsometimiento, ni fanatismo. La revoluci\u00f3n es luchar por una sociedad justa y\nsolidaria, afirmando la vida y la dignidad\u201d.<\/p>\n\n\n\n<p class=\"wp-block-paragraph\">Como un Senado de avanzada, indic\u00f3 que\nles toca que se reconozca y tipifique la violencia pol\u00edtica y seguir impulsando\na mujeres, como a la senadora Kenia L\u00f3pez Rabad\u00e1n y todas las mujeres que\nacompa\u00f1aron esta reforma constitucional para hacer que hoy la paridad en los\ncongresos sea una realidad.<\/p>\n\n\n\n<p class=\"wp-block-paragraph\">Seguir impulsando a senadoras como Vanessa Rubio, quien ha impulsado\nque en los organismos pol\u00edticos y sociales y econ\u00f3micos tambi\u00e9n sean integrados\nde manera paritaria. A la presidenta de la Mesa Directiva del\nSenado de la Republica, M\u00f3nica Fern\u00e1ndez Balboa, a Claudia\nRuiz Massieu, que le ha tocado dirigir un partido pol\u00edtico tan importante, y a\nla emblem\u00e1tica y l\u00edder ya de una vida pol\u00edtica, Patricia Mercado. <\/p>\n\n\n\n<p class=\"wp-block-paragraph\">Sigamos apostando por la defensa de\nlos derechos de las mujeres, expres\u00f3 y mostr\u00f3 su confianza de que las\nactividades de las legisladoras actuales, tambi\u00e9n se mencionen en la historia\nde M\u00e9xico por la lealtad a los principios. <\/p>\n\n\n\n<p class=\"wp-block-paragraph\">Gracias a esta independencia es que\nhoy estamos aqu\u00ed y nos vamos a asegurar de que nuestras instituciones sean\nfuertes y sean s\u00f3lidas, que pasemos del discurso al tema del presupuesto, que\nni gobiernos ni gobernantes hagan tambalear a nuestras instituciones\ndemocr\u00e1ticas, \u00e9se es y ser\u00e1 el compromiso de Acci\u00f3n Nacional y para eso cuenten\ncon nosotros.<\/p>\n\n\n\n<p class=\"wp-block-paragraph\">SEM\/em\/sj <\/p>\n","protected":false},"excerpt":{"rendered":"<p>Para poder garantizar un camino para el pleno ejercicio de sus derechos <\/p>\n","protected":false},"author":3,"featured_media":13086,"comment_status":"open","ping_status":"open","sticky":false,"template":"","format":"standard","meta":{"_monsterinsights_skip_tracking":false,"footnotes":""},"categories":[690,50],"tags":[],"class_list":["post-13085","post","type-post","status-publish","format-standard","has-post-thumbnail","category-690","category-congreso"],"_links":{"self":[{"href":"https:\/\/redsemlac.com\/semmexico\/wp-json\/wp\/v2\/posts\/13085","targetHints":{"allow":["GET"]}}],"collection":[{"href":"https:\/\/redsemlac.com\/semmexico\/wp-json\/wp\/v2\/posts"}],"about":[{"href":"https:\/\/redsemlac.com\/semmexico\/wp-json\/wp\/v2\/types\/post"}],"author":[{"embeddable":true,"href":"https:\/\/redsemlac.com\/semmexico\/wp-json\/wp\/v2\/users\/3"}],"replies":[{"embeddable":true,"href":"https:\/\/redsemlac.com\/semmexico\/wp-json\/wp\/v2\/comments?post=13085"}],"version-history":[{"count":0,"href":"https:\/\/redsemlac.com\/semmexico\/wp-json\/wp\/v2\/posts\/13085\/revisions"}],"wp:featuredmedia":[{"embeddable":true,"href":"https:\/\/redsemlac.com\/semmexico\/wp-json\/wp\/v2\/media\/13086"}],"wp:attachment":[{"href":"https:\/\/redsemlac.com\/semmexico\/wp-json\/wp\/v2\/media?parent=13085"}],"wp:term":[{"taxonomy":"category","embeddable":true,"href":"https:\/\/redsemlac.com\/semmexico\/wp-json\/wp\/v2\/categories?post=13085"},{"taxonomy":"post_tag","embeddable":true,"href":"https:\/\/redsemlac.com\/semmexico\/wp-json\/wp\/v2\/tags?post=13085"}],"curies":[{"name":"wp","href":"https:\/\/api.w.org\/{rel}","templated":true}]}}