{"id":13082,"date":"2019-10-18T17:57:59","date_gmt":"2019-10-18T17:57:59","guid":{"rendered":"https:\/\/redsemlac.com\/semmexico\/?p=13082"},"modified":"2023-07-21T15:12:45","modified_gmt":"2023-07-21T20:12:45","slug":"guerrero-60","status":"publish","type":"post","link":"https:\/\/redsemlac.com\/semmexico\/guerrero-60\/","title":{"rendered":"Sostiene gobernador de Guerrero que atiende la AVGM"},"content":{"rendered":"\n<p class=\"wp-block-paragraph\"><strong>* Presenta Astudillo Flores informe de gobierno<\/strong><\/p>\n\n\n\n<p class=\"wp-block-paragraph\"><strong>* PAN pide reforzar campa\u00f1as; el PRD demanda un diagn\u00f3stico de los\nlogros<\/strong><\/p>\n\n\n\n<p class=\"wp-block-paragraph\"><strong>Josefina Aguilar Pastor<\/strong><\/p>\n\n\n\n<p class=\"wp-block-paragraph\">SemM\u00e9xico, Chilpancingo, Gro., 18 de octubre de\n2019.- El gobierno del Estado de Guerrero ha implementado pol\u00edticas p\u00fablicas\npara el bienestar y la seguridad de las mujeres y ha atendido la Aleta de Violencia\nde G\u00e9nero contra Mujeres (AVGM), asegur\u00f3 el gobernador H\u00e9ctor Astudillo Flores.<\/p>\n\n\n\n<p class=\"wp-block-paragraph\">Al presentar ante el Congreso su cuarto informe de\ngobierno anunci\u00f3 la inversi\u00f3n de 5.7 millones de pesos por parte de la Comisi\u00f3n\nNacional para Prevenir y Erradicar la Violencia Contra las Mujeres (CONAVIM).<\/p>\n\n\n\n<p class=\"wp-block-paragraph\">Como lo marca la ley org\u00e1nica del Poder Legislativo,\nuna o un diputado de cada una de las fracciones parlamentarias fij\u00f3 postura\nrespecto al informe enviado con anterioridad por el ejecutivo estatal, solo\ndos, hicieron menci\u00f3n de la violencia de g\u00e9nero.<\/p>\n\n\n\n<p class=\"wp-block-paragraph\">Guadalupe Gonz\u00e1lez Su\u00e1stegui, \u00fanica representante\ndel Partido Acci\u00f3n Nacional (PAN), reconoci\u00f3 el trabajo que dijo ha realizado\nel gobierno estatal en este \u00faltimo a\u00f1o, en materia de atenci\u00f3n y lucha contra\nla violencia hacia las mujeres, \u201cpero algo est\u00e1 pasando que las mujeres est\u00e1n\ndejando de a acudir a los centros de atenci\u00f3n\u201d.<\/p>\n\n\n\n<p class=\"wp-block-paragraph\">Le\npidi\u00f3 reforzar las campa\u00f1as de informaci\u00f3n para que se conozcan los servicios, tanto\nen Acapulco como en Chilpancingo de centros de atenci\u00f3n, \u201ctrabajemos\nconjuntamente para que Guerrero est\u00e9 libre de violencia hacia las mujeres, pero\ntambi\u00e9n para los ni\u00f1os, ni\u00f1as y adolescentes que requieren de nuestro apoyo.\nSon el presente y el futuro de Guerrero\u201d, le pidi\u00f3.<\/p>\n\n\n\n<p class=\"wp-block-paragraph\">El\nsegundo, fue Bernardo Ortega Jim\u00e9nez, quien en representaci\u00f3n de la fracci\u00f3n\nparlamentaria del Partido de la Revoluci\u00f3n Democr\u00e1tica (PRD), reclam\u00f3 que no se\nest\u00e1n impulsando pol\u00edticas p\u00fablicas que den cumplimiento a la Declaratoria de Alerta\nde Violencia de G\u00e9nero, \u201ces importante que se realice un diagn\u00f3stico de lo ya\nrealizado y que no ha tenido impacto en la condici\u00f3n de vida de las mujeres,\ndebemos reconocer, que esto es importante para lograr la paz social\u201d, le\nsugiri\u00f3.<\/p>\n\n\n\n<p class=\"wp-block-paragraph\">Como\ntodo buen gobierno, indic\u00f3, tiene la responsabilidad de combatir la violencia\nde g\u00e9nero, dijo estar convencido que para combatir la violencia de g\u00e9nero, se\ndeben implementar pol\u00edticas encaminadas a ello, \u201cy no s\u00f3lo esperar hasta el\nmomento en que se decrete una alerta en esta materia\u201d, reclam\u00f3 el perredista.<\/p>\n\n\n\n<p class=\"wp-block-paragraph\">En\nel resto de los representantes de las fuerzas pol\u00edticas al interior del\nCongreso Partido del Trabajo (PT), Verde Ecologista de M\u00e9xico (PVEM),\nMovimiento Ciudadana (MC), Revolucionario Institucional (PRI) y Morena, el\nproblema de la violencia de g\u00e9nero contra las mujeres estuvo completamente\nausente de sus discursos y agendas parlamentarias.<\/p>\n\n\n\n<p class=\"wp-block-paragraph\">Posteriormente en su intervenci\u00f3n, el gobernador\nH\u00e9ctor Astudillo Flores hizo referencia a las acciones implementadas por su\nadministraci\u00f3n para atender el problema de la violencia de g\u00e9nero.<\/p>\n\n\n\n<p class=\"wp-block-paragraph\">En el eje 1, Guerrero Seguro y de Leyes Bajo el\nMarco de los Derechos Humanos, mencion\u00f3 que desde el a\u00f1o 2017, cuando el\ngobierno federal hizo la Declaratoria de Alerta de Violencia de G\u00e9nero para\nGuerrero, su gobierno, junto con organizaciones de la sociedad civil, se dieron\na la tarea de implementar pol\u00edticas p\u00fablicas para el bienestar y la seguridad\nde las mujeres.<\/p>\n\n\n\n<p class=\"wp-block-paragraph\">En esa atenci\u00f3n, indic\u00f3 que realizaron 282 reuniones\npara coordinar los avances en la materia; impartieron talleres y conversatorios\nen los que participaron mil 123 mujeres y j\u00f3venes; organizaron nueve Ferias\npara la Prevenci\u00f3n de la Violencia, a las que acudieron dos mil 250 mujeres; y\nen el sector educativo, impartieron 66 talleres a cinco mil 416 madres, familias\ny alumnado de educaci\u00f3n secundaria de los municipios con alerta de violencia.<\/p>\n\n\n\n<p class=\"wp-block-paragraph\">Anunci\u00f3 que su gobierno recibir\u00e1 un presupuesto de\n5.7 millones de pesos de la Comisi\u00f3n Nacional para Prevenir y Erradicar la\nViolencia Contra las Mujeres (CONAVIM). Dijo ser el primero en admitir que a\u00fan\nfalta mucho por hacer en materia de seguridad \u201cpersistiremos en proteger la seguridad\nde todos y cada uno de los guerrerenses\u201d, acot\u00f3.<\/p>\n\n\n\n<p class=\"wp-block-paragraph\">En materia de salud, englobado en el eje 3, Guerrero\nSocialmente Comprometido, Astudillo Flores asegur\u00f3 que la atenci\u00f3n m\u00e9dica para\nlas mujeres reviste una especial importancia para su administraci\u00f3n. Con el\nPrograma de Salud Materna y Perinatal, han mejorado asegur\u00f3, la atenci\u00f3n\nmaterno-infantil, reduciendo la mortalidad de madres e hijos.<\/p>\n\n\n\n<p class=\"wp-block-paragraph\">En este cuarto a\u00f1o de gobierno agreg\u00f3, proporcionaron\ncasi medio mill\u00f3n de consultas a embarazadas, a fin de evitar complicaciones en\nel parto; para la detecci\u00f3n del c\u00e1ncer en mujeres, se aument\u00f3 la cobertura de\nlas unidades especializadas.&nbsp; A trav\u00e9s\ndel Programa de Salud Reproductiva efectuaron acciones para la prevenci\u00f3n del\nembarazo en adolescentes.<\/p>\n\n\n\n<p class=\"wp-block-paragraph\">\u201cNuestro gobierno reafirma su compromiso de seguir\ntrabajando para prevenir y erradicar las pr\u00e1cticas que atentan contra la\ndignidad, vida y libertad de las mujeres\u201d, subray\u00f3 el mandatario, e hizo\nmenci\u00f3n de obra p\u00fablica en centros hospitalarios una inversi\u00f3n de 566.5\nmillones de pesos.<\/p>\n\n\n\n<p class=\"wp-block-paragraph\">SEM\/jap\/sj<\/p>\n","protected":false},"excerpt":{"rendered":"<p>Presenta Astudillo Flores informe de gobierno<\/p>\n","protected":false},"author":3,"featured_media":13083,"comment_status":"open","ping_status":"open","sticky":false,"template":"","format":"standard","meta":{"_monsterinsights_skip_tracking":false,"footnotes":""},"categories":[690,50],"tags":[],"class_list":["post-13082","post","type-post","status-publish","format-standard","has-post-thumbnail","category-690","category-congreso"],"_links":{"self":[{"href":"https:\/\/redsemlac.com\/semmexico\/wp-json\/wp\/v2\/posts\/13082","targetHints":{"allow":["GET"]}}],"collection":[{"href":"https:\/\/redsemlac.com\/semmexico\/wp-json\/wp\/v2\/posts"}],"about":[{"href":"https:\/\/redsemlac.com\/semmexico\/wp-json\/wp\/v2\/types\/post"}],"author":[{"embeddable":true,"href":"https:\/\/redsemlac.com\/semmexico\/wp-json\/wp\/v2\/users\/3"}],"replies":[{"embeddable":true,"href":"https:\/\/redsemlac.com\/semmexico\/wp-json\/wp\/v2\/comments?post=13082"}],"version-history":[{"count":0,"href":"https:\/\/redsemlac.com\/semmexico\/wp-json\/wp\/v2\/posts\/13082\/revisions"}],"wp:featuredmedia":[{"embeddable":true,"href":"https:\/\/redsemlac.com\/semmexico\/wp-json\/wp\/v2\/media\/13083"}],"wp:attachment":[{"href":"https:\/\/redsemlac.com\/semmexico\/wp-json\/wp\/v2\/media?parent=13082"}],"wp:term":[{"taxonomy":"category","embeddable":true,"href":"https:\/\/redsemlac.com\/semmexico\/wp-json\/wp\/v2\/categories?post=13082"},{"taxonomy":"post_tag","embeddable":true,"href":"https:\/\/redsemlac.com\/semmexico\/wp-json\/wp\/v2\/tags?post=13082"}],"curies":[{"name":"wp","href":"https:\/\/api.w.org\/{rel}","templated":true}]}}