{"id":13079,"date":"2019-10-18T17:54:23","date_gmt":"2019-10-18T17:54:23","guid":{"rendered":"https:\/\/redsemlac.com\/semmexico\/?p=13079"},"modified":"2023-07-21T15:12:45","modified_gmt":"2023-07-21T20:12:45","slug":"opinion-170","status":"publish","type":"post","link":"https:\/\/redsemlac.com\/semmexico\/opinion-170\/","title":{"rendered":"R\u00e1faga"},"content":{"rendered":"\n<h2 class=\"wp-block-heading\">La Defensa Nacional da la voz de alerta contra la delincuencia organizada<\/h2>\n\n\n\n<ul class=\"wp-block-list\"><li><strong> \u201cNo operar represivamente\u201d<\/strong><\/li><\/ul>\n\n\n\n<p class=\"wp-block-paragraph\"><strong>Jorge\nHerrera Valenzuela<\/strong><\/p>\n\n\n\n<p class=\"wp-block-paragraph\">SemM\u00e9xico, 18 octubre 2019.- El pasado jueves 10 de este\nd\u00e9cimo mes de 2019, me qued\u00e9 de una pieza, anonadado, al leer el texto que\napareci\u00f3 encuadrado, en rojo, con letra may\u00fascula peque\u00f1a, en la primera plana\ndel diario Reforma. He aqu\u00ed el mensaje \u00edntegro: <\/p>\n\n\n\n<p class=\"wp-block-paragraph\">\u201c<strong>RIESGO\nDEMOSTRABLE<\/strong>: La divulgaci\u00f3n de esta informaci\u00f3n representa un riesgo real\nen raz\u00f3n de que podr\u00eda ser utilizada por miembro de la delincuencia organizada\npara consumar delitos de espionaje, sabotaje, terrorismo, rebeli\u00f3n, traici\u00f3n a\nla Patria, genocidio en contra de los Estados Unidos Mexicanos dentro del\nterritorio nacional.<\/p>\n\n\n\n<p class=\"wp-block-paragraph\">\u201cAsimismo actos tendientes a obstaculizar o bloquear\noperaciones militares o navales contra la delincuencia organizada; actos contra\nla seguridad de la aviaci\u00f3n; actos que atenten contra del personal diplom\u00e1tico;\ntodo acto tendiente a consumar el tr\u00e1fico ilegal de materiales nucleares, de armas\nqu\u00edmicas, biol\u00f3gicas y convencionales de destrucci\u00f3n masiva; actos tendientes a\nobstaculizar o bloquear actividades de inteligencia contrainteligencia y actos\ntendientes a destruir o inhabilitar la infraestructura de car\u00e1cter estrat\u00e9gico&nbsp; o indispensable para la provisi\u00f3n de bienes o\nservicios p\u00fablicos\u201d. <\/p>\n\n\n\n<p class=\"wp-block-paragraph\">En la misma informaci\u00f3n le\u00ed: \u201cLa Secretar\u00eda de la Defensa\nNacional clasific\u00f3 como informaci\u00f3n reservada, durante cinco a\u00f1os, todo lo\nrelacionado con el dise\u00f1o, construcci\u00f3n, operaci\u00f3n y finanzas del nuevo\nAeropuerto Internacional de Santa Luc\u00eda (AISL)\u201d.<\/p>\n\n\n\n<p class=\"wp-block-paragraph\">El comentario es muy simple y breve, porque me pone a\nmeditar sobre una grave situaci\u00f3n en que estamos ubicados. El hecho de que revele\nla Secretar\u00eda de la Defensa Nacional (instituci\u00f3n encargada y responsabilizada\ndel resguardo de nuestra soberan\u00eda, de la paz y estabilidad nacionales) que los\nmexicanos somos rehenes de la delincuencia organizada, es preocupante. <\/p>\n\n\n\n<p class=\"wp-block-paragraph\">Las Secretar\u00edas de Gobernaci\u00f3n, de Seguridad y Protecci\u00f3n\nCiudadana, aunadas a la SEDENA y a Marina, por muy coordinadas que lleguen a\nestar para trabajar en la <strong>misi\u00f3n\nimposible<\/strong>, devolver la seguridad a la ciudadan\u00eda, no podr\u00e1n entregar\ncuentas positivas, en virtud del mandato presidencial a militares, marinos y\npolic\u00edas, en el sentido de tienen que combatir sin apartarse del actual <strong>mandamiento presidencial: NO OPERAR\nREPRESIVAMENTE.<\/strong> <\/p>\n\n\n\n<p class=\"wp-block-paragraph\">Nuevamente corri\u00f3 la sangre en territorio michoacano.\nTrece polic\u00edas cayeron al ser emboscados por narcotraficantes, que se dijo\npertenecen al Cartel Jalisco Nueva Generaci\u00f3n. El gobernador Silvano Aureoles\nConejo culp\u00f3 al presidente municipal de Aguililla, \u201cporque no ha querido\nfirmar\u201d el pacto de seguridad y el gobierno federal se deslinda porque son\nasuntos del gobierno local. Los que no se deslindan son los familiares de las\n13 v\u00edctimas y de los 9 heridos que sobreviven al ataque. \u00a1Ah!, pero a los\nfallecidos ya se le rindieron honores y los lesionados son atendidos en un\nhospital de la entidad. &nbsp;<\/p>\n\n\n\n<p class=\"wp-block-paragraph\">El tema es bastante delicado, desde el punto que cada\nquien lo quiera ver, los comentarios y los asegunes son de estricta\nresponsabilidad personal. Por algo se ha guardado discreci\u00f3n y silencio en los\nmismos medios informativos, despu\u00e9s de la publicaci\u00f3n mencionada.<\/p>\n\n\n\n<p class=\"wp-block-paragraph\"><strong>jherrerav@live.com.mx<\/strong><\/p>\n","protected":false},"excerpt":{"rendered":"<p>La Defensa Nacional da la voz de alerta contra la delincuencia organizada<\/p>\n","protected":false},"author":3,"featured_media":13080,"comment_status":"open","ping_status":"open","sticky":false,"template":"","format":"standard","meta":{"_monsterinsights_skip_tracking":false,"footnotes":""},"categories":[690,94,107],"tags":[],"class_list":["post-13079","post","type-post","status-publish","format-standard","has-post-thumbnail","category-690","category-jorge-herrera-valenzuela","category-rafaga"],"_links":{"self":[{"href":"https:\/\/redsemlac.com\/semmexico\/wp-json\/wp\/v2\/posts\/13079","targetHints":{"allow":["GET"]}}],"collection":[{"href":"https:\/\/redsemlac.com\/semmexico\/wp-json\/wp\/v2\/posts"}],"about":[{"href":"https:\/\/redsemlac.com\/semmexico\/wp-json\/wp\/v2\/types\/post"}],"author":[{"embeddable":true,"href":"https:\/\/redsemlac.com\/semmexico\/wp-json\/wp\/v2\/users\/3"}],"replies":[{"embeddable":true,"href":"https:\/\/redsemlac.com\/semmexico\/wp-json\/wp\/v2\/comments?post=13079"}],"version-history":[{"count":0,"href":"https:\/\/redsemlac.com\/semmexico\/wp-json\/wp\/v2\/posts\/13079\/revisions"}],"wp:featuredmedia":[{"embeddable":true,"href":"https:\/\/redsemlac.com\/semmexico\/wp-json\/wp\/v2\/media\/13080"}],"wp:attachment":[{"href":"https:\/\/redsemlac.com\/semmexico\/wp-json\/wp\/v2\/media?parent=13079"}],"wp:term":[{"taxonomy":"category","embeddable":true,"href":"https:\/\/redsemlac.com\/semmexico\/wp-json\/wp\/v2\/categories?post=13079"},{"taxonomy":"post_tag","embeddable":true,"href":"https:\/\/redsemlac.com\/semmexico\/wp-json\/wp\/v2\/tags?post=13079"}],"curies":[{"name":"wp","href":"https:\/\/api.w.org\/{rel}","templated":true}]}}