{"id":13073,"date":"2019-10-18T00:43:02","date_gmt":"2019-10-18T00:43:02","guid":{"rendered":"https:\/\/redsemlac.com\/semmexico\/?p=13073"},"modified":"2023-07-21T15:12:45","modified_gmt":"2023-07-21T20:12:45","slug":"guerrero-59","status":"publish","type":"post","link":"https:\/\/redsemlac.com\/semmexico\/guerrero-59\/","title":{"rendered":"La violencia de g\u00e9nero, fuera de la agenda de diputados locales en Guerrero"},"content":{"rendered":"\n<p class=\"wp-block-paragraph\"><strong>Josefina Aguilar Pastor<\/strong><\/p>\n\n\n\n<p class=\"wp-block-paragraph\">SemM\u00e9xico. Chilpancingo, Guerrero, 17 de octubre de 2019.- La violencia de g\u00e9nero, fuera de la agenda y discurso de diputados locales, solo dos hacen referencia al fijar postura en el marco del cuarto informe de gobierno de H\u00e9ctor Astudillo Flores.<\/p>\n\n\n\n<p class=\"wp-block-paragraph\">Este jueves, el gobernador H\u00e9ctor Astudillo Flores, asisti\u00f3 a la sede el Poder Legislativo a emitir el cuarto informe de gobierno. Como lo marca la ley org\u00e1nica del Poder Legislativo, un diputado de cada fracci\u00f3n parlamentaria, fij\u00f3 postura respecto al informe enviado con anterioridad por el ejecutivo estatal. Al ser siete las fuerzas pol\u00edticas ah\u00ed representadas, siete fueron las posiciones externadas, de las cuales, solo dos, hicieron menci\u00f3n de la violencia de g\u00e9nero.<\/p>\n\n\n\n<p class=\"wp-block-paragraph\">Guadalupe Gonz\u00e1lez Su\u00e1stegui, \u00fanica representante del Partido Acci\u00f3n Nacional (PAN), reconoci\u00f3 el trabajo que dijo, ha realizado el gobierno estatal en este \u00faltimo a\u00f1o, en materia de atenci\u00f3n y lucha contra la violencia contra las mujeres, \u201cpero algo est\u00e1 pasando que las mujeres est\u00e1n dejando de a acudir a los centros de atenci\u00f3n\u201d acent\u00fao.<\/p>\n\n\n\n<p class=\"wp-block-paragraph\">Le pidi\u00f3 reforzar las campa\u00f1as de informaci\u00f3n para que se conozcan los servicios tanto en Acapulco como en Chilpancingo de los centros de atenci\u00f3n, \u201ctrabajemos conjuntamente para que Guerrero est\u00e9 libre de violencia contra las mujeres, pero tambi\u00e9n para los ni\u00f1os, ni\u00f1as y adolescentes que requieren de nuestro apoyo. Son el presente y el futuro de Guerrero\u201d, le pidi\u00f3.<\/p>\n\n\n\n<p class=\"wp-block-paragraph\">El segundo, fue Bernardo Ortega Jim\u00e9nez, quien en representaci\u00f3n de la fracci\u00f3n parlamentaria del Partido de la Revoluci\u00f3n Democr\u00e1tica (PRD), reclam\u00f3 que no se est\u00e1n impulsando pol\u00edticas p\u00fablicas que den cumplimiento a la Declaratoria de Violencia de G\u00e9nero, \u201ces importante que se realice un diagn\u00f3stico de lo ya realizado y que no ha tenido impacto en la condici\u00f3n de vida de las mujeres, debemos reconocer que esto es importante para lograr la paz social\u201d, le sugiri\u00f3.<\/p>\n\n\n\n<p class=\"wp-block-paragraph\">Como todo buen gobierno, indic\u00f3, tiene la responsabilidad de combatir la violencia de g\u00e9nero, dijo estar convencido que para combatir la violencia de g\u00e9nero, se deben implementar pol\u00edticas encaminadas a ello, \u201cy no s\u00f3lo esperar hasta el momento en que se decrete una alerta en esta materia\u201d, reclam\u00f3 el perredista.<\/p>\n\n\n\n<p class=\"wp-block-paragraph\">En el resto de los representantes de las fuerzas pol\u00edticas al interior del Congreso Partido del Trabajo (PT), Verde Ecologista de M\u00e9xico (PVEM), Movimiento Ciudadana (MC), Revolucionario Institucional (PRI) y Morena, el problema de la violencias de g\u00e9nero estuvo completamente ausente de sus discursos y agendas parlamentarias.<\/p>\n\n\n\n<p class=\"wp-block-paragraph\">Posteriormente en su intervenci\u00f3n, el gobernador H\u00e9ctor Astudillo Flores hizo referencia a las acciones implementadas por su administraci\u00f3n para atender el problema de la violencia de g\u00e9nero.<\/p>\n\n\n\n<p class=\"wp-block-paragraph\">En el eje 1; \u201cGuerrero Seguro y de Leyes Bajo el Marco de los Derechos Humanos\u201d, mencion\u00f3 que desde el a\u00f1o 2017, cuando el gobierno federal hizo la Declaratoria de Alerta de Violencia de G\u00e9nero para Guerrero, su gobierno, junto con organizaciones de la sociedad civil, se dieron&nbsp;&nbsp;a la tarea de implementar pol\u00edticas p\u00fablicas para el bienestar y la seguridad de las mujeres.<\/p>\n\n\n\n<p class=\"wp-block-paragraph\">En esa atenci\u00f3n, indic\u00f3 que realizaron 282 reuniones para coordinar los avances en la materia;&nbsp;impartieron talleres y conversatorios en los que participaron mil 123 mujeres y j\u00f3venes; organizaron nueve Ferias para la Prevenci\u00f3n de la Violencia, a las que acudieron 2 mil 250 mujeres; y en el sector educativo, impartieron 66 talleres a 5 mil 416 madres, padres y alumnos de educaci\u00f3n secundaria de los municipios con alerta de violencia.<\/p>\n\n\n\n<p class=\"wp-block-paragraph\">Anunci\u00f3 que su gobierno recibir\u00e1 un presupuesto de 5.7 millones de pesos de la Comisi\u00f3n Nacional para Prevenir y Erradicar la Violencia Contra las Mujeres (CONAVIM). Dijo ser el primero en admitir que a\u00fan falta mucho por hacer en materia de seguridad \u201cpersistiremos en proteger la seguridad de todos y cada uno de los guerrerenses\u201d, acot\u00f3.<\/p>\n\n\n\n<p class=\"wp-block-paragraph\">En materia de salud, englobado en el eje 3; \u201cGuerrero Socialmente Comprometido\u201d, Astudillo Flores asegur\u00f3 que la atenci\u00f3n m\u00e9dica para las mujeres reviste una especial importancia para su administraci\u00f3n. Con el Programa de Salud Materna y Perinatal, han mejorado asegur\u00f3, la atenci\u00f3n materno-infantil, reduciendo la mortalidad de madres e hijos.<\/p>\n\n\n\n<p class=\"wp-block-paragraph\">En este cuarto a\u00f1o de gobierno agreg\u00f3, proporcionaron casi medio mill\u00f3n de consultas a embarazadas, a fin de evitar complicaciones en el parto; para la detecci\u00f3n del c\u00e1ncer en mujeres, se aument\u00f3 la cobertura de las unidades especializadas.&nbsp;&nbsp;A trav\u00e9s del Programa de Salud Reproductiva efectuaron acciones para la prevenci\u00f3n del embarazo en adolescentes.<\/p>\n\n\n\n<p class=\"wp-block-paragraph\">\u201cNuestro gobierno reafirma su compromiso de seguir trabajando para prevenir y erradicar las pr\u00e1cticas que atentan contra la dignidad, vida y libertad de las mujeres\u201d, subray\u00f3 el mandatario, e hizo menci\u00f3n de obra p\u00fablica en centros hospitalarios una inversi\u00f3n de 566.5 millones de pesos.<\/p>\n","protected":false},"excerpt":{"rendered":"<p>La violencia de g\u00e9nero, fuera de la agenda y discurso de diputados locales<\/p>\n","protected":false},"author":3,"featured_media":13074,"comment_status":"open","ping_status":"open","sticky":false,"template":"","format":"standard","meta":{"_monsterinsights_skip_tracking":false,"footnotes":""},"categories":[690,50],"tags":[],"class_list":["post-13073","post","type-post","status-publish","format-standard","has-post-thumbnail","category-690","category-congreso"],"_links":{"self":[{"href":"https:\/\/redsemlac.com\/semmexico\/wp-json\/wp\/v2\/posts\/13073","targetHints":{"allow":["GET"]}}],"collection":[{"href":"https:\/\/redsemlac.com\/semmexico\/wp-json\/wp\/v2\/posts"}],"about":[{"href":"https:\/\/redsemlac.com\/semmexico\/wp-json\/wp\/v2\/types\/post"}],"author":[{"embeddable":true,"href":"https:\/\/redsemlac.com\/semmexico\/wp-json\/wp\/v2\/users\/3"}],"replies":[{"embeddable":true,"href":"https:\/\/redsemlac.com\/semmexico\/wp-json\/wp\/v2\/comments?post=13073"}],"version-history":[{"count":0,"href":"https:\/\/redsemlac.com\/semmexico\/wp-json\/wp\/v2\/posts\/13073\/revisions"}],"wp:featuredmedia":[{"embeddable":true,"href":"https:\/\/redsemlac.com\/semmexico\/wp-json\/wp\/v2\/media\/13074"}],"wp:attachment":[{"href":"https:\/\/redsemlac.com\/semmexico\/wp-json\/wp\/v2\/media?parent=13073"}],"wp:term":[{"taxonomy":"category","embeddable":true,"href":"https:\/\/redsemlac.com\/semmexico\/wp-json\/wp\/v2\/categories?post=13073"},{"taxonomy":"post_tag","embeddable":true,"href":"https:\/\/redsemlac.com\/semmexico\/wp-json\/wp\/v2\/tags?post=13073"}],"curies":[{"name":"wp","href":"https:\/\/api.w.org\/{rel}","templated":true}]}}