{"id":13069,"date":"2019-10-18T00:32:43","date_gmt":"2019-10-18T00:32:43","guid":{"rendered":"https:\/\/redsemlac.com\/semmexico\/?p=13069"},"modified":"2023-07-21T15:12:45","modified_gmt":"2023-07-21T20:12:45","slug":"un-pais-sin-violencia-contra-las-mujeres-demanda-la-legislatura-de-la-paridad","status":"publish","type":"post","link":"https:\/\/redsemlac.com\/semmexico\/un-pais-sin-violencia-contra-las-mujeres-demanda-la-legislatura-de-la-paridad\/","title":{"rendered":"Un pa\u00eds sin violencia contra las mujeres, demanda la Legislatura de la Paridad"},"content":{"rendered":"\n<p class=\"wp-block-paragraph\"><strong>Conmemoran el 66 Aniversario del voto a las mujeres<\/strong><\/p>\n\n\n\n<p class=\"wp-block-paragraph\"><strong>Elda Montiel\u00a0<\/strong><\/p>\n\n\n\n<p class=\"wp-block-paragraph\">SemM\u00e9xico. Cd. de M\u00e9xico. 17 de octubre de 2019.- En la legislatura de la paridad, \u201cHay que unir esfuerzos para cambiar la realidad en la que las expresiones de violencia f\u00edsica, sexual, verbal y simb\u00f3lica a\u00fan perduran y adem\u00e1s, existe una brecha salarial de g\u00e9nero\u201d.<\/p>\n\n\n\n<p class=\"wp-block-paragraph\">Esa fue la convocatoria de la&nbsp;presidenta de la Mesa Directiva del Senado de la Rep\u00fablica, M\u00f3nica Fern\u00e1ndez Balboa, en la conmemoraci\u00f3n del 66 Aniversario del Reconocimiento del Derecho al Voto de las Mujeres en M\u00e9xico.<\/p>\n\n\n\n<p class=\"wp-block-paragraph\">Uno de los pendientes es legislar para impedir la violencia pol\u00edtica en contra las mujeres, as\u00ed como alcanzar una representaci\u00f3n equilibrada entre mujeres y hombres en todos los espacios p\u00fablicos para lograr las transformaciones sociales que requiere el pa\u00eds.&nbsp;<\/p>\n\n\n\n<p class=\"wp-block-paragraph\">\u201cNuestra voz debe ser un grito que permita poner fin a la discriminaci\u00f3n, a desaparecer la trata, la explotaci\u00f3n sexual y el feminicidio; as\u00ed como eliminar pr\u00e1cticas como el matrimonio infantil y precoz que sigue siendo una realidad en M\u00e9xico\u201d, agrego.&nbsp;&nbsp;<\/p>\n\n\n\n<p class=\"wp-block-paragraph\">Demand\u00f3 valorar los cuidados y el trabajo dom\u00e9stico no remunerado; promover la responsabilidad compartida en el hogar y a la familia; velar por la participaci\u00f3n de las mujeres y la igualdad de oportunidades en la toma de decisiones de la vida pol\u00edtica, econ\u00f3mica y p\u00fablica; as\u00ed como garantizar el acceso universal a la salud sexual y reproductiva.<\/p>\n\n\n\n<p class=\"wp-block-paragraph\">No basta, dijo, con ser la legislatura de la paridad, es preciso, imperativo y urgente, agreg\u00f3, \u201cuna legislatura que siga alzando la voz en contra de la misoginia, que trabaje en favor de la plena igualdad. Queremos una legislatura que siga trabajando por una Rep\u00fablica de justicia, de igualdad y de mujeres\u201d.<\/p>\n\n\n\n<p class=\"wp-block-paragraph\">Fern\u00e1ndez Balboa asent\u00f3 que el compromiso del Senado de la Rep\u00fablica con las mujeres ha sido demostrado con acciones contundentes y no s\u00f3lo con discursos pol\u00edticamente correctos.<\/p>\n\n\n\n<p class=\"wp-block-paragraph\">Por su parte, la presidenta de la Comisi\u00f3n para la Igualdad de G\u00e9nero, Martha Luc\u00eda M\u00edcher Camarena, manifest\u00f3: \u201cestoy segura de que hace 66 a\u00f1os las sufragistas en M\u00e9xico so\u00f1aron lo que hoy tenemos: un Congreso paritario, una reforma constitucional en materia de paridad de g\u00e9nero, que asegura que las mujeres participemos en pie de igualdad con los hombres en todos los espacios pol\u00edticos en la toma de decisiones\u201d.<\/p>\n\n\n\n<figure class=\"wp-block-image\"><img decoding=\"async\" src=\"https:\/\/redsemlac.com\/semmexico\/wp-content\/uploads\/2019\/10\/voto-de-la-mujer-2-683x1024.jpg\" alt=\"\" class=\"wp-image-13071\"\/><\/figure>\n\n\n\n<p class=\"wp-block-paragraph\">Fue puntual al se\u00f1alar que los avances como la reforma constitucional en materia de paridad de g\u00e9nero, han dado \u201csiete mujeres en&nbsp;&nbsp;el cargo de gobernadoras. En los \u00faltimos 70 a\u00f1os, \u00fanicamente 21 mujeres han ocupado el cargo de secretarias de Estado y s\u00f3lo mil 523 han sido presidentas municipales\u201d.<\/p>\n\n\n\n<p class=\"wp-block-paragraph\">Mientras la morenista Ana Lilia Rivera manifest\u00f3 que hoy toca materializar un legado que todav\u00eda tiene grandes retos por delante. Se seguir\u00e1 impulsado una agenda que prevenga, erradique y sancione todos los actos que atenten contra los derechos de las mujeres, porque \u201cla verdadera transformaci\u00f3n ser\u00e1 que la ley deje de ser letra muerta y se convierta en una realidad cotidiana para todas\u201d.<\/p>\n\n\n\n<p class=\"wp-block-paragraph\">Nadia Navarro Acevedo, indic\u00f3 que Acci\u00f3n Nacional continuar\u00e1 luchando para que esta generaci\u00f3n tenga compromisos con aquellas mujeres que vienen despu\u00e9s de nosotros.&nbsp;&nbsp;\u201cNos toca ser un Senado de avanzada, reconocer y tipificar la violencia pol\u00edtica contra las mujeres\u201d, dijo.<\/p>\n\n\n\n<p class=\"wp-block-paragraph\">Claudia Edith Anaya Mota, senadora priista, se pronunci\u00f3 por la transformaci\u00f3n del espacio p\u00fablico para que sea incluyente y representativo para mujeres y hombres. \u201cCierta estoy, dijo, que las mujeres en el poder tenemos la obligaci\u00f3n de abrir la puerta de acceso al derecho a otras mujeres y lograr que las desigualdades sean menores\u201d.<\/p>\n\n\n\n<p class=\"wp-block-paragraph\">Por el Movimiento Ciudadano, Ver\u00f3nica Delgadillo Garc\u00eda hizo un llamado para continuar luchado en la construcci\u00f3n de un mejor futuro para las mujeres y seguir alzando la voz para que podamos vivir en un M\u00e9xico seguro, e igualitario.<\/p>\n\n\n\n<p class=\"wp-block-paragraph\">La senadora Gabriela Benavidez Cobos, del PVEM, llam\u00f3 a recordar a las miles de mujeres que han hecho posible que hoy estemos aqu\u00ed. \u201cFalta mucho por hacer. A\u00fan hay voces que piden que nunca m\u00e1s una f\u00e9mina sea violentada, discriminada, descalificada o asesinada\u201d.<\/p>\n\n\n\n<p class=\"wp-block-paragraph\">La petista Nancy De la Sierra Ar\u00e1mburo, expres\u00f3 que la leyenda -que hoy se devela con letras doradas- no es una decoraci\u00f3n, ya que recordar\u00e1 las grandes batallas de nuestro pa\u00eds, as\u00ed como las importantes lecciones derivadas de ellas.&nbsp;<\/p>\n\n\n\n<p class=\"wp-block-paragraph\">Esas letras, expres\u00f3, est\u00e1n ah\u00ed para no ser olvidadas. Nos recordar\u00e1n de d\u00f3nde venimos y hacia d\u00f3nde debemos ir, pero, sobre todo, nos dicen por qu\u00e9 y por qui\u00e9nes estamos aqu\u00ed.&nbsp;<\/p>\n\n\n\n<p class=\"wp-block-paragraph\">La senadora Elvia Marcela Mora Arellano, de Encuentro Social, hizo un llamado a cesar los feminicidios en el pa\u00eds. Record\u00f3 que la historia del sufragio femenino es un aspecto central en la historia de la democracia en M\u00e9xico.<\/p>\n\n\n\n<p class=\"wp-block-paragraph\">Por el PRD, el senador Juan Manuel F\u00f3cil P\u00e9rez dijo que a\u00fan es dif\u00edcil decir que M\u00e9xico es un pa\u00eds con igualdad, pues hay un alto \u00edndice de feminicidios y denuncias por acoso. Exhort\u00f3 a legislar siempre en b\u00fasqueda de mejores condiciones para todas y todos los mexicanos.<\/p>\n\n\n\n<p class=\"wp-block-paragraph\">Por su parte el senador Emilio \u00c1lvarez Icaza Longoria subray\u00f3 que el feminismo es el movimiento social m\u00e1s exitoso del siglo XX a la fecha. La lucha de generaciones de mujeres, \u201cnos ha reconstruido y resignificado la vida\u201d.<\/p>\n\n\n\n<p class=\"wp-block-paragraph\">Durante la ceremonia se record\u00f3 que, en 1923, Elvia Carrillo Puerto, Raquel Dzib C\u00edcero y Beatriz Peniche Barrera fueron las primeras mujeres electas como diputadas en el Congreso de Yucat\u00e1n, 30 a\u00f1os antes de se aceptara el voto de las mujeres en M\u00e9xico.<\/p>\n\n\n\n<p class=\"wp-block-paragraph\">Las senadoras y senadores, encabezados por el presidente de la Junta de Coordinaci\u00f3n Pol\u00edtica, Ricardo Monreal \u00c1vila, develaron en el Sal\u00f3n de Plenos la leyenda con letras doradas: \u201cDerecho al voto de las mujeres, 1953\u201d.<\/p>\n\n\n\n<p class=\"wp-block-paragraph\">Estuvieron presentes en la ceremonia solemne las magistradas Janine Madeline Ot\u00e1lora Malassis&nbsp;y&nbsp;M\u00f3nica Soto Fregoso del Tribunal Electoral del Poder Judicial de la Federaci\u00f3n; y Celia Mar\u00edn Sasaki, del Tribunal Superior de Justicia de la Ciudad de M\u00e9xico.<\/p>\n\n\n\n<p class=\"wp-block-paragraph\">Por el Tribunal Superior de Justicia de Oaxaca, la presidenta Mar\u00eda Eugenia Villanueva; la magistrada Ver\u00f3nica de Gyves, del Tribunal Superior de Justicia de la Ciudad de M\u00e9xico; Martha Alejandra Ch\u00e1vez Camarena y Martha Mercado, del Tribunal Electoral de la Ciudad de M\u00e9xico.<\/p>\n\n\n\n<p class=\"wp-block-paragraph\">Tambi\u00e9n la alcaldesa de Tlalpan, Patricia Elena Aceves Pastrana, Mar\u00eda del Carmen Alan\u00eds Figueroa, integrante de las Red de Mujeres en Plural.<\/p>\n\n\n\n<p class=\"wp-block-paragraph\">Por la academia Gloria Ram\u00edrez Hern\u00e1ndez, coordinadora general de la C\u00e1tedra Unesco de Derechos Humanos de la UNAM y Marcela Lagarde, presidenta de la Red de Investigadoras. As\u00ed como Pilar S\u00e1nchez, directora general de Espacio de Mujeres, y Patricia Ca\u00f1eado, de Vuelo de Colibr\u00eds.<\/p>\n","protected":false},"excerpt":{"rendered":"<p>Conmemoran el 66 Aniversario del voto a las mujeres<\/p>\n","protected":false},"author":3,"featured_media":13070,"comment_status":"open","ping_status":"open","sticky":false,"template":"","format":"standard","meta":{"_monsterinsights_skip_tracking":false,"footnotes":""},"categories":[690,50],"tags":[],"class_list":["post-13069","post","type-post","status-publish","format-standard","has-post-thumbnail","category-690","category-congreso"],"_links":{"self":[{"href":"https:\/\/redsemlac.com\/semmexico\/wp-json\/wp\/v2\/posts\/13069","targetHints":{"allow":["GET"]}}],"collection":[{"href":"https:\/\/redsemlac.com\/semmexico\/wp-json\/wp\/v2\/posts"}],"about":[{"href":"https:\/\/redsemlac.com\/semmexico\/wp-json\/wp\/v2\/types\/post"}],"author":[{"embeddable":true,"href":"https:\/\/redsemlac.com\/semmexico\/wp-json\/wp\/v2\/users\/3"}],"replies":[{"embeddable":true,"href":"https:\/\/redsemlac.com\/semmexico\/wp-json\/wp\/v2\/comments?post=13069"}],"version-history":[{"count":0,"href":"https:\/\/redsemlac.com\/semmexico\/wp-json\/wp\/v2\/posts\/13069\/revisions"}],"wp:featuredmedia":[{"embeddable":true,"href":"https:\/\/redsemlac.com\/semmexico\/wp-json\/wp\/v2\/media\/13070"}],"wp:attachment":[{"href":"https:\/\/redsemlac.com\/semmexico\/wp-json\/wp\/v2\/media?parent=13069"}],"wp:term":[{"taxonomy":"category","embeddable":true,"href":"https:\/\/redsemlac.com\/semmexico\/wp-json\/wp\/v2\/categories?post=13069"},{"taxonomy":"post_tag","embeddable":true,"href":"https:\/\/redsemlac.com\/semmexico\/wp-json\/wp\/v2\/tags?post=13069"}],"curies":[{"name":"wp","href":"https:\/\/api.w.org\/{rel}","templated":true}]}}