{"id":13067,"date":"2019-10-18T00:26:12","date_gmt":"2019-10-18T00:26:12","guid":{"rendered":"https:\/\/redsemlac.com\/semmexico\/?p=13067"},"modified":"2023-07-21T15:12:46","modified_gmt":"2023-07-21T20:12:46","slug":"opinion-169","status":"publish","type":"post","link":"https:\/\/redsemlac.com\/semmexico\/opinion-169\/","title":{"rendered":"Ambig\u00fa"},"content":{"rendered":"\n<h2 class=\"wp-block-heading\"><strong>Aguililla: la sangre que cubri\u00f3 el informe de seguridad<\/strong><\/h2>\n\n\n\n<p class=\"wp-block-paragraph\"><strong>+ Federico Arreola, sin puta idea sobre este municipio<\/strong><\/p>\n\n\n\n<p class=\"wp-block-paragraph\"><strong>+ El golpeteo de Televisa a Silvano<\/strong><\/p>\n\n\n\n<p class=\"wp-block-paragraph\"><strong>Martha Elba Torres Mart\u00ednez<\/strong><\/p>\n\n\n\n<p class=\"wp-block-paragraph\">SemM\u00e9xico. 17 de octubre 2019.- Todo Presidente de un pa\u00eds tiene sus fans y sus contras. Eso es necesario y fundamental en todo sistema democr\u00e1tico que as\u00ed se jacte. Pero como hay de contras a contras, hay de fans a fans. Colocar\u00eda entre estos \u00faltimos, con decepcionante desanimo, al columnista Federico Arreola, de SDPnoticias.<\/p>\n\n\n\n<p class=\"wp-block-paragraph\">Entiendo que trabajando para Televisa tiene que responder a\nlos intereses de este monstruo de la comunicaci\u00f3n, que igual se pone de acuerdo\ncon gobiernos pri\u00edstas, panistas y ahora morenista. El negocio est\u00e1 por\ndelante. Igual entiendo que si L\u00f3pez Obrador dice rana, Arreola se ponga a dar\nde saltos por todo palacio nacional.<\/p>\n\n\n\n<p class=\"wp-block-paragraph\">El periodista ejerce su derecho a expresar libremente sus\npensamientos y opiniones, como lo hacemos todas y todos. Pero se vuelve\npeligroso cuando la intenci\u00f3n es meterle al Presidente en la cabeza, sin ning\u00fan\nsustento serio ni verificado, que a los 13 polic\u00edas michoacanos los mataron\nnada m\u00e1s para sabotearle su informe sobre seguridad. Creo que lo sensato es\ndemostrarlo, porque as\u00ed las cosas, si se cae un avi\u00f3n \u2013que Dios no lo permita-\no tiembla, ser\u00e1 culpa del conservadurismo.<\/p>\n\n\n\n<p class=\"wp-block-paragraph\">Esto escribi\u00f3 en su columna del martes 15: \u201cNo tiene sentido\nlo que pas\u00f3 en Aguililla, Michoac\u00e1n\u201d. (\u2026) \u201cLa raz\u00f3n m\u00e1s simple para comprender\nlo que sucedi\u00f3 en Aguililla es que no lo hicieron narcos, porque no les\nconven\u00eda, ni se trat\u00f3 de un \u00e9pico l\u00edo de faldas de magnitudes hom\u00e9ricas;\nentonces, descartado lo anterior, solo queda la violencia pol\u00edtica.<\/p>\n\n\n\n<p class=\"wp-block-paragraph\">\u201cEl d\u00eda en que el presidente L\u00f3pez Obrador y su secretario\nde Seguridad, Alfonso Durazo, informaron sobre avances en la lucha contra la delincuencia,\nalguien pag\u00f3 matones bien entrenados para realizar una acci\u00f3n\ndesestabilizadora.<\/p>\n\n\n\n<p class=\"wp-block-paragraph\">\u201cEl patrocinador del atentado debi\u00f3 contar con la\ncomplicidad de funcionarios del gobierno de Michoac\u00e1n, que aceptaron enviar a\nno pocos polic\u00edas a una emboscada muy bien preparada. Por ah\u00ed tendr\u00e1n que ir\nlas investigaciones. No hay de otra\u201d.<\/p>\n\n\n\n<p class=\"wp-block-paragraph\">Quiero imaginar a funcionarios estatales orquestando el\ncomplot nada m\u00e1s para boicotear el informe de Alfonso Durazo. Pues entonces as\u00ed\nle iba a ir el pobre militar que se llev\u00f3 por delante a 14 sicarios en\nGuerrero, pues le mosque\u00f3 a la Sedena su informe sobre letalidad.<\/p>\n\n\n\n<p class=\"wp-block-paragraph\">Pero me queda claro que Federico Arreola no tiene ni puta\nidea \u2013perd\u00f3n por la groser\u00eda- sobre Aguililla, que conozco desde finales de los\nochenta que llegu\u00e9 a Michoac\u00e1n. Esta enclavado en la abrupta sierra y toda\nreferencia que recib\u00eda era sobre la mariguana y el Aguaje, la capital mundial\nde la hoja verde en aquellos a\u00f1os. Ahora domina la siembra de amapola.<\/p>\n\n\n\n<p class=\"wp-block-paragraph\">Limita al norte con Buenavista, al este con Apatzing\u00e1n, al\nsureste y sur con Tumbiscat\u00edo, al oeste con Coalcom\u00e1n y al noroeste con\nTepalcatepec. \u00bfLes recuerda algo estos municipios? Por eso no comparto que haya\nexonerado a los narcos, porque no les \u201cconven\u00eda\u201d calentar la regi\u00f3n donde \u201cel\nMencho\u201d \u2013que es originario de Aguililla- y los \u201cViagras\u201d libran las m\u00e1s\ncruentas batallas por el control del trasiego de droga.<\/p>\n\n\n\n<p class=\"wp-block-paragraph\">Por cierto, sobre Tumbiscat\u00edo hay la historia bonita y la\nhistoria negra. Esta refiere que a principios del siglo pasado ah\u00ed se escond\u00edan\ncuatreros y asaltantes que hu\u00edan de la justicia, por lo inaccesible de la zona.\nCon el tiempo bajaron a los pueblos a robarse muchachas y as\u00ed fundaron hoy este\nmunicipio que lucha como todos por sobrevivir. Ya cuenta con carretera decente.\n<\/p>\n\n\n\n<p class=\"wp-block-paragraph\">\u00a1Ah! Se me pasaba. <\/p>\n\n\n\n<p class=\"wp-block-paragraph\">Fue precisamente en Tumbiscat\u00edo, donde a Nazario Moreno\nGonz\u00e1lez, alias \u201cEl Chayo\u201d, fue asesinado \u2013de a de veras; la de mentiritas fue\nen 2010- por la espalda, el 12 de marzo de 2014. Alfredo Castillo, el entonces\ncomisionado presidencial en seguridad, recre\u00f3 toda una narrativa en torno a la\nejecuci\u00f3n del l\u00edder de los templarios. Que lo atraparon afuera de una choza,\nmontado en una mula y andrajoso.<\/p>\n\n\n\n<p class=\"wp-block-paragraph\">Seg\u00fan la versi\u00f3n oficial, \u201cEl Chayo\u201d cuando se vio cercado,\nlevant\u00f3 el rifle y dispar\u00f3. Sus captores repelieron y le asestaron dos tiros en\nel pecho. Entonces \u00bfpor qu\u00e9 el dictamen forense determin\u00f3 que los orificios de\nentrada estaban en la espalda?<\/p>\n\n\n\n<p class=\"wp-block-paragraph\">Pero estoy con la columna de Arreola. Compar\u00f3 a la mujer que\npresuntamente ser\u00eda trasladada junto con su hija a un juzgado familiar, con Helena\nde Troya. Dispara directo con que la usaron como carnada, y especula \u2013ahora s\u00ed-\nsobre una guerra por celos, desamor o por custodia de la menor. \u201cTales cosas\nsolo ocurren en la mitolog\u00eda griega\u201d, escribi\u00f3.<\/p>\n\n\n\n<p class=\"wp-block-paragraph\">En torno a esta mujer y su hija, tambi\u00e9n se tejieron\nperversos cuentos. Es m\u00e1s, hasta andan en b\u00fasqueda de su identidad para subirla\na las redes, alimentar el morbo y ganar visitas. Pero pasan por alto la suerte\nque pudieron correr al no lograr salir de Aguililla\u2026<\/p>\n\n\n\n<p class=\"wp-block-paragraph\">&nbsp;&nbsp;&nbsp;&nbsp;&nbsp;&nbsp;&nbsp;&nbsp;&nbsp;&nbsp;&nbsp;&nbsp;&nbsp;&nbsp;&nbsp;&nbsp;&nbsp;&nbsp;&nbsp;&nbsp;&nbsp;&nbsp;&nbsp;&nbsp;&nbsp;&nbsp;&nbsp;&nbsp;&nbsp;&nbsp;&nbsp;&nbsp;&nbsp;&nbsp;&nbsp;&nbsp;&nbsp;&nbsp;&nbsp;&nbsp;&nbsp;&nbsp;&nbsp;&nbsp;&nbsp;&nbsp;&nbsp;&nbsp;&nbsp;&nbsp;&nbsp;&nbsp;&nbsp;&nbsp;&nbsp;&nbsp;&nbsp;&nbsp;&nbsp;&nbsp;&nbsp;&nbsp;&nbsp;&nbsp;&nbsp;&nbsp;&nbsp;&nbsp;&nbsp;&nbsp;&nbsp;&nbsp;&nbsp;&nbsp;&nbsp;&nbsp;&nbsp;&nbsp;&nbsp;&nbsp;&nbsp;&nbsp;&nbsp;&nbsp;&nbsp;&nbsp;&nbsp;&nbsp;&nbsp;&nbsp;&nbsp;&nbsp;&nbsp; ***<\/p>\n\n\n\n<p class=\"wp-block-paragraph\">Y precisamente, por el manejo malicioso de la informaci\u00f3n de\nlo sucedido el pasado lunes, es que me atrev\u00ed a romper la orden, en la rueda de\nprensa que el gobernador Silvano Aureoles otorg\u00f3 el mi\u00e9rcoles 16, para hablar\nexclusivamente del programa de eventos culturales que se aproximan.<\/p>\n\n\n\n<p class=\"wp-block-paragraph\">Inicialmente hab\u00edan concedido tres preguntas marginales\nsobre otro tema \u2013Aguililla era el de inter\u00e9s-. Despu\u00e9s ni una. Solo cultura. Que\nme lanzo. Silvano Aureoles respondi\u00f3 que todas las l\u00edneas de investigaci\u00f3n, por\nm\u00e1s absurda que sea, ser\u00e1n seguidas. \u201cNo se descartar\u00e1 nada y lo mejor es que\ntrabajan conjuntamente la Fiscal\u00eda General de la Rep\u00fablica con la del estado y\nse llegar\u00e1 a conclusiones\u201d.<\/p>\n\n\n\n<p class=\"wp-block-paragraph\">Pidi\u00f3 el mandatario a los medios no hacer m\u00e1s dramas del\ndolor ajeno que sufren las familias de los 13 polic\u00edas ca\u00eddos. Y es que c\u00f3mo se\ntomaron vuelo fotografiando las l\u00e1grimas y gritos de mujeres y ni\u00f1os sobre los\nata\u00fades.<\/p>\n\n\n\n<p class=\"wp-block-paragraph\">Bueno, hasta el reportero de Televisa, Santos Briz, se\naperson\u00f3 con su c\u00e1mara para preguntarle a una afligida madre que llamaba a su\nhijo:<\/p>\n\n\n\n<p class=\"wp-block-paragraph\">-\u00bfQu\u00e9 opina de las palabras del gobernador? \u00bfqu\u00e9 le dice al\ngobernador?<\/p>\n\n\n\n<p class=\"wp-block-paragraph\">El hombre que la abrazaba volte\u00f3 indignado y le grit\u00f3 al\nreportero de Televisa:<\/p>\n\n\n\n<p class=\"wp-block-paragraph\">-\u00a1Ten respeto\u2026 ten respeto! \u00a1Idiota! Y lo empuj\u00f3.<\/p>\n\n\n\n<p class=\"wp-block-paragraph\">Obvio que Santos Briz ni Adriana Valasis, la enviada\nespecial que tiene emplazada Televisa en Morelia desde hace poco tiempo,\nincluyeron en su nota este pat\u00e9tico momento, pero es evidente que vino a cortar\nlas mangas al chaleco: sacar de entre la tragedia, declaraciones contra\nAureoles.<\/p>\n\n\n\n<p class=\"wp-block-paragraph\">La Valasis tambi\u00e9n ya tuvo un entre con la activista Circe\nL\u00f3pez Riofr\u00edo, de la organizaci\u00f3n \u201cHumanas Sin Violencia\u201d, a quien a fuerzas\nquiso sacarle que culpara al gobernador de la violencia y por eso, la feminista\nenvi\u00f3 una carta de protesta a la empresa.<\/p>\n\n\n\n<p class=\"wp-block-paragraph\">Aqu\u00ed el tema es si Televisa lo hace por iniciativa propia o\npor encargo. Lo que si ser\u00eda preocupante, porque el futuro de Michoac\u00e1n depende\nde la buena relaci\u00f3n del Ejecutivo Estatal con el Federal, particularmente por\nla centralizaci\u00f3n de la n\u00f3mina magisterial estatal. <\/p>\n\n\n\n<p class=\"wp-block-paragraph\">Silvano ha cedido en todo ante la Federaci\u00f3n y si no es el\nPresidente, entonces podemos conjeturar que funcionarios del gobierno federal\ntienen contratados matones pol\u00edticos para reventar a la autoridad local. Pero\nel \u00fanico que pagar\u00eda las consecuencias es el estado\u2026<\/p>\n\n\n\n<p class=\"wp-block-paragraph\">&nbsp;&nbsp;&nbsp;&nbsp;&nbsp;&nbsp;&nbsp;&nbsp;&nbsp;&nbsp;&nbsp;&nbsp;&nbsp;&nbsp;&nbsp;&nbsp;&nbsp;&nbsp;&nbsp;&nbsp;&nbsp;&nbsp;&nbsp;&nbsp;&nbsp;&nbsp;&nbsp;&nbsp;&nbsp;&nbsp;&nbsp;&nbsp;&nbsp;&nbsp;&nbsp;&nbsp;&nbsp;&nbsp;&nbsp;&nbsp;&nbsp;&nbsp;&nbsp;&nbsp;&nbsp;&nbsp;&nbsp;&nbsp;&nbsp;&nbsp;&nbsp;&nbsp;&nbsp;&nbsp;&nbsp;&nbsp;&nbsp;&nbsp;&nbsp;&nbsp;&nbsp;&nbsp;&nbsp;&nbsp;&nbsp;&nbsp;&nbsp;&nbsp;&nbsp;&nbsp;&nbsp;&nbsp;&nbsp;&nbsp;&nbsp;&nbsp;&nbsp; ***<\/p>\n\n\n\n<p class=\"wp-block-paragraph\">Este viernes al medio en Palacio de Gobierno tendr\u00e1 lugar el\nhomenaje p\u00f3stumo al ex gobernador Carlos Torres Manzo que falleci\u00f3 el lunes 14\nen la Ciudad de M\u00e9xico.<\/p>\n\n\n\n<p class=\"wp-block-paragraph\">A don Carlos tuve la oportunidad de conocerlo, gracias a mi\namigo Arturo \u00c1lvarez del Castillo. Un hombre culto, inteligente y tan brillante\nque era una delicia conversar con \u00e9l.<\/p>\n\n\n\n<p class=\"wp-block-paragraph\">Nunca \u2013y lo juro- escuch\u00e9 en todos estos a\u00f1os en Michoac\u00e1n,\na alguien que se expresar algo malo de don Carlos como gobernador. Hizo obra a\nlo ca\u00f1\u00f3n y a todo mundo siempre trat\u00f3 bien. <\/p>\n\n\n\n<p class=\"wp-block-paragraph\">Uno de sus mayores intereses y preocupaciones, eran los\nj\u00f3venes. Por eso fund\u00f3 la Universidad Latina de Am\u00e9rica; quer\u00eda una mayor\noferta de calidad educativa y no se equivoc\u00f3. Hoy, el t\u00edtulo profesional es la\nprofesionalizaci\u00f3n b\u00e1sica, las oportunidades laborales est\u00e1n en los posgrados.<\/p>\n\n\n\n<p class=\"wp-block-paragraph\">Como todos sus amigos, que son much\u00edsimos, sent\u00ed su partida.\nPero qu\u00e9 bendici\u00f3n de Dios que no sufri\u00f3. A sus 96 a\u00f1os, su cuerpo se rindi\u00f3,\npero entero, sin enfermedades ni dolor. <\/p>\n\n\n\n<p class=\"wp-block-paragraph\">Don Carlos es de esas personas, que vale mucho conocer\u2026<\/p>\n\n\n\n<p class=\"wp-block-paragraph\">&nbsp;&nbsp;&nbsp;&nbsp;&nbsp;&nbsp;&nbsp;&nbsp;&nbsp;&nbsp;&nbsp;&nbsp;&nbsp;&nbsp;&nbsp;&nbsp;&nbsp;&nbsp;&nbsp;&nbsp;&nbsp;&nbsp;&nbsp;&nbsp;&nbsp;&nbsp;&nbsp;&nbsp;&nbsp;&nbsp;&nbsp;&nbsp;&nbsp;&nbsp;&nbsp;&nbsp;&nbsp;&nbsp;&nbsp;&nbsp;&nbsp;&nbsp;&nbsp;&nbsp;&nbsp;&nbsp;&nbsp;&nbsp;&nbsp;&nbsp;&nbsp;&nbsp;&nbsp;&nbsp;&nbsp;&nbsp;&nbsp;&nbsp;&nbsp;&nbsp;&nbsp;&nbsp;&nbsp;&nbsp;&nbsp;&nbsp;&nbsp;&nbsp;&nbsp;&nbsp;&nbsp;&nbsp;&nbsp;&nbsp;&nbsp;&nbsp;&nbsp; ***<\/p>\n\n\n\n<p class=\"wp-block-paragraph\"><strong>LA COMIDILLA<\/strong><\/p>\n\n\n\n<p class=\"wp-block-paragraph\">De acuerdo a las cifras de la Secretar\u00eda de Seguridad\nCiudadana de la Ciudad de M\u00e9xico, el robo a transe\u00fantes y negocios, por la\ncantidad que se cometen, son los que m\u00e1s impacta en la poblaci\u00f3n, lo que\nconfirma mi teor\u00eda de que deben ser los m\u00e1s atendidos por las autoridades si es\nque quieren mejorar la percepci\u00f3n sobre seguridad.<\/p>\n\n\n\n<p class=\"wp-block-paragraph\">Public\u00f3 Exc\u00e9lsior, que del 1 de diciembre de 2018 al 31 de\njulio de 2019, se detectaron nada menos que 494 bandas delictivas y mil 210\nc\u00e9lulas delincuenciales, dedicados a delitos de alto impacto, en tanto que por\ndelitos de bajo impacto, se detectaron mil 19 bandas delictivas y 2 mil 500\nc\u00e9lulas delincuenciales, mientras 143 mil 40 personas fueron remitidas al\nJuzgado C\u00edvico. <\/p>\n\n\n\n<p class=\"wp-block-paragraph\">Esta ca\u00f1\u00f3n\u2026<\/p>\n","protected":false},"excerpt":{"rendered":"<p>Aguililla: la sangre que cubri\u00f3 el informe de seguridad<\/p>\n","protected":false},"author":3,"featured_media":9303,"comment_status":"open","ping_status":"open","sticky":false,"template":"","format":"standard","meta":{"_monsterinsights_skip_tracking":false,"footnotes":""},"categories":[690,99,90],"tags":[],"class_list":["post-13067","post","type-post","status-publish","format-standard","has-post-thumbnail","category-690","category-ambigu","category-martha-elba-torres-martinez"],"_links":{"self":[{"href":"https:\/\/redsemlac.com\/semmexico\/wp-json\/wp\/v2\/posts\/13067","targetHints":{"allow":["GET"]}}],"collection":[{"href":"https:\/\/redsemlac.com\/semmexico\/wp-json\/wp\/v2\/posts"}],"about":[{"href":"https:\/\/redsemlac.com\/semmexico\/wp-json\/wp\/v2\/types\/post"}],"author":[{"embeddable":true,"href":"https:\/\/redsemlac.com\/semmexico\/wp-json\/wp\/v2\/users\/3"}],"replies":[{"embeddable":true,"href":"https:\/\/redsemlac.com\/semmexico\/wp-json\/wp\/v2\/comments?post=13067"}],"version-history":[{"count":0,"href":"https:\/\/redsemlac.com\/semmexico\/wp-json\/wp\/v2\/posts\/13067\/revisions"}],"wp:featuredmedia":[{"embeddable":true,"href":"https:\/\/redsemlac.com\/semmexico\/wp-json\/wp\/v2\/media\/9303"}],"wp:attachment":[{"href":"https:\/\/redsemlac.com\/semmexico\/wp-json\/wp\/v2\/media?parent=13067"}],"wp:term":[{"taxonomy":"category","embeddable":true,"href":"https:\/\/redsemlac.com\/semmexico\/wp-json\/wp\/v2\/categories?post=13067"},{"taxonomy":"post_tag","embeddable":true,"href":"https:\/\/redsemlac.com\/semmexico\/wp-json\/wp\/v2\/tags?post=13067"}],"curies":[{"name":"wp","href":"https:\/\/api.w.org\/{rel}","templated":true}]}}