{"id":13061,"date":"2019-10-17T21:43:14","date_gmt":"2019-10-17T21:43:14","guid":{"rendered":"https:\/\/redsemlac.com\/semmexico\/?p=13061"},"modified":"2023-07-21T15:12:46","modified_gmt":"2023-07-21T20:12:46","slug":"reclutada-en-contra-de-su-voluntad-y-obligada-a-abortar-por-las-farc","status":"publish","type":"post","link":"https:\/\/redsemlac.com\/semmexico\/reclutada-en-contra-de-su-voluntad-y-obligada-a-abortar-por-las-farc\/","title":{"rendered":"Reclutada en contra de su voluntad y obligada a abortar por las FARC"},"content":{"rendered":"\n<p class=\"wp-block-paragraph\"><strong>Redacci\u00f3n AmecoPress<\/strong><\/p>\n\n\n\n<p class=\"wp-block-paragraph\">SemM\u00e9xico\/AmecoPress. Madrid, 17 oct. 19.- La organizaci\u00f3n Women\u2019s Link Worldwide ha presentado ante la Sala de Reconocimiento de Verdad, de Responsabilidad y de Determinaci\u00f3n de los Hechos y Conductas, de la Jurisdicci\u00f3n Especial para la Paz. El informe \u00abViolaciones a derechos reproductivos de mujeres y ni\u00f1as al interior de las filas de las FARC-EP: una deuda de la justicia\u00bb, recoge los hechos de violaciones a los derechos reproductivos de mujeres y ni\u00f1as dentro de la filas de las FARC.<\/p>\n\n\n\n<p class=\"wp-block-paragraph\">Adem\u00e1s entre sus p\u00e1ginas incluye como caso emblem\u00e1tico el de Helena, una mujer que fue v\u00edctima de reclutamiento forzado por parte de las FARC a los 14 a\u00f1os y que fue obligada a usar anticonceptivos y a abortar cuando hac\u00eda parte de esta guerrilla. Como consecuencia de las condiciones inseguras en las que le practicaron el aborto y de la coerci\u00f3n vivida, actualmente sufre graves complicaciones de salud. Helena encarna a las mujeres y ni\u00f1as que buscan justicia ante la JEP (Jurisdicci\u00f3n Especial para la Paz) por este tipo de violencias.<\/p>\n\n\n\n<p class=\"wp-block-paragraph\">Su caso representa las violaciones a los derechos reproductivos a los que fueron sometidas muchas mujeres y ni\u00f1as dentro de grupos armados en el marco del conflicto armado colombiano: esterilizaciones, abortos, embarazos y anticoncepci\u00f3n forzados, formas de violencia que muy pocas veces han sido reconocidas por la justicia, tanto a nivel nacional como internacional, mucho menos si se cometen en las filas de los grupos armados.<\/p>\n\n\n\n<p class=\"wp-block-paragraph\"><strong>Helena, una de las cientos de mujeres que fue privada de sus derechos por las FARC<\/strong><\/p>\n\n\n\n<p class=\"wp-block-paragraph\">Helena naci\u00f3 en una zona rural de Colombia donde hist\u00f3ricamente ha habido presencia de guerrillas. Su familia hab\u00eda sido intimidada y amenazada por el ej\u00e9rcito por, supuestamente, auxiliar a la guerrilla. Un d\u00eda vieron c\u00f3mo algunos militares disparaban a personas de una finca vecina, acus\u00e1ndolos de ser guerrilleros, as\u00ed que Helena y su familia se vieron obligados a dejar su casa, temiendo que la pr\u00f3xima vez les dispararan a ellos.<\/p>\n\n\n\n<p class=\"wp-block-paragraph\">Dos meses despu\u00e9s de llegar a vivir a su nuevo hogar, mientras Helena estaba sola en casa cuidando a sus hermanos menores, llegaron unos hombres de la guerrilla de las FARC y la obligaron a irse con ellos de manera inmediata, solo con lo que ten\u00eda puesto, hacia uno de sus campamentos. De esta manera Helena fue v\u00edctima de reclutamiento que jam\u00e1s eligi\u00f3.<\/p>\n\n\n\n<p class=\"wp-block-paragraph\">Durante tres meses la sometieron a un entrenamiento que incluy\u00f3 el aprendizaje de las reglas de la guerrilla, los trabajos en los campamentos y el uso de armas. Como parte de las reglas del grupo insurgente le dijeron que no se pod\u00eda tener hijos por lo cual todas las mujeres estaban obligadas a tomar anticonceptivos. As\u00ed inyectarse un anticonceptivo fue una obligaci\u00f3n para esta joven durante la mayor parte del tiempo que estuvo en la guerrilla, aproximadamente cinco a\u00f1os.<\/p>\n\n\n\n<p class=\"wp-block-paragraph\">En esos a\u00f1os en los que las FARC era lo \u00fanica que conoc\u00eda, Helena qued\u00f3 embarazada como resultado de una relaci\u00f3n consentida. Cuando los comandantes se enteraron de su estado decidieron llevarla a una casa de un pueblo desconocido, donde el comandante de su compa\u00f1\u00eda la estaba esperando junto a otros guerrilleros para informarle que ten\u00eda que abortar. Helena se neg\u00f3 a hacerse el aborto y les pidi\u00f3 que la dejaran continuar con el embarazo. Sin embargo, ese mismo d\u00eda lleg\u00f3 un supuesto m\u00e9dico que era el que sol\u00eda encargarse de practicar los abortos a las mujeres integrantes de las FARC. Los guerrilleros que la acompa\u00f1aban intentaron convencerla de que accediera a abortar, la amenazaron con hacerle un consejo de guerra en el que con toda seguridad ser\u00eda sentenciada a fusilamiento.<\/p>\n\n\n\n<p class=\"wp-block-paragraph\"><strong>Luch\u00f3 durante horas para impedir que le practicaran el aborto<\/strong><\/p>\n\n\n\n<p class=\"wp-block-paragraph\">Ella luch\u00f3 durante horas para impedir que le hicieran el aborto. Finalmente, sin su consentimiento, le inyectaron una sustancia y le hicieron ingerir unas pastillas. Cuando Helena se despert\u00f3 ya le hab\u00edan hecho el aborto. Dadas las condiciones en las que le practicaron el procedimiento perdi\u00f3 mucha sangre. A pesar de su debilidad, fue obligada por la guerrilla a irse a otro municipio, el ej\u00e9rcito se encontraba cerca y luego le autorizaron irse a su casa.<\/p>\n\n\n\n<p class=\"wp-block-paragraph\">Sola y sin la posibilidad de recuperarse Helena camin\u00f3 hasta donde estaba su familia. Mes y medio despu\u00e9s, comenzaron a aparecer en su cuerpo las secuelas del mal procedimiento que le hicieron. El resto del a\u00f1o estuvo en un muy mal estado de salud, a pesar de los medicamentos que su familia lograba conseguirle. Despu\u00e9s de un tiempo, dos guerrilleros fueron a su casa a avisarle que ten\u00eda que presentarse de nuevo ante la guerrilla. Helena decidi\u00f3 huir. Pas\u00f3 a\u00f1os de un lugar a otro intentando conseguir trabajo sin resultados, hasta que logr\u00f3 encontrarlo en una de las ciudades capitales de departamento. Durante todo ese tiempo, la familia de Helena fue amenazada de muerte por las FARC por negarse a revelar su paradero.<\/p>\n\n\n\n<p class=\"wp-block-paragraph\">A ra\u00edz del aborto forzado la salud de Helena se deterior\u00f3 y su cuerpo sigue sufriendo las consecuencias. A pesar de que se encuentra afiliada al r\u00e9gimen subsidiado de salud, ha tenido que sufrir diferentes obst\u00e1culos para acceder a un tratamiento integral. A d\u00eda de hoy a\u00fan presenta infecciones urinarias y no ha iniciado tratamiento para la insuficiencia renal cr\u00f3nica que la aqueja. Adem\u00e1s, sufre de estr\u00e9s postraum\u00e1tico, depresi\u00f3n, sentimientos de impotencia y frustraci\u00f3n por haber perdido su ni\u00f1ez y su salud y presenta sue\u00f1os recurrentes sobre persecuci\u00f3n, temor y dificultad para relacionarse. Aunque finalmente fue operada por los servicios de salud, sigue teniendo problemas. No le asignan las citas m\u00e9dicas necesarias para su recuperaci\u00f3n, cuando llama nadie le contesta y debe acudir constantemente a los centros a solicitar autorizaciones, citas m\u00e9dicas y a realizar m\u00faltiples gestiones administrativas una y otra vez, lo que afecta, adem\u00e1s, a la posibilidad de encontrar un empleo.<\/p>\n\n\n\n<p class=\"wp-block-paragraph\"><strong>Le negaron la inscripci\u00f3n en el Registro \u00danico de V\u00edctimas<\/strong><\/p>\n\n\n\n<p class=\"wp-block-paragraph\">La Unidad de V\u00edctimas le neg\u00f3 a Helena su inscripci\u00f3n en el Registro \u00danico de V\u00edctimas (RUV), por lo que no ha podido acceder a las medidas de reparaci\u00f3n a las que tienen derecho las v\u00edctimas del conflicto en Colombia. Por eso en el 2018 con el apoyo de Women\u2019s Link Worldwide, interpuso una acci\u00f3n de tutela. Los jueces de primera instancia le negaron el derecho a ser registrada como v\u00edctima, pero despu\u00e9s su caso fue seleccionado por la Corte Constitucional para ser revisado y se encuentra en tr\u00e1mite. Ahora Helena ha decidido confiar en la JEP solicitando su participaci\u00f3n como v\u00edctima en el caso 007, para obtener justicia por lo que le sucedi\u00f3. Ahora, tanto la Corte Constitucional como la JEP tienen la oportunidad de sentar un precedente importante a nivel mundial, para que las mujeres excombatientes y ni\u00f1as reclutadas por grupos armados ilegales, que fueron v\u00edctimas de violencia sexual y reproductiva al interior de las filas, que son muchas en todo el pa\u00eds, mujeres campesinas, negras, ind\u00edgenas, puedan acceder a medidas de reparaci\u00f3n integral y que los victimarios que vulneraron sus derechos sean juzgados por los delitos de guerra y graves violaciones de derechos humanos que cometieron contra ellas.<br><\/p>\n","protected":false},"excerpt":{"rendered":"<p>Sufre de estr\u00e9s postraum\u00e1tico, depresi\u00f3n y presenta sue\u00f1os recurrentes sobre persecuci\u00f3n y tiene dificultad para relacionarse.<\/p>\n","protected":false},"author":3,"featured_media":13062,"comment_status":"open","ping_status":"open","sticky":false,"template":"","format":"standard","meta":{"_monsterinsights_skip_tracking":false,"footnotes":""},"categories":[690,53],"tags":[],"class_list":["post-13061","post","type-post","status-publish","format-standard","has-post-thumbnail","category-690","category-internacional"],"_links":{"self":[{"href":"https:\/\/redsemlac.com\/semmexico\/wp-json\/wp\/v2\/posts\/13061","targetHints":{"allow":["GET"]}}],"collection":[{"href":"https:\/\/redsemlac.com\/semmexico\/wp-json\/wp\/v2\/posts"}],"about":[{"href":"https:\/\/redsemlac.com\/semmexico\/wp-json\/wp\/v2\/types\/post"}],"author":[{"embeddable":true,"href":"https:\/\/redsemlac.com\/semmexico\/wp-json\/wp\/v2\/users\/3"}],"replies":[{"embeddable":true,"href":"https:\/\/redsemlac.com\/semmexico\/wp-json\/wp\/v2\/comments?post=13061"}],"version-history":[{"count":0,"href":"https:\/\/redsemlac.com\/semmexico\/wp-json\/wp\/v2\/posts\/13061\/revisions"}],"wp:featuredmedia":[{"embeddable":true,"href":"https:\/\/redsemlac.com\/semmexico\/wp-json\/wp\/v2\/media\/13062"}],"wp:attachment":[{"href":"https:\/\/redsemlac.com\/semmexico\/wp-json\/wp\/v2\/media?parent=13061"}],"wp:term":[{"taxonomy":"category","embeddable":true,"href":"https:\/\/redsemlac.com\/semmexico\/wp-json\/wp\/v2\/categories?post=13061"},{"taxonomy":"post_tag","embeddable":true,"href":"https:\/\/redsemlac.com\/semmexico\/wp-json\/wp\/v2\/tags?post=13061"}],"curies":[{"name":"wp","href":"https:\/\/api.w.org\/{rel}","templated":true}]}}