{"id":13058,"date":"2019-10-17T21:36:16","date_gmt":"2019-10-17T21:36:16","guid":{"rendered":"https:\/\/redsemlac.com\/semmexico\/?p=13058"},"modified":"2023-07-21T15:12:46","modified_gmt":"2023-07-21T20:12:46","slug":"debates-feministas-en-torno-a-la-discapacidad","status":"publish","type":"post","link":"https:\/\/redsemlac.com\/semmexico\/debates-feministas-en-torno-a-la-discapacidad\/","title":{"rendered":"\u2019Debates feministas en torno a la discapacidad\u2019"},"content":{"rendered":"\n<p class=\"wp-block-paragraph\"><strong>Roc\u00edo Cabello Blanes<\/strong><\/p>\n\n\n\n<p class=\"wp-block-paragraph\">SemM\u00e9xico\/AmecoPress. Madrid, 17 oct. 19. &#8211;\u00a0La Universidad Carlos III de Madrid organiza el Congreso \u201cDebates feministas en torno a la discapacidad\u201d en colaboraci\u00f3n con la Unidad de Igualdad, el Decanato de la Facultad de Ciencias Sociales y Jur\u00eddicas de la UC3M y DIAJ. Tendr\u00e1 lugar los d\u00edas 25 y 26 de noviembre en el Campus de Getafe de la Universidad.<\/p>\n\n\n\n<p class=\"wp-block-paragraph\">Irene Vicente Echevarr\u00eda, explica a AmecoPress la importancia de un congreso de estas caracter\u00edsticas. \u201cQueremos dar impulso a este campo de investigaci\u00f3n emergente y tejer alianzas entre investigadoras de instituciones con otros espacios no acad\u00e9micos\u201d.<\/p>\n\n\n\n<p class=\"wp-block-paragraph\">En el Congreso participar\u00e1n personas con y sin discapacidad, que se han ocupado de la investigaci\u00f3n de esta tem\u00e1tica. \u201cEn algunas ponencias participar\u00e1n personas con discapacidad, mujeres casi siempre, que son las que est\u00e1n m\u00e1s interesadas\u201d.<br>La tem\u00e1tica de las ponencias girar\u00e1 en torno a las Feminist Disability Studies, o estudios feministas sobre discapacidad. Se pueden definir como \u201cun campo te\u00f3rico que se centra en las cuestiones relacionadas con la discapacidad en que el feminismo puede dar herramientas de an\u00e1lisis para aportar y solucionar estas cuestiones.<\/p>\n\n\n\n<p class=\"wp-block-paragraph\">En esencia, no solo hablamos de interseccionalidad g\u00e9nero-discapacidad, sino de todos los campos te\u00f3ricos de estudios de discapacidad en los que los an\u00e1lisis, herramientas y teor\u00edas tienen algo que decir y que aportar. \u00abCasi todos los temas del congreso responden a esta relaci\u00f3n de las teor\u00edas feministas con las teor\u00edas sobre discapacidad\u00bb. \u201cLa b\u00fasqueda de un concepto alternativo al concepto cl\u00e1sico que tenemos de la autonom\u00eda viene del feminismo, los derechos sexuales y reproductivos\u2026tienen mucho que decir las teor\u00edas feministas, tambi\u00e9n las herramientas \u2018Queer\u2019 tienen mucho que ver\u201d.<\/p>\n\n\n\n<p class=\"wp-block-paragraph\">De qu\u00e9 manera afecta el feminismo a las personas con discapacidad es una pregunta sin una respuesta cerrada. \u201cEs uno de los objetivos que tiene la jornada. No s\u00f3lo nosotras vamos a dar respuesta. Mujeres con discapacidad llevan pensando y dando respuesta bastante tiempo\u201d a esta relaci\u00f3n feminismo-discapacidad.<\/p>\n\n\n\n<p class=\"wp-block-paragraph\">Las personas que llevar\u00e1n a cabo las ponencias son \u201cinvestigadoras de la universidad, gente del activismo, del movimiento Vida Independiente Espa\u00f1a, algunas investigadoras extranjeras, gente que trabaja en el mundo asociativo [personas que trabajan con personas con discapacidad] en Espa\u00f1a\u201d. La mayor\u00eda de las ponentes son mujeres, debido a que tienen m\u00e1s inter\u00e9s en estos temas que sufren de cerca.<\/p>\n\n\n\n<p class=\"wp-block-paragraph\">Adem\u00e1s, hasta el d\u00eda 1 de noviembre sigue abierto el plazo para enviar art\u00edculos para el congreso. Deber\u00e1n estar en relaci\u00f3n con las l\u00edneas tem\u00e1ticas de las diferentes mesas, como son \u2018reflexiones en torno a la autonom\u00eda\u2019, \u2018revisi\u00f3n modelo social\u2019, \u2018teor\u00eda Queer\/Crip\u2019, \u2018mujeres discapacidad y violencia de g\u00e9nero\u2019, \u2018derechos sexuales y reproductivos\u2019.<\/p>\n\n\n\n<p class=\"wp-block-paragraph\">Las inscripciones son gratuitas y est\u00e1n abiertas ya en su&nbsp;<a href=\"http:\/\/portal.uc3m.es\/portal\/page\/portal\/instituto_derechos_humanos\/eventos_actividades\/seminarios_cursos_jornadas_en_el_idhbc\/congreso-debates-feministas-discapacidad\" target=\"_blank\" rel=\"noreferrer noopener\">web.<\/a><\/p>\n","protected":false},"excerpt":{"rendered":"<p>La tem\u00e1tica de las ponencias girar\u00e1 en torno a las Feminist Disability Studies, o estudios feministas sobre discapacidad.<\/p>\n","protected":false},"author":3,"featured_media":13059,"comment_status":"open","ping_status":"open","sticky":false,"template":"","format":"standard","meta":{"_monsterinsights_skip_tracking":false,"footnotes":""},"categories":[690,53],"tags":[],"class_list":["post-13058","post","type-post","status-publish","format-standard","has-post-thumbnail","category-690","category-internacional"],"_links":{"self":[{"href":"https:\/\/redsemlac.com\/semmexico\/wp-json\/wp\/v2\/posts\/13058","targetHints":{"allow":["GET"]}}],"collection":[{"href":"https:\/\/redsemlac.com\/semmexico\/wp-json\/wp\/v2\/posts"}],"about":[{"href":"https:\/\/redsemlac.com\/semmexico\/wp-json\/wp\/v2\/types\/post"}],"author":[{"embeddable":true,"href":"https:\/\/redsemlac.com\/semmexico\/wp-json\/wp\/v2\/users\/3"}],"replies":[{"embeddable":true,"href":"https:\/\/redsemlac.com\/semmexico\/wp-json\/wp\/v2\/comments?post=13058"}],"version-history":[{"count":0,"href":"https:\/\/redsemlac.com\/semmexico\/wp-json\/wp\/v2\/posts\/13058\/revisions"}],"wp:featuredmedia":[{"embeddable":true,"href":"https:\/\/redsemlac.com\/semmexico\/wp-json\/wp\/v2\/media\/13059"}],"wp:attachment":[{"href":"https:\/\/redsemlac.com\/semmexico\/wp-json\/wp\/v2\/media?parent=13058"}],"wp:term":[{"taxonomy":"category","embeddable":true,"href":"https:\/\/redsemlac.com\/semmexico\/wp-json\/wp\/v2\/categories?post=13058"},{"taxonomy":"post_tag","embeddable":true,"href":"https:\/\/redsemlac.com\/semmexico\/wp-json\/wp\/v2\/tags?post=13058"}],"curies":[{"name":"wp","href":"https:\/\/api.w.org\/{rel}","templated":true}]}}