{"id":13052,"date":"2019-10-17T21:22:43","date_gmt":"2019-10-17T21:22:43","guid":{"rendered":"https:\/\/redsemlac.com\/semmexico\/?p=13052"},"modified":"2023-07-21T15:12:46","modified_gmt":"2023-07-21T20:12:46","slug":"michoacan-12","status":"publish","type":"post","link":"https:\/\/redsemlac.com\/semmexico\/michoacan-12\/","title":{"rendered":"Alumnas de internado La Huerta, promotoras de Agricultura Sustentable"},"content":{"rendered":"\n<p class=\"wp-block-paragraph\"><strong>El programa que impulsa el Gobernador Silvano Aureoles Conejo, ser\u00e1 incorporado en el taller de agricultura de la escuela<\/strong><\/p>\n\n\n\n<p class=\"wp-block-paragraph\">Redacci\u00f3n<\/p>\n\n\n\n<p class=\"wp-block-paragraph\">SemM\u00e9xico. Morelia, Michoac\u00e1n, a 17 de octubre de 2019.- Alumnas del nivel secundar\u00eda del internado La Huerta, adoptaron el Programa de Agricultura Sustentable que impulsa el Gobierno de Silvano Aureoles Conejo, debido a los extraordinarios resultados que se tienen en cultivos de ma\u00edz, lim\u00f3n y zarzamora.<\/p>\n\n\n\n<p class=\"wp-block-paragraph\">Rub\u00e9n Medina Ni\u00f1o, titular de la Secretar\u00eda de Desarrollo Rural y Agroalimentario (Sedrua), confirm\u00f3 que, a petici\u00f3n del director del plantel, J. Jes\u00fas Campos Andrade, se inici\u00f3 con la capacitaci\u00f3n para que las alumnas pudieran conocer a detalle, las bondades del programa y de los insumos elaborados por cient\u00edficos y especialistas del Polit\u00e9cnico Nacional y de Chapingo.<\/p>\n\n\n\n<p class=\"wp-block-paragraph\">El funcionario explic\u00f3 que la escuela secundaria imparte el taller de agricultura, lo que es un espacio ideal para dar a conocer a profundidad el programa entre las j\u00f3venes, y sembrar la semilla de la innovaci\u00f3n, para que aterrice en el sector rural.<\/p>\n\n\n\n<p class=\"wp-block-paragraph\">El equipo que atiende a las estudiantes est\u00e1 encabezado por la delegada regional en Morelia, Ma. De la Luz R\u00edos Salinas y la t\u00e9cnica especialista, Catalina Mej\u00eda \u00c1ngeles.<\/p>\n\n\n\n<p class=\"wp-block-paragraph\">Por su parte, el director del plantel, Jes\u00fas Campos Andrade, agradeci\u00f3 al Ejecutivo Estatal, el respaldo que brinda a la instituci\u00f3n para aplicar el programa, en la capacitaci\u00f3n, como en la pr\u00e1ctica, en cultivos que se tienen en la escuela.<\/p>\n","protected":false},"excerpt":{"rendered":"<p>El programa que impulsa el Gobernador Silvano Aureoles Conejo, ser\u00e1 incorporado en el taller de agricultura de la escuela<\/p>\n","protected":false},"author":3,"featured_media":13053,"comment_status":"open","ping_status":"open","sticky":false,"template":"","format":"standard","meta":{"_monsterinsights_skip_tracking":false,"footnotes":""},"categories":[690,51],"tags":[],"class_list":["post-13052","post","type-post","status-publish","format-standard","has-post-thumbnail","category-690","category-ejecutivo"],"_links":{"self":[{"href":"https:\/\/redsemlac.com\/semmexico\/wp-json\/wp\/v2\/posts\/13052","targetHints":{"allow":["GET"]}}],"collection":[{"href":"https:\/\/redsemlac.com\/semmexico\/wp-json\/wp\/v2\/posts"}],"about":[{"href":"https:\/\/redsemlac.com\/semmexico\/wp-json\/wp\/v2\/types\/post"}],"author":[{"embeddable":true,"href":"https:\/\/redsemlac.com\/semmexico\/wp-json\/wp\/v2\/users\/3"}],"replies":[{"embeddable":true,"href":"https:\/\/redsemlac.com\/semmexico\/wp-json\/wp\/v2\/comments?post=13052"}],"version-history":[{"count":0,"href":"https:\/\/redsemlac.com\/semmexico\/wp-json\/wp\/v2\/posts\/13052\/revisions"}],"wp:featuredmedia":[{"embeddable":true,"href":"https:\/\/redsemlac.com\/semmexico\/wp-json\/wp\/v2\/media\/13053"}],"wp:attachment":[{"href":"https:\/\/redsemlac.com\/semmexico\/wp-json\/wp\/v2\/media?parent=13052"}],"wp:term":[{"taxonomy":"category","embeddable":true,"href":"https:\/\/redsemlac.com\/semmexico\/wp-json\/wp\/v2\/categories?post=13052"},{"taxonomy":"post_tag","embeddable":true,"href":"https:\/\/redsemlac.com\/semmexico\/wp-json\/wp\/v2\/tags?post=13052"}],"curies":[{"name":"wp","href":"https:\/\/api.w.org\/{rel}","templated":true}]}}