{"id":12983,"date":"2019-10-16T16:44:09","date_gmt":"2019-10-16T16:44:09","guid":{"rendered":"https:\/\/redsemlac.com\/semmexico\/?p=12983"},"modified":"2023-07-21T15:12:48","modified_gmt":"2023-07-21T20:12:48","slug":"opinion-164","status":"publish","type":"post","link":"https:\/\/redsemlac.com\/semmexico\/opinion-164\/","title":{"rendered":"Mirada Violeta"},"content":{"rendered":"\n<h2 class=\"wp-block-heading\">66 Aniversario del reconocimiento del derecho al voto de las mujeres<\/h2>\n\n\n\n<p class=\"wp-block-paragraph\"><strong>Lupita Ramos Ponce<\/strong><\/p>\n\n\n\n<p class=\"wp-block-paragraph\">SemM\u00e9xico. 16 de octubre 2019.- La lucha de las mujeres por\nejercer sus derechos para votar y ser votadas en M\u00e9xico tuvo sus primeras\nmanifestaciones importantes durante los a\u00f1os 1884 y 1887, cuando por primera\nvez una publicaci\u00f3n, la revista femenina Violetas del An\u00e1huac, fundada y dirigida\npor Laureana Wright Gonz\u00e1lez y escrita solamente por mujeres, demand\u00f3 el\nsufragio femenino.<\/p>\n\n\n\n<p class=\"wp-block-paragraph\">&nbsp;En 1916 se realiz\u00f3 el\nprimer Congreso Feminista en Yucat\u00e1n, donde fue una de las demandas de las\nmujeres ah\u00ed reunidas. En mayo de 1923 la Secci\u00f3n Mexicana de la Liga\nPanamericana de Mujeres convoc\u00f3 al Primer Congreso Nacional Feminista. De las\nprincipales demandas que salieron de ah\u00ed estaban: la igualdad civil para que la\nmujer pudiera ser candidata a cargos administrativos al igual que emitir el\nsufragio. Como consecuencia de ese congreso, en San Luis Potos\u00ed las mujeres\npudieron votar desde ese a\u00f1o y en Yucat\u00e1n, Elvia Carrillo Puerto fue la primera\nmexicana electa diputada al Congreso Local, pero tuvo que renunciar por las\npresiones sociales. <\/p>\n\n\n\n<p class=\"wp-block-paragraph\">En 1937 L\u00e1zaro C\u00e1rdenas recibi\u00f3 una iniciativa del Congreso\nde la Uni\u00f3n para que las mujeres pudieran obtener la ciudadan\u00eda, y as\u00ed el voto.\nSin embargo C\u00e1rdenas la vet\u00f3 al afirmar que: \u201cEn M\u00e9xico el hombre y la mujer\nadolecen paralelamente de la misma deficiencia de preparaci\u00f3n, de educaci\u00f3n y\nde cultura, sin embargo, el voto conservador lo dar\u00edan las mujeres por la\ninfluencia que los curas pueden ejercer sobre ellas\u201d. <\/p>\n\n\n\n<p class=\"wp-block-paragraph\">En 1946 el presidente Miguel Alem\u00e1n aprob\u00f3 una iniciativa\npara que el art\u00edculo 115 constitucional estableciera la participaci\u00f3n de las\nmujeres en las elecciones municipales, en igualdad de condiciones que los\nhombres. <\/p>\n\n\n\n<p class=\"wp-block-paragraph\">El 6 de abril de 1952, cuentan que m\u00e1s de 20 mil mujeres\ncongregadas en el Parque 18 de Marzo de la Ciudad de M\u00e9xico, demandaban el\ncompromiso de reconocer el voto a las mujeres al entonces candidato\npresidencial Adolfo Ruiz Cortines, quien asumi\u00f3 p\u00fablicamente la demanda de las\nmujeres, por lo que las miles de mujeres ah\u00ed reunidas le gritaban \u201cque lo\nrepita, que lo repita\u201d. Ruiz Cortines repiti\u00f3 sus palabras y un a\u00f1o despu\u00e9s de\nese hist\u00f3rico mitin, el 17 de octubre de 1953, Ruiz Cortines \u2013ya como\npresidente\u2013 cumpli\u00f3 su palabra y promulg\u00f3 las reformas constitucionales que\notorgaron el voto a las mujeres en el \u00e1mbito federal.<\/p>\n\n\n\n<p class=\"wp-block-paragraph\">&nbsp;El 17 de octubre de\n1953 se public\u00f3 la adici\u00f3n al art\u00edculo 34 constitucional que dice: \u201cson\nciudadanos de la Rep\u00fablica los varones y las mujeres que, teniendo la calidad\nde mexicanos, re\u00fanan, adem\u00e1s, los siguientes requisitos: haber cumplido 18\na\u00f1os, siendo casados, o 21 si no lo son, y tener un modo honesto de vivir\u201d. <\/p>\n\n\n\n<p class=\"wp-block-paragraph\">Este avance tan importante ocurri\u00f3 despu\u00e9s de que la ONU\nhab\u00eda llamado a los pa\u00edses miembros a reconocer los derechos pol\u00edticos de las\nmujeres. M\u00e9xico fue el \u00faltimo pa\u00eds de Latinoam\u00e9rica en consolidar este derecho.\nFinalmente, el 3 de julio de 1955 las mujeres acudieron por primera vez a las\nurnas a elegir diputados federales. Sin duda, M\u00e9xico cambi\u00f3 en 1953, pero no ha\nsido suficiente. <\/p>\n\n\n\n<p class=\"wp-block-paragraph\">El reconocimiento del derecho de las mujeres a elegir a sus\ngobernantes y a ser electas, ha estado acompa\u00f1ado tambi\u00e9n de una serie de\nobst\u00e1culos y sobre todo de violencia pol\u00edtica. <\/p>\n\n\n\n<p class=\"wp-block-paragraph\">El logro del sufragio femenino es sin duda el corolario de\nsue\u00f1os y esperanzas de una lucha reivindicatoria de nuestros derechos, sin\nembargo, la pelea por la ciudadan\u00eda plena, libre y sin violencias de las\nmexicanas, a\u00fan contin\u00faa.<\/p>\n\n\n\n<p class=\"wp-block-paragraph\">&nbsp;<a href=\"mailto:lupitaramosponce@gmail.com\">lupitaramosponce@gmail.com<\/a> <\/p>\n\n\n\n<p class=\"wp-block-paragraph\">@lupitaramosponc<\/p>\n","protected":false},"excerpt":{"rendered":"<p>66 Aniversario del reconocimiento del derecho al voto de las mujeres<\/p>\n","protected":false},"author":3,"featured_media":12984,"comment_status":"open","ping_status":"open","sticky":false,"template":"","format":"standard","meta":{"_monsterinsights_skip_tracking":false,"footnotes":""},"categories":[690,110,91],"tags":[],"class_list":["post-12983","post","type-post","status-publish","format-standard","has-post-thumbnail","category-690","category-la-opinion-columnas","category-lupita-ramos-ponce"],"_links":{"self":[{"href":"https:\/\/redsemlac.com\/semmexico\/wp-json\/wp\/v2\/posts\/12983","targetHints":{"allow":["GET"]}}],"collection":[{"href":"https:\/\/redsemlac.com\/semmexico\/wp-json\/wp\/v2\/posts"}],"about":[{"href":"https:\/\/redsemlac.com\/semmexico\/wp-json\/wp\/v2\/types\/post"}],"author":[{"embeddable":true,"href":"https:\/\/redsemlac.com\/semmexico\/wp-json\/wp\/v2\/users\/3"}],"replies":[{"embeddable":true,"href":"https:\/\/redsemlac.com\/semmexico\/wp-json\/wp\/v2\/comments?post=12983"}],"version-history":[{"count":0,"href":"https:\/\/redsemlac.com\/semmexico\/wp-json\/wp\/v2\/posts\/12983\/revisions"}],"wp:featuredmedia":[{"embeddable":true,"href":"https:\/\/redsemlac.com\/semmexico\/wp-json\/wp\/v2\/media\/12984"}],"wp:attachment":[{"href":"https:\/\/redsemlac.com\/semmexico\/wp-json\/wp\/v2\/media?parent=12983"}],"wp:term":[{"taxonomy":"category","embeddable":true,"href":"https:\/\/redsemlac.com\/semmexico\/wp-json\/wp\/v2\/categories?post=12983"},{"taxonomy":"post_tag","embeddable":true,"href":"https:\/\/redsemlac.com\/semmexico\/wp-json\/wp\/v2\/tags?post=12983"}],"curies":[{"name":"wp","href":"https:\/\/api.w.org\/{rel}","templated":true}]}}