{"id":12980,"date":"2019-10-16T16:25:27","date_gmt":"2019-10-16T16:25:27","guid":{"rendered":"https:\/\/redsemlac.com\/semmexico\/?p=12980"},"modified":"2023-07-21T15:12:48","modified_gmt":"2023-07-21T20:12:48","slug":"oaxaca-68","status":"publish","type":"post","link":"https:\/\/redsemlac.com\/semmexico\/oaxaca-68\/","title":{"rendered":"Presentan \u201cLa luna ilumina la choza rota\u201d: una dolorosa historia de ejecuci\u00f3n extrajudicial en caso Loxicha"},"content":{"rendered":"\n<p class=\"wp-block-paragraph\"><strong>Redacci\u00f3n  P\u00e1gina3.mx<\/strong> <\/p>\n\n\n\n<p class=\"wp-block-paragraph\">SemM\u00e9xico\/P\u00e1gina 3.mx,  Oaxaca. 16 de octubre 2019.- Hoy a las 5 de la tarde, las autoras Oralba Castillo y Estela Garc\u00eda har\u00e1n la presentaci\u00f3n de \u201c<em>La luna ilumina la choza rota<\/em>\u201c, una obra literaria que relata los hechos sucedidos la madrugada del 24 de abril de 1997, en Santa Mar\u00eda Jalatengo, Oaxaca, y la larga traves\u00eda que\u00a0<strong>desencaden\u00f3 la ejecuci\u00f3n extrajudicial<\/strong>\u00a0de esa noche.<\/p>\n\n\n\n<p class=\"wp-block-paragraph\">Esto, dentro del contexto del llamado \u201cCaso Loxicha\u201d en 1996, cuando un conjunto de arrestos extrajudiciales a presuntos miembros del&nbsp;<a href=\"https:\/\/pagina3.mx\/2017\/07\/lo-acusaron-de-ser-del-epr-paso-20-anos-en-prision\/\"><strong>Ej\u00e9rcito Popular Revolucionario (EPR)<\/strong><\/a>&nbsp;en San Agust\u00edn Loxicha tuvieron lugar, y un mont\u00f3n de zapotecos fueron tomados presos.<\/p>\n\n\n\n<p class=\"wp-block-paragraph\">Cuenta el libro, mediante la grandiosa redacci\u00f3n de la escritora Oralba Castillo N\u00e1jera, que&nbsp;<strong>Estela Garc\u00eda Ram\u00edrez y Celerino Jim\u00e9nez Almaraz<\/strong>&nbsp;dorm\u00edan en casa de su mam\u00e1 y pap\u00e1, a dos a\u00f1os de haber contra\u00eddo nupcias, cuando fuerzas de la entonces Polic\u00eda Judicial del Estado de Oaxaca entraron a Santa Mar\u00eda Jalatengo en el municipio de San Mateo R\u00edo Hondo, Miahuatl\u00e1n y, con presuntas \u00f3rdenes de aprehensi\u00f3n, se dirigieron al domicilio de los Garc\u00eda-Jim\u00e9nez.<\/p>\n\n\n\n<p class=\"wp-block-paragraph\">Al llegar al conocido Rancho de los Limares,&nbsp;<strong>unos 60 u 80 armados<\/strong>&nbsp;entraron al lugar a la fuerza gritando que eran polic\u00edas judiciales, una y otra vez. En el momento en que detectaron a Celerino Jim\u00e9nez, comenzaron a golpearlo con brutalidad y cuando su esposa intercedi\u00f3, tambi\u00e9n la agredieron salvajemente.<\/p>\n\n\n\n<p class=\"wp-block-paragraph\">Antes de detener a Celerino, uno de los polic\u00edas grit\u00f3: \u00a1<strong>accionen, accionen<\/strong>!, y as\u00ed recibi\u00f3 sus primeros balazos el cuerpo de quien hac\u00eda unos minutos dorm\u00eda abrazado de su esposa.<\/p>\n\n\n\n<p class=\"wp-block-paragraph\">Minutos despu\u00e9s, a Celerino Jim\u00e9nez Almaraz se lo llevaron y&nbsp;<strong>nunca lo trajeron de regreso<\/strong>.<\/p>\n\n\n\n<p class=\"wp-block-paragraph\">Siendo muy breves, as\u00ed vivir\u00eda el preludio del resto de su vida Estela Garc\u00eda, quien luego co creara&nbsp;<em>\u201cLa luna ilumina la choza rota: una historia de dignidad en busca de justicia\u201d<\/em>,&nbsp;<strong>22 a\u00f1os despu\u00e9s de lo sucedido<\/strong>.<\/p>\n\n\n\n<p class=\"wp-block-paragraph\">La presentaci\u00f3n del libro es auspiciada por el&nbsp;<a href=\"https:\/\/centroprodh.org.mx\/\">Centro de Derechos Humanos Miguel Agust\u00edn Pro Ju\u00e1rez (Centro Prodh)<\/a>, y ser\u00e1 en sus instalaciones en Sergio Rend\u00f3n 57-B, San Rafael, Alcald\u00eda Cuauht\u00e9moc en la&nbsp;<strong>Ciudad de M\u00e9xico<\/strong>.<\/p>\n\n\n\n<p class=\"wp-block-paragraph\">El libro ser\u00e1 presentado por las autoras,&nbsp;<strong>Estela y Oralba<\/strong>, por A\u00edda Hern\u00e1ndez Castillo, acad\u00e9mica del CIESAS e integrante del&nbsp;<a href=\"https:\/\/hermanasenlasombra.wixsite.com\/hermanasenlasombra\">Colectiva Hermanas en la Sombra<\/a>; por Santiago Aguirre, director del Centro Prodh y por Pedro Mat\u00edas, periodista del portal P\u00e1gina 3 y corresponsal de Proceso.<\/p>\n\n\n\n<p class=\"wp-block-paragraph\">Adem\u00e1s, moderar\u00e1&nbsp;<strong>Carmen Herrera<\/strong>, reconocida defensora de derechos humanos.<\/p>\n","protected":false},"excerpt":{"rendered":"<p>Una obra literaria que relata los hechos sucedidos la madrugada del 24 de abril de 1997, en Santa Mar\u00eda Jalatengo, Oaxaca, y la larga traves\u00eda que desencaden\u00f3 la ejecuci\u00f3n extrajudicial de esa noche.<\/p>\n","protected":false},"author":3,"featured_media":12981,"comment_status":"open","ping_status":"open","sticky":false,"template":"","format":"standard","meta":{"_monsterinsights_skip_tracking":false,"footnotes":""},"categories":[690,56],"tags":[],"class_list":["post-12980","post","type-post","status-publish","format-standard","has-post-thumbnail","category-690","category-redes"],"_links":{"self":[{"href":"https:\/\/redsemlac.com\/semmexico\/wp-json\/wp\/v2\/posts\/12980","targetHints":{"allow":["GET"]}}],"collection":[{"href":"https:\/\/redsemlac.com\/semmexico\/wp-json\/wp\/v2\/posts"}],"about":[{"href":"https:\/\/redsemlac.com\/semmexico\/wp-json\/wp\/v2\/types\/post"}],"author":[{"embeddable":true,"href":"https:\/\/redsemlac.com\/semmexico\/wp-json\/wp\/v2\/users\/3"}],"replies":[{"embeddable":true,"href":"https:\/\/redsemlac.com\/semmexico\/wp-json\/wp\/v2\/comments?post=12980"}],"version-history":[{"count":0,"href":"https:\/\/redsemlac.com\/semmexico\/wp-json\/wp\/v2\/posts\/12980\/revisions"}],"wp:featuredmedia":[{"embeddable":true,"href":"https:\/\/redsemlac.com\/semmexico\/wp-json\/wp\/v2\/media\/12981"}],"wp:attachment":[{"href":"https:\/\/redsemlac.com\/semmexico\/wp-json\/wp\/v2\/media?parent=12980"}],"wp:term":[{"taxonomy":"category","embeddable":true,"href":"https:\/\/redsemlac.com\/semmexico\/wp-json\/wp\/v2\/categories?post=12980"},{"taxonomy":"post_tag","embeddable":true,"href":"https:\/\/redsemlac.com\/semmexico\/wp-json\/wp\/v2\/tags?post=12980"}],"curies":[{"name":"wp","href":"https:\/\/api.w.org\/{rel}","templated":true}]}}