{"id":12977,"date":"2019-10-16T16:16:49","date_gmt":"2019-10-16T16:16:49","guid":{"rendered":"https:\/\/redsemlac.com\/semmexico\/?p=12977"},"modified":"2023-07-21T15:12:48","modified_gmt":"2023-07-21T20:12:48","slug":"pink-tax","status":"publish","type":"post","link":"https:\/\/redsemlac.com\/semmexico\/pink-tax\/","title":{"rendered":"El impuesto rosa violencia econ\u00f3mica hacia la mujer, Gloria S\u00e1nchez Hern\u00e1ndez"},"content":{"rendered":"\n<p class=\"wp-block-paragraph\"><strong>Elda Montiel<\/strong><\/p>\n\n\n\n<p class=\"wp-block-paragraph\">SemM\u00e9xico. Cd. de M\u00e9xico. 16 de octubre de 2019.- La senadora Gloria S\u00e1nchez Hern\u00e1ndez present\u00f3 un punto de acuerdo para combatir el llamado impuesto rosa o&nbsp;<em>pink<\/em><em>&nbsp;<\/em><em>tax<\/em>, por el cual aumentan hasta en 17% los productos dirigidos a las mujeres por considerarlo discriminatorio hacia las mujeres.&nbsp;<\/p>\n\n\n\n<p class=\"wp-block-paragraph\">En conferencia de prensa, la legisladora exhorto a la&nbsp;Procuradur\u00eda&nbsp;Federal del Consumidor (PROFECO)&nbsp;a&nbsp;visibilizar, combatir y sancionar dicho impuesto discriminatorio&nbsp;y que es una forma de violencia a la mujer debido a que causa da\u00f1o econ\u00f3mico al g\u00e9nero femenino.&nbsp;<\/p>\n\n\n\n<p class=\"wp-block-paragraph\">Precis\u00f3 que el&nbsp;impuesto rosa o&nbsp;<em>pink<\/em><em>&nbsp;<\/em><em>tax<\/em><em>,<\/em>&nbsp;es cuando&nbsp;el precio de&nbsp;un producto que va dirigido a las ni\u00f1as y mujeres es mayor comparado con los de ni\u00f1os y hombres.&nbsp;<\/p>\n\n\n\n<p class=\"wp-block-paragraph\">De acuerdo a estudios del Departamento de Aspectos del Consumidor, en los productos de belleza de las mujeres como rastrillos,&nbsp;shampoos&nbsp;se pagan del 52% hasta el 264% m\u00e1s que en art\u00edculos similares para los&nbsp;ni\u00f1os y&nbsp;los hombres.<\/p>\n\n\n\n<p class=\"wp-block-paragraph\">Si bien existen productos especificados para cada sexo, en algunos casos solo cambia el color de la etiqueta o el personaje que acompa\u00f1a al art\u00edculo. &nbsp;<\/p>\n\n\n\n<p class=\"wp-block-paragraph\">\u201cLos hechos expuestos tambi\u00e9n dan constancia de estereotipos que no corresponden a una sociedad inclusiva, incluyente y respetuosa de los derechos humanos, por lo que deben ser combatidas con prontitud y eficacia\u201d.<\/p>\n\n\n\n<p class=\"wp-block-paragraph\">\u201cSi no combatimos la violencia y discriminaci\u00f3n en las cosas m\u00e1s cotidianas, no ser\u00e1 posible terminar con las pr\u00e1cticas machistas de nuestra sociedad\u201d, afirm\u00f3 la legisladora del partido de Morena.<\/p>\n","protected":false},"excerpt":{"rendered":"<p>El impuesto rosa o pink tax, es cuando el precio de un producto que va dirigido a las ni\u00f1as y mujeres es mayor comparado con los de ni\u00f1os y hombres. <\/p>\n","protected":false},"author":3,"featured_media":12978,"comment_status":"open","ping_status":"open","sticky":false,"template":"","format":"standard","meta":{"_monsterinsights_skip_tracking":false,"footnotes":""},"categories":[690,50],"tags":[],"class_list":["post-12977","post","type-post","status-publish","format-standard","has-post-thumbnail","category-690","category-congreso"],"_links":{"self":[{"href":"https:\/\/redsemlac.com\/semmexico\/wp-json\/wp\/v2\/posts\/12977","targetHints":{"allow":["GET"]}}],"collection":[{"href":"https:\/\/redsemlac.com\/semmexico\/wp-json\/wp\/v2\/posts"}],"about":[{"href":"https:\/\/redsemlac.com\/semmexico\/wp-json\/wp\/v2\/types\/post"}],"author":[{"embeddable":true,"href":"https:\/\/redsemlac.com\/semmexico\/wp-json\/wp\/v2\/users\/3"}],"replies":[{"embeddable":true,"href":"https:\/\/redsemlac.com\/semmexico\/wp-json\/wp\/v2\/comments?post=12977"}],"version-history":[{"count":0,"href":"https:\/\/redsemlac.com\/semmexico\/wp-json\/wp\/v2\/posts\/12977\/revisions"}],"wp:featuredmedia":[{"embeddable":true,"href":"https:\/\/redsemlac.com\/semmexico\/wp-json\/wp\/v2\/media\/12978"}],"wp:attachment":[{"href":"https:\/\/redsemlac.com\/semmexico\/wp-json\/wp\/v2\/media?parent=12977"}],"wp:term":[{"taxonomy":"category","embeddable":true,"href":"https:\/\/redsemlac.com\/semmexico\/wp-json\/wp\/v2\/categories?post=12977"},{"taxonomy":"post_tag","embeddable":true,"href":"https:\/\/redsemlac.com\/semmexico\/wp-json\/wp\/v2\/tags?post=12977"}],"curies":[{"name":"wp","href":"https:\/\/api.w.org\/{rel}","templated":true}]}}