{"id":12851,"date":"2019-10-12T23:20:57","date_gmt":"2019-10-12T23:20:57","guid":{"rendered":"https:\/\/redsemlac.com\/semmexico\/?p=12851"},"modified":"2023-07-21T15:12:51","modified_gmt":"2023-07-21T20:12:51","slug":"caso-narvarte-2","status":"publish","type":"post","link":"https:\/\/redsemlac.com\/semmexico\/caso-narvarte-2\/","title":{"rendered":"Desde Chiapas, repudian impunidad por Caso Narvarte"},"content":{"rendered":"\n<p class=\"wp-block-paragraph\"><strong>Andr\u00e9s Dom\u00ednguez<\/strong><\/p>\n\n\n\n<p class=\"wp-block-paragraph\">SemM\u00e9xico\/Chiapas Paralelo. Chiapas. 12 de octubre 2019.- Mirtha Robledo, Art\u00edculo 19 y el Centro de Derechos Humanos \u201cFray Bartolom\u00e9 de las Casas\u201d exigieron justicia por el multifeminicidio de Alejandra Negrete, Nadia Vera, Mile Martin, Yesenia Quiroz y Nadia Vera adem\u00e1s del homicidio de Ruben Espinoza, quienes fueran asesinados hace 4 a\u00f1os y dos meses en la Colonia Narvarte de la Ciudad de M\u00e9xico.<\/p>\n\n\n\n<p class=\"wp-block-paragraph\">Robledo, madre de Nadia Vera quien fuera activista chiapaneca, expres\u00f3 que el Estado Mexicano no garantiz\u00f3 la protecci\u00f3n de la defensora y el fotoperiodista Espinoza, quienes meses antes de su asesinato hab\u00edan alertado de amenazas de muerte hechas por el Gobierno de Veracruz.<\/p>\n\n\n\n<p class=\"wp-block-paragraph\">Luis Eduardo Knnap Moreno, Coordinador de Defensa de Articulo 19 para M\u00e9xico y Centroam\u00e9rica, detall\u00f3 que las autoridades han declarado que la investigaci\u00f3n que se realiz\u00f3 est\u00e1 tan mal hecha, que debe empezar de cero.<\/p>\n\n\n\n<p class=\"wp-block-paragraph\">Mirtha Robledo ley\u00f3 una carta que escribi\u00f3 a su hija a 4 a\u00f1os de su asesinato. \u201cNo s\u00f3lo te asesin\u00f3 el delincuente que accion\u00f3 el gatillo, sino con \u00e9l, te asesin\u00f3 el que fabric\u00f3 el arma, el que la introdujo al pa\u00eds, el que volte\u00f3 a ver para otro lado, para no ver la carga ilegal en que ven\u00eda el arma, el que la vendi\u00f3, el que la compr\u00f3\u201d dijo.<\/p>\n\n\n\n<p class=\"wp-block-paragraph\">Robledo manifest\u00f3 que fue una obligaci\u00f3n del estado haber brindado seguridad y cuidar de la vida de los hoy fallecidos, ante las denuncias p\u00fablicas que hiciera su hija y el fotoreportero Rub\u00e9n Espinoza tras haber recibido amenazas de muerte por un grupo relacionado con el ex-gobernador de Veracruz, Javier Duarte de Ochoa.<\/p>\n\n\n\n<p class=\"wp-block-paragraph\">Asimismo, la madre de Nadia coment\u00f3 que el pa\u00eds ya no es nuestro, porque se mata a las mujeres, ni\u00f1as, activistas y periodistas impunemente, porque las investigaciones sobre los cr\u00edmenes y estafas no las hacen los que deber\u00edan procurar justicia.<\/p>\n\n\n\n<p class=\"wp-block-paragraph\">A su vez, Art\u00edculo 19 inform\u00f3 que existe una la falta de garant\u00eda del derecho a la justicia y verdad por parte del Estado, adem\u00e1s reconoci\u00f3 la importancia de recuperar la informaci\u00f3n disponible con la que cuenta la sociedad y las familias de las v\u00edctimas, para ordenarla y generar narrativas que contribuyan al derecho a la verdad, que ayuden a explicar qu\u00e9 pas\u00f3 esa tarde en el departamento de la Colonia Narvarte y por qu\u00e9, qui\u00e9nes fueron las v\u00edctimas, qui\u00e9nes fueron los perpetradores y en qu\u00e9 contexto se dieron estos cr\u00edmenes.<\/p>\n\n\n\n<p class=\"wp-block-paragraph\">Knnap Moreno coment\u00f3 que desde que ocurrieron los hechos, las v\u00edctimas directas e indirectas han sufrido estigmatizaron por parte de las autoridades, al mismo tiempo, de un camino de omisi\u00f3n por la justicia.<\/p>\n\n\n\n<p class=\"wp-block-paragraph\">\u201cDesde que se empez\u00f3 la investigaci\u00f3n, hubieron irregularidades de la Delegaci\u00f3n Benito Ju\u00e1rez, ya que no fue conducida a la Fiscal\u00eda Especializada en atender delitos contra Periodistas y Defensoras de Derechos Humanos, sino se fue a la Fiscal\u00eda de Homicidios, que lo vio como uno m\u00e1s\u201d expres\u00f3.<\/p>\n\n\n\n<p class=\"wp-block-paragraph\">El abogado mencion\u00f3 que las autoridades federales nunca analizaron el contexto en la que Vera y Espinoza llegan a la Ciudad de M\u00e9xico.<\/p>\n\n\n\n<p class=\"wp-block-paragraph\">Adem\u00e1s, expres\u00f3 que la los servidores p\u00fablicos que atendieron el caso fueron premiados ya que ascendieron de puestos, sin que hasta ahora, este caso tenga avances significativos.<\/p>\n\n\n\n<p class=\"wp-block-paragraph\">\u201cEn noviembre iniciamos un nuevo proceso de dialogo, que se apegara a la recomendaci\u00f3n de la Comisi\u00f3n de Derechos Humanos de la Ciudad de M\u00e9xico, que hasta ahora no se han cumplido. Lo que les interesa a las familias es la verdad y justicia\u201d manifest\u00f3.<\/p>\n\n\n\n<p class=\"wp-block-paragraph\">Asimismo, dijo que no esperan que se haga una disculpa p\u00fablica hasta que se avance en la investigaci\u00f3n, sin embargo, la poca eficiencia de la Fiscal\u00eda de la Ciudad, no tom\u00f3 en cuenta evidencia vital para llegar a la verdad.<\/p>\n\n\n\n<p class=\"wp-block-paragraph\">\u201cEl tiempo que pasa, es la verdad que se escapa, por eso es temperante seguir presionado en este caso\u201d coment\u00f3.<\/p>\n\n\n\n<p class=\"wp-block-paragraph\">Hasta el momento se mantienen 3 personas detenidas, de las cuales 1 ha sido sentenciado por el caso; 2 m\u00e1s en espera de sentencia. Sin embargo, hasta el momento no se ha reconocido una autora intelectual.<\/p>\n\n\n\n<p class=\"wp-block-paragraph\">\u201cLa lucha sigue con el nuevo gobierno, lo que se busca es subsanar las omisiones que se tuvo anteriormente. Tenemos que empezar de cero as\u00ed lo dijo un juez\u201d<\/p>\n","protected":false},"excerpt":{"rendered":"<p>Hasta el momento se mantienen 3 personas detenidas, de las cuales 1 ha sido sentenciado por el caso; 2 m\u00e1s en espera de sentencia. Sin embargo, hasta el momento no se ha reconocido una autora intelectual.<\/p>\n","protected":false},"author":3,"featured_media":12852,"comment_status":"open","ping_status":"open","sticky":false,"template":"","format":"standard","meta":{"_monsterinsights_skip_tracking":false,"footnotes":""},"categories":[690,54],"tags":[],"class_list":["post-12851","post","type-post","status-publish","format-standard","has-post-thumbnail","category-690","category-mujeres"],"_links":{"self":[{"href":"https:\/\/redsemlac.com\/semmexico\/wp-json\/wp\/v2\/posts\/12851","targetHints":{"allow":["GET"]}}],"collection":[{"href":"https:\/\/redsemlac.com\/semmexico\/wp-json\/wp\/v2\/posts"}],"about":[{"href":"https:\/\/redsemlac.com\/semmexico\/wp-json\/wp\/v2\/types\/post"}],"author":[{"embeddable":true,"href":"https:\/\/redsemlac.com\/semmexico\/wp-json\/wp\/v2\/users\/3"}],"replies":[{"embeddable":true,"href":"https:\/\/redsemlac.com\/semmexico\/wp-json\/wp\/v2\/comments?post=12851"}],"version-history":[{"count":0,"href":"https:\/\/redsemlac.com\/semmexico\/wp-json\/wp\/v2\/posts\/12851\/revisions"}],"wp:featuredmedia":[{"embeddable":true,"href":"https:\/\/redsemlac.com\/semmexico\/wp-json\/wp\/v2\/media\/12852"}],"wp:attachment":[{"href":"https:\/\/redsemlac.com\/semmexico\/wp-json\/wp\/v2\/media?parent=12851"}],"wp:term":[{"taxonomy":"category","embeddable":true,"href":"https:\/\/redsemlac.com\/semmexico\/wp-json\/wp\/v2\/categories?post=12851"},{"taxonomy":"post_tag","embeddable":true,"href":"https:\/\/redsemlac.com\/semmexico\/wp-json\/wp\/v2\/tags?post=12851"}],"curies":[{"name":"wp","href":"https:\/\/api.w.org\/{rel}","templated":true}]}}