{"id":12844,"date":"2019-10-12T22:55:16","date_gmt":"2019-10-12T22:55:16","guid":{"rendered":"https:\/\/redsemlac.com\/semmexico\/?p=12844"},"modified":"2023-07-21T15:12:51","modified_gmt":"2023-07-21T20:12:51","slug":"estreno-en-francia-retrato-de-una-mujer-en-llamas-de-celine-sciamma","status":"publish","type":"post","link":"https:\/\/redsemlac.com\/semmexico\/estreno-en-francia-retrato-de-una-mujer-en-llamas-de-celine-sciamma\/","title":{"rendered":"Estreno en Francia: \u201cRetrato de una mujer en llamas\u201d de Celine Sciamma"},"content":{"rendered":"\n<ul class=\"wp-block-list\"><li><strong>De la creaci\u00f3n art\u00edstica y del amor entre dos mujeres<\/strong><\/li><\/ul>\n\n\n\n<p class=\"wp-block-paragraph\"><strong>Julio Feo Zarandieta\u00a0<\/strong><\/p>\n\n\n\n<p class=\"wp-block-paragraph\">SemM\u00e9xico\/Periodistas en Espa\u00f1ol. 12 de octubre 2019.- Doce a\u00f1os despu\u00e9s de \u201cNaisance d\u2019une pieuvre\u201d (\u2018Lirios de agua\u2019) en 2007, la cineasta francesa\u00a0<strong>Celine Sciamma<\/strong>\u00a0vuelve a filmar con la actriz\u00a0<strong>Ad\u00e8le Haenel<\/strong>\u00a0como protagonista en una pel\u00edcula escrita especialmente para ella: \u201cRetrato de una mujer en llamas\u201d (\u2018Portrait de la jeune fille en feu\u2019).<\/p>\n\n\n\n<div class=\"wp-block-image\"><figure class=\"alignleft is-resized\"><img loading=\"lazy\" decoding=\"async\" src=\"https:\/\/i1.wp.com\/periodistas-es.com\/wp-content\/uploads\/2019\/10\/cartel-de-mujer-en-llamas.jpg?resize=350%2C467&amp;ssl=1\" alt=\"cartel de mujer en llamas\" class=\"wp-image-134639\" width=\"285\" height=\"380\"\/><\/figure><\/div>\n\n\n\n<p class=\"wp-block-paragraph\">Rom\u00e1ntica historia de amor y pel\u00edcula de \u00e9poca con lectura muy actual y contempor\u00e1nea que obtuvo el premio al mejor gui\u00f3n el pasado mes de mayo en el festival de Cannes, y de la que volveremos a o\u00edr hablar sin duda en los pr\u00f3ximos premios C\u00e9sar del cine franc\u00e9s.<\/p>\n\n\n\n<p class=\"wp-block-paragraph\">Este su cuarto largometraje de ficci\u00f3n, despu\u00e9s de \u201cLirios de agua\u201d (C\u00e9sar a la mejor \u00f3pera prima y C\u00e9sar a la revelaci\u00f3n femenina para Ad\u00e8le Haenel) 2007, \u201cTomboy\u201d 2011, y \u201c<a href=\"https:\/\/periodistas-es.com\/cannes-2014-homenaje-resnais-banda-de-chicas-y-cine-argentino-en-la-quincena-34901\" target=\"_blank\" rel=\"noreferrer noopener\">Banda de chicas<\/a>\u201d 2014, que forman en cierto modo una trilog\u00eda sobre el tema del paso a la edad adulta en nuestra sociedad contempor\u00e1nea.<\/p>\n\n\n\n<p class=\"wp-block-paragraph\">En esta ocasi\u00f3n ha optado Sciamma por una pel\u00edcula de \u00e9poca que se sit\u00faa en un caser\u00f3n en una isla en la Breta\u00f1a del siglo XVIII, para abordar una historia de amor entre dos mujeres, una artista pintora Mariana (<strong>Noemi Merlant<\/strong>) es contratada para hacer el retrato prenupcial, sin que ella lo sepa, de la joven Elo\u00edsa (Adele Haenel), que debe casarse con un milan\u00e9s, seg\u00fan los deseos de su madre (<strong>Valeria Golino<\/strong>).<\/p>\n\n\n\n<p class=\"wp-block-paragraph\">Elo\u00edsa, que detesta y se opone a esa boda impuesta, se niega a posar, y Marianne deber\u00e1 hacer trabajar su memoria, para observar a su modelo sin que ella se aperciba. El h\u00e1bil gui\u00f3n se apoya en esa intriga para ir desplegando poco a poco el cruce de miradas entre los cuatro personajes centrales, la pintora, la joven Elo\u00edsa, pero tambi\u00e9n su madre y la sirvienta que se ocupa de ellas (<strong>Luana Bajrami<\/strong>).<\/p>\n\n\n\n<figure class=\"wp-block-image\"><img decoding=\"async\" src=\"https:\/\/i0.wp.com\/periodistas-es.com\/wp-content\/uploads\/2019\/10\/Adele-Haenel-y-Noemi-Merlant-en-Mujer-en-llamas.jpg?resize=696%2C367&amp;is-pending-load=1#038;ssl=1\" alt=\"Adele Haenel y Noemi Merlant en un fotograma de Mujer en llamas\" class=\"wp-image-134640\"\/><figcaption>Adele Haenel y Noemi Merlant en un fotograma de Mujer en llamas<\/figcaption><\/figure>\n\n\n\n<p class=\"wp-block-paragraph\">Celine Sciamma filma con sensibilidad femenina y feminista esa historia de amor que va naciendo al mismo tiempo que progresa el trabajo art\u00edstico de la pintora. Del conflicto a la mutua atracci\u00f3n, la historia de amor entre Elo\u00edsa y Mariana, que se observan y se admiran, tiene un car\u00e1cter transgresor en ese contexto hist\u00f3rico, que es evocado en su alusi\u00f3n al mito griego de Orfeo y Eur\u00eddice, o la opci\u00f3n entre el amor apasionado de los amantes y el romanticismo del poeta y sus recuerdos.<\/p>\n\n\n\n<p class=\"wp-block-paragraph\">A la tem\u00e1tica del pintor y su modelo, del di\u00e1logo entre cine y pintura, entre el deseo y la creaci\u00f3n art\u00edstica abordada en el mundo del cine m\u00e1s bien desde un punto de vista masculino, Celine Sciamma aporta en su h\u00e1bil gui\u00f3n una mirada femenina singular e innovadora.<\/p>\n\n\n\n<p class=\"wp-block-paragraph\">Sus cuatro personajes femeninos expresan cada cual a su manera un ansia de libertad y sus di\u00e1logos, de absoluta modernidad, nos hablan tanto de la creaci\u00f3n art\u00edstica, de la mirada sensual o er\u00f3tica sobre el otro, de la admiraci\u00f3n intelectual en la relaci\u00f3n sentimental, o del aborto. Esas cuatro mujeres, sirvienta o ama, artista o madre, aspiran unas como otras a liberarse de su opresiva condici\u00f3n y de las convenciones sociales de su \u00e9poca, en las que est\u00e1n atrapadas.<\/p>\n\n\n\n<p class=\"wp-block-paragraph\">La cuidada direcci\u00f3n de fotograf\u00eda de&nbsp;<strong>Claire Mathon<\/strong>, y las opciones de puesta en escena de Celine Sciamma, logran un expresivo contraste entre sus luminosas localizaciones exteriores, y su c\u00e1lido color en el dise\u00f1o de los interiores, utilizando las fuentes de luz, a la manera de los grandes cl\u00e1sicos de la pintura del siglo XVIII.<\/p>\n\n\n\n<p class=\"wp-block-paragraph\">El resultado final es una lograda mezcla de pel\u00edcula de \u00e9poca y de modernidad, lejos del clasicismo habitual del g\u00e9nero. De relieve tambi\u00e9n el escaso uso de la m\u00fasica en la pel\u00edcula. A cargo del m\u00fasico y compositor&nbsp;<strong>Jean Baptiste de Laubier<\/strong>, alias \u201cPara One\u201d, quien hab\u00eda participado ya en las pel\u00edculas anteriores de Sciamma.<\/p>\n\n\n\n<p class=\"wp-block-paragraph\">El crepitar del fuego en la chimenea, o el soplo del viento y una cuidada banda sonora, ocupan el lugar de la m\u00fasica, reducida a tres minutos en dos o tres secuencias en m\u00e1s de dos horas de pel\u00edcula. Un coro cantado en lat\u00edn por las mujeres del pueblo en torno a la hoguera es uno de los momentos de m\u00e1s intensa emoci\u00f3n. El resto de la m\u00fasica es la sinfon\u00eda de Vivaldi que cierra la escena final, recordatorio de otra breve secuencia en la que la artista interpreta algunas notas al piano.<\/p>\n\n\n\n<figure class=\"wp-block-embed-youtube wp-block-embed is-type-video is-provider-youtube wp-embed-aspect-16-9 wp-has-aspect-ratio\"><div class=\"wp-block-embed__wrapper\">\n<iframe loading=\"lazy\" title=\"Retrato de una mujer en llamas - Trailer subtitulado en espa\u00f1ol (HD)\" width=\"696\" height=\"392\" src=\"https:\/\/www.youtube.com\/embed\/ylRjiS94Om8?feature=oembed&#038;enablejsapi=1\" frameborder=\"0\" allow=\"accelerometer; autoplay; clipboard-write; encrypted-media; gyroscope; picture-in-picture; web-share\" referrerpolicy=\"strict-origin-when-cross-origin\" allowfullscreen><\/iframe>\n<\/div><\/figure>\n\n\n\n<p class=\"wp-block-paragraph\">Excelentes todas sus int\u00e9rpretes y, en particular, el d\u00fao protag\u00f3nico Haenel y Lermant. Para Adele Haenel, quien se revel\u00f3 en el cine de la mano de Sciamma en 2007, este papel tr\u00e1gico y rom\u00e1ntico viene a culminar su brillante carrera de actriz en un registro muy diferente. Con papeles a menudo de joven en\u00e9rgica, empecinada y voluntaria recordar\u00e9 aqu\u00ed algunos momentos claves de su nutrida filmograf\u00eda: \u201cLos combatientes\u201d de&nbsp;<strong>Thomas Cailley<\/strong>, \u201cL\u2019Apollonide\u201d o \u201cNocturama\u201d de&nbsp;<strong>Bertrand Bonello<\/strong>, \u201cLa chica desconocida\u201d de los hermanos&nbsp;<strong>Dardenne<\/strong>, \u201c<a href=\"https:\/\/periodistas-es.com\/estreno-francia-120-pulsaciones-minuto-robin-campillo-90598\" target=\"_blank\" rel=\"noreferrer noopener\">Banda de chicas<\/a>\u201d de&nbsp;<strong>Robin Campillo<\/strong>, o \u201cEn libert\u00e9\u201d de&nbsp;<strong>Pierre Salvadori<\/strong>.<\/p>\n","protected":false},"excerpt":{"rendered":"<p>Rom\u00e1ntica historia de amor y pel\u00edcula de \u00e9poca con lectura muy actual y contempor\u00e1nea que obtuvo el premio al mejor gui\u00f3n el pasado mes de mayo en el festival de Cannes<\/p>\n","protected":false},"author":3,"featured_media":12845,"comment_status":"open","ping_status":"open","sticky":false,"template":"","format":"standard","meta":{"_monsterinsights_skip_tracking":false,"footnotes":""},"categories":[690,45,46],"tags":[],"class_list":["post-12844","post","type-post","status-publish","format-standard","has-post-thumbnail","category-690","category-cultura","category-cultura-cultura"],"_links":{"self":[{"href":"https:\/\/redsemlac.com\/semmexico\/wp-json\/wp\/v2\/posts\/12844","targetHints":{"allow":["GET"]}}],"collection":[{"href":"https:\/\/redsemlac.com\/semmexico\/wp-json\/wp\/v2\/posts"}],"about":[{"href":"https:\/\/redsemlac.com\/semmexico\/wp-json\/wp\/v2\/types\/post"}],"author":[{"embeddable":true,"href":"https:\/\/redsemlac.com\/semmexico\/wp-json\/wp\/v2\/users\/3"}],"replies":[{"embeddable":true,"href":"https:\/\/redsemlac.com\/semmexico\/wp-json\/wp\/v2\/comments?post=12844"}],"version-history":[{"count":0,"href":"https:\/\/redsemlac.com\/semmexico\/wp-json\/wp\/v2\/posts\/12844\/revisions"}],"wp:featuredmedia":[{"embeddable":true,"href":"https:\/\/redsemlac.com\/semmexico\/wp-json\/wp\/v2\/media\/12845"}],"wp:attachment":[{"href":"https:\/\/redsemlac.com\/semmexico\/wp-json\/wp\/v2\/media?parent=12844"}],"wp:term":[{"taxonomy":"category","embeddable":true,"href":"https:\/\/redsemlac.com\/semmexico\/wp-json\/wp\/v2\/categories?post=12844"},{"taxonomy":"post_tag","embeddable":true,"href":"https:\/\/redsemlac.com\/semmexico\/wp-json\/wp\/v2\/tags?post=12844"}],"curies":[{"name":"wp","href":"https:\/\/api.w.org\/{rel}","templated":true}]}}