{"id":12841,"date":"2019-10-12T22:49:55","date_gmt":"2019-10-12T22:49:55","guid":{"rendered":"https:\/\/redsemlac.com\/semmexico\/?p=12841"},"modified":"2023-07-21T15:12:52","modified_gmt":"2023-07-21T20:12:52","slug":"olga-tokarczuk-nobel-de-literatura-2018-la-mejor-escritora-polaca-de-su-generacion","status":"publish","type":"post","link":"https:\/\/redsemlac.com\/semmexico\/olga-tokarczuk-nobel-de-literatura-2018-la-mejor-escritora-polaca-de-su-generacion\/","title":{"rendered":"Olga Tokarczuk, Nobel de Literatura 2018: la mejor escritora polaca de su generaci\u00f3n"},"content":{"rendered":"\n<p class=\"wp-block-paragraph\"><strong>\u00a0Mercedes Arancibia\u00a0<\/strong><\/p>\n\n\n\n<p class=\"wp-block-paragraph\">SemM\u00e9xico\/Periodistas en Espa\u00f1ol.  12 de octubre 2019.- Unos desagradables incidentes<sup>[1]<\/sup>\u00a0\u2013acusaciones de agresi\u00f3n sexual contra el marido de una de las acad\u00e9micas, tambi\u00e9n beneficiario de algunas prerrogativas en la instituci\u00f3n, y las subsiguientes dimisiones que impidieron alcanzar el qu\u00f3rum necesario\u2013 hicieron que en 2018 no se pudiera establecer qui\u00e9n era el escritor o escritora que se llevaba el Premio Nobel de Literatura.<\/p>\n\n\n\n<p class=\"wp-block-paragraph\">Una vez restablecida la tranquilidad en la Academia sueca, en la ceremonia que tendr\u00e1 lugar en noviembre de 2019 se entregar\u00e1n dos diplomas y dos importantes cantidades en met\u00e1lico: al galardonado en 2019, el austriaco residente en Francia&nbsp;<a href=\"https:\/\/periodistas-es.com\/peter-handke-detiene-el-penalty-134804\" target=\"_blank\" rel=\"noreferrer noopener\">Peter Handke<\/a>, un escritor de pasado tortuoso, carne de psicoanalista por ser \u201cde padre desconocido\u201d, bastante conocido en el mundo occidental donde se le reprocha haber apoyado a los serbios en el conflicto yugoslavo; y, con un a\u00f1o de retraso, a la vencedora de 2018, la novelista polaca&nbsp;<strong>Olga Tokarczuk<\/strong>, que es la decimoquinta &nbsp;mujer que recibe esta recompensa desde 1901<sup>[2]<\/sup>, cuando el ganador fue el poeta franc\u00e9s&nbsp;<strong>Sully Prudhomme<\/strong>.<\/p>\n\n\n\n<p class=\"wp-block-paragraph\">Ambos, Peter Handke y Olga Tokarczuk, suceden al novelista brit\u00e1nico de origen japon\u00e9s&nbsp;<a href=\"https:\/\/periodistas-es.com\/kazuo-ishiguro-premio-nobel-literatura-92528\" target=\"_blank\" rel=\"noreferrer noopener\">Kazuo Ishiguro<\/a>, premiado en 2017.<\/p>\n\n\n\n<p class=\"wp-block-paragraph\">Olga Tokarczuk, de 57 a\u00f1os, premiada por su \u201cimaginaci\u00f3n narrativa\u201d y su \u201cpasi\u00f3n enciclop\u00e9dica\u201d, contaba ya con el emblem\u00e1tico&nbsp;<em>Man Booker Prize<\/em>, recibido en 2018 por la novela \u201cLos peregrinos\u201d, publicada en espa\u00f1ol por Anagrama con el t\u00edtulo \u201cLos errantes\u201d (otras novelas suyas editadas en castellano son \u201cSobre los huesos de los muertos\u201d, \u201cUn lugar llamado anta\u00f1o\u201d, y en catal\u00e1n adem\u00e1s \u201cCos\u201d).<\/p>\n\n\n\n<p class=\"wp-block-paragraph\">Autora de una docena de t\u00edtulos y traducida a veinticinco lenguas, la narrativa de Olga Tokarczuk va del cuento filos\u00f3fico (\u201cLos ni\u00f1os verdes\u201d, 2016, puede encontrarse una edici\u00f3n francesa), a la \u201cnovela policiaca ecologista comprometida y metaf\u00edsica\u201d (FranceInfo) como es \u201cSobre los huesos de los muertos\u201d, o a la novela hist\u00f3rica: un \u2018tocho\u2019 de 900 p\u00e1ginas titulado \u201cLos libros de Jacob\u201d, publicado en 2014.<\/p>\n\n\n\n<p class=\"wp-block-paragraph\">Militante de la izquierda ecologista en uno de los pa\u00edses m\u00e1s conservadores de la Uni\u00f3n Europea, considerada la mejor escritora polaca de su generaci\u00f3n, y muy cr\u00edtica con el actual gobierno polaco del nacionalista, cat\u00f3lico y en la pr\u00e1ctica ultraconservador partido Ley y Justicia (PiS), Olga Tokarczuk, quien tambi\u00e9n es vegetariana, se ha excusado por anunciar, en su cuenta de twitter, que le hab\u00edan concedido el Nobel dos horas antes de que la Academia sueca lo hiciera oficial.<\/p>\n\n\n\n<p class=\"wp-block-paragraph\">La Academia sueca concede diecis\u00e9is premios anuales, el m\u00e1s conocido y el mejor dotado (nueve millones de coronas suecas, unos 830 000 euros) es el Nobel de Literatura. En su testamento, el inventor&nbsp;<strong>Alfred Nobel<\/strong>&nbsp;\u2013qu\u00edmico, industrial, fabricante de armas e inventor con m\u00e1s de 350 patentes registradas, cre\u00f3 los premios para compensar el horror que sent\u00eda por haber inventado la dinamita\u2013 leg\u00f3 su inmensa fortuna para la concesi\u00f3n de los galardones que llevan su nombre y dej\u00f3 en manos de la Academia Sueca la misi\u00f3n de premiar cada a\u00f1o al \u201cautor de la obra literaria m\u00e1s destacable de inspiraci\u00f3n idealista\u201d.<\/p>\n\n\n\n<p class=\"wp-block-paragraph\">El Nobel de Literatura no se ha entregado en siete ocasiones, principalmente por las guerras, en 1914 y 1918, 1935 y de 1940 a 1943, y ha sido rechazado dos veces: en 1958 por el novelista ruso&nbsp;<strong>Boris Parternak<\/strong>&nbsp;(\u201cDoctor Zivago\u201d), obligado por las presiones del gobierno sovi\u00e9tico, y en 1964 por el fil\u00f3sofo y escritor franc\u00e9s&nbsp;<strong>Jean-Paul Sartre<\/strong>.<\/p>\n\n\n\n<ol class=\"wp-block-list\"><li><em>En noviembre de 2017, en plena campa\u00f1a de #MeToo, el director art\u00edstico\u00a0<\/em><strong><em>Jean-Claude Arnault<\/em><\/strong><em>, franc\u00e9s naturalizado sueco y fundador en 1960 del Centro Cultural Forum en Estocolmo, marido de una de las acad\u00e9micas, fue acusado por dieciocho mujeres de acoso y agresi\u00f3n sexual, y por una de ellas de violaci\u00f3n, y condenado a dos a\u00f1o y medio de c\u00e1rcel.<\/em><\/li><li><em>La anterior premiada fue en 2015 la bielorrusa\u00a0<\/em><strong><em>Svetlana Alexievitch<\/em><\/strong><em>. La primera que recibi\u00f3 este prestigioso Nobel fue en 1909 la sueca\u00a0<\/em><strong><em>Selma Lagerl\u00f6f<\/em><\/strong><em>. En 1996 fue otra polaca, la poetisa\u00a0<\/em><strong><em>Wislawa Szymborska<\/em><\/strong><em>, fallecida en 2012. La Academia Sueca vio en ella a \u201cla representante de una visi\u00f3n po\u00e9tica de una pureza y una fuerza inhabituales\u201d.<\/em><\/li><\/ol>\n\n\n\n<p class=\"wp-block-paragraph\">SEM\/Periodistas en Espa\u00f1ol. <\/p>\n","protected":false},"excerpt":{"rendered":"<p>Autora de una docena de t\u00edtulos y traducida a veinticinco lenguas, la narrativa de Olga Tokarczuk va del cuento filos\u00f3fico (\u201cLos ni\u00f1os verdes\u201d, 2016, puede encontrarse una edici\u00f3n francesa), a la \u201cnovela policiaca ecologista comprometida y metaf\u00edsica\u201d.<\/p>\n","protected":false},"author":3,"featured_media":12842,"comment_status":"open","ping_status":"open","sticky":false,"template":"","format":"standard","meta":{"_monsterinsights_skip_tracking":false,"footnotes":""},"categories":[690,53],"tags":[],"class_list":["post-12841","post","type-post","status-publish","format-standard","has-post-thumbnail","category-690","category-internacional"],"_links":{"self":[{"href":"https:\/\/redsemlac.com\/semmexico\/wp-json\/wp\/v2\/posts\/12841","targetHints":{"allow":["GET"]}}],"collection":[{"href":"https:\/\/redsemlac.com\/semmexico\/wp-json\/wp\/v2\/posts"}],"about":[{"href":"https:\/\/redsemlac.com\/semmexico\/wp-json\/wp\/v2\/types\/post"}],"author":[{"embeddable":true,"href":"https:\/\/redsemlac.com\/semmexico\/wp-json\/wp\/v2\/users\/3"}],"replies":[{"embeddable":true,"href":"https:\/\/redsemlac.com\/semmexico\/wp-json\/wp\/v2\/comments?post=12841"}],"version-history":[{"count":0,"href":"https:\/\/redsemlac.com\/semmexico\/wp-json\/wp\/v2\/posts\/12841\/revisions"}],"wp:featuredmedia":[{"embeddable":true,"href":"https:\/\/redsemlac.com\/semmexico\/wp-json\/wp\/v2\/media\/12842"}],"wp:attachment":[{"href":"https:\/\/redsemlac.com\/semmexico\/wp-json\/wp\/v2\/media?parent=12841"}],"wp:term":[{"taxonomy":"category","embeddable":true,"href":"https:\/\/redsemlac.com\/semmexico\/wp-json\/wp\/v2\/categories?post=12841"},{"taxonomy":"post_tag","embeddable":true,"href":"https:\/\/redsemlac.com\/semmexico\/wp-json\/wp\/v2\/tags?post=12841"}],"curies":[{"name":"wp","href":"https:\/\/api.w.org\/{rel}","templated":true}]}}