{"id":12838,"date":"2019-10-12T22:29:24","date_gmt":"2019-10-12T22:29:24","guid":{"rendered":"https:\/\/redsemlac.com\/semmexico\/?p=12838"},"modified":"2023-07-21T15:12:52","modified_gmt":"2023-07-21T20:12:52","slug":"luisa-valenzuela-es-la-ganadora-del-premio-carlos-fuentes-2019","status":"publish","type":"post","link":"https:\/\/redsemlac.com\/semmexico\/luisa-valenzuela-es-la-ganadora-del-premio-carlos-fuentes-2019\/","title":{"rendered":"Luisa Valenzuela es la ganadora del Premio Carlos Fuentes 2019"},"content":{"rendered":"\n<ul class=\"wp-block-list\"><li><strong>La obra\nde Luisa Valenzuela ha sido editada en m\u00e1s de 17 pa\u00edses de Am\u00e9rica, Europa,\nAsia y Ocean\u00eda, y traducida a 10 idiomas.<\/strong><\/li><\/ul>\n\n\n\n<p class=\"wp-block-paragraph\"><strong>Jes\u00fas Alejo Santiago<\/strong><\/p>\n\n\n\n<p class=\"wp-block-paragraph\">SemM\u00e9xico\/Milenio. Ciudad de M\u00e9xico. 12 de octubre 2019.- Luisa\nValenzuela, la escritora argentina result\u00f3 galardonada con el Premio\nInternacional Carlos Fuentes a la Creaci\u00f3n Literaria en Idioma Espa\u00f1ol 2019.<\/p>\n\n\n\n<p class=\"wp-block-paragraph\">El reconocimiento le fue otorgado a Valenzuela por \u201cla\ninteligencia de su obra, su genialidad narrativa y su sentido l\u00fadico y\ncreativo\u201d, dio a conocer Alejandra Frausto, secretaria de Cultura, en su cuenta\nde Twitter. <\/p>\n\n\n\n<p class=\"wp-block-paragraph\">La autora de t\u00edtulos como Novela negra con argentinos,\nCuidado con el tigre, Donde viven las \u00e1guilas o El chiste de Dios y otros\ncuentos ser\u00e1 la encargada de la apertura del sal\u00f3n Literario de la Feria\nInternacional del Libro de Guadalajara, donde tambi\u00e9n recibir\u00e1 la Medalla\nCarlos Fuentes, de manos de la escritora y periodista Silvia Lemus. <\/p>\n\n\n\n<p class=\"wp-block-paragraph\">La obra de Luisa Valenzuela ha sido editada en m\u00e1s de 17\npa\u00edses de Am\u00e9rica, Europa, Asia y Ocean\u00eda, y traducida al ingl\u00e9s, franc\u00e9s,\nalem\u00e1n, holand\u00e9s, italiano, portugu\u00e9s, serbio, coreano, japon\u00e9s y \u00e1rabe, la\ncual se caracteriza \u201cpor su particular abordaje de temas y motivos relacionados\ncon el poder, el cuerpo, el humor y el lenguaje\u201d, con lo que se ha convertido\nen objeto de estudio en universidades de todo el mundo.<\/p>\n\n\n\n<p class=\"wp-block-paragraph\">&nbsp;El escritor mexicano\nconsideraba a la narradora argentina como \u201cuna de las herederas de la\nliteratura latinoamericana\u201d. <\/p>\n\n\n\n<p class=\"wp-block-paragraph\">Impulsado por la Secretar\u00eda de Cultura y la Universidad\nNacional Aut\u00f3noma de M\u00e9xico, el Premio Internacional Carlos Fuentes a la\nCreaci\u00f3n Literaria en Idioma Espa\u00f1ol 2019 consta de un diploma, una pieza\nescult\u00f3rica dise\u00f1ada por el reconocido artista Vicente Rojo y ciento veinticinco\nmil d\u00f3lares (2 millones 400 mil pesos), cuya entrega ser\u00e1 encabezada por la\nPresidencia de la Rep\u00fablica en una ceremonia que se realizar\u00e1 antes de\nfinalizar el a\u00f1o en curso, seg\u00fan se dio a conocer durante el relanzamiento del\ngalard\u00f3n, en julio pasado.<\/p>\n\n\n\n<p class=\"wp-block-paragraph\">&nbsp;Mario Vargas Llosa,\nEduardo Lizalde, Sergio Ram\u00edrez y Luis Goytisolo obtuvieron las anteriores\nediciones del Premio.<\/p>\n\n\n\n<p class=\"wp-block-paragraph\">SEM\/Milenio <\/p>\n","protected":false},"excerpt":{"rendered":"<p>La obra de Luisa Valenzuela ha sido editada en m\u00e1s de 17 pa\u00edses de Am\u00e9rica, Europa, Asia y Ocean\u00eda, y traducida a 10 idiomas.<\/p>\n","protected":false},"author":3,"featured_media":12839,"comment_status":"open","ping_status":"open","sticky":false,"template":"","format":"standard","meta":{"_monsterinsights_skip_tracking":false,"footnotes":""},"categories":[690,56],"tags":[],"class_list":["post-12838","post","type-post","status-publish","format-standard","has-post-thumbnail","category-690","category-redes"],"_links":{"self":[{"href":"https:\/\/redsemlac.com\/semmexico\/wp-json\/wp\/v2\/posts\/12838","targetHints":{"allow":["GET"]}}],"collection":[{"href":"https:\/\/redsemlac.com\/semmexico\/wp-json\/wp\/v2\/posts"}],"about":[{"href":"https:\/\/redsemlac.com\/semmexico\/wp-json\/wp\/v2\/types\/post"}],"author":[{"embeddable":true,"href":"https:\/\/redsemlac.com\/semmexico\/wp-json\/wp\/v2\/users\/3"}],"replies":[{"embeddable":true,"href":"https:\/\/redsemlac.com\/semmexico\/wp-json\/wp\/v2\/comments?post=12838"}],"version-history":[{"count":0,"href":"https:\/\/redsemlac.com\/semmexico\/wp-json\/wp\/v2\/posts\/12838\/revisions"}],"wp:featuredmedia":[{"embeddable":true,"href":"https:\/\/redsemlac.com\/semmexico\/wp-json\/wp\/v2\/media\/12839"}],"wp:attachment":[{"href":"https:\/\/redsemlac.com\/semmexico\/wp-json\/wp\/v2\/media?parent=12838"}],"wp:term":[{"taxonomy":"category","embeddable":true,"href":"https:\/\/redsemlac.com\/semmexico\/wp-json\/wp\/v2\/categories?post=12838"},{"taxonomy":"post_tag","embeddable":true,"href":"https:\/\/redsemlac.com\/semmexico\/wp-json\/wp\/v2\/tags?post=12838"}],"curies":[{"name":"wp","href":"https:\/\/api.w.org\/{rel}","templated":true}]}}