{"id":12786,"date":"2019-10-11T17:52:31","date_gmt":"2019-10-11T17:52:31","guid":{"rendered":"https:\/\/redsemlac.com\/semmexico\/?p=12786"},"modified":"2023-07-21T15:11:58","modified_gmt":"2023-07-21T20:11:58","slug":"premio-de-dh-de-weimar-a-la-saharaui-laila-fakhouri","status":"publish","type":"post","link":"https:\/\/redsemlac.com\/semmexico\/premio-de-dh-de-weimar-a-la-saharaui-laila-fakhouri\/","title":{"rendered":"Premio de DH de Weimar a la saharaui Laila Fakhouri"},"content":{"rendered":"\n<p class=\"wp-block-paragraph\"><strong>*Tambi\u00e9n lo recibe Ishan Fagiri de\nSudan<\/strong><\/p>\n\n\n\n<p class=\"wp-block-paragraph\"><strong>* Desde ni\u00f1a, Fakhouri \u201cha defendido los\nderechos del pueblo saharaui<\/strong><\/p>\n\n\n\n<p class=\"wp-block-paragraph\"><strong>Jes\u00fas Cabaleiro Larr\u00e1n<\/strong><\/p>\n\n\n\n<p class=\"wp-block-paragraph\">SemM\u00e9xico\/PeriodistasenEspa\u00f1ol,\nCd. de M\u00e9xico, 11 octubre 2019.- Dos mujeres activistas de derechos humanos, la\nsaharaui&nbsp;Laila Fakhouri&nbsp;de 24 a\u00f1os, e&nbsp;Ishan Fagiri&nbsp;de\nSud\u00e1n, fueron galardonadas con el premio de Derechos Humanos de la ciudad de\nWeimar 2019 que se otorgan anualmente.<\/p>\n\n\n\n<p class=\"wp-block-paragraph\">El\nAyuntamiento de Weimar hab\u00eda decidido en junio otorgar este a\u00f1o dos premios en\nel 25 aniversario desde que tuvo lugar la aprobaci\u00f3n del Premio de Derechos\nHumanos. Hubo un total de once nominaciones.<\/p>\n\n\n\n<p class=\"wp-block-paragraph\">En\nla concesi\u00f3n del premio se explica que, desde su infancia, Laila Fakhouri \u201cha\ndefendido los derechos del pueblo saharaui, que se encuentra discriminado por\nla invasi\u00f3n de Marruecos. Pertenece a una generaci\u00f3n joven de saharauis que\nluchan por el derecho de su pueblo al reconocimiento por medios pac\u00edficos y\nlegales\u201d.<\/p>\n\n\n\n<p class=\"wp-block-paragraph\">\u201cA\npesar de las constantes amenazas y represalias a las que ella y su familia\nest\u00e1n expuestos\u201d, ella participa como observadora de procesos judiciales, es\ntraductora y mediadora a organizaciones y colectivos internacionales, activista\ny embajadora de activistas saharauis detenidos del movimiento estudiantil.<\/p>\n\n\n\n<p class=\"wp-block-paragraph\">Laila\nFakhouri estudia en la Universidad marroqu\u00ed Ibn Zohr de Agadir siendo natural\nde la localidad de Guelmim, localidad al sur de Marruecos, cercana al Sahara,\npero pertenece a una familia de activistas saharauis. Por este motivo ya ha\nsufrido detenciones, sometida a m\u00faltiples interrogatorios y en cualquier\nmomento teme m\u00e1s represalias. Una prima suya,&nbsp;Mbarak Daoudi&nbsp;estuvo\ncondenada en prisi\u00f3n por sus actividades prosaharauis.<\/p>\n\n\n\n<p class=\"wp-block-paragraph\">Tras\nconocer la concesi\u00f3n, Laila Fakhouri se\u00f1al\u00f3: \u201cAcepto humilde y orgullosamente\nel premio de derechos humanos de la ciudad de Weimar. Estoy muy agradecida por\nrecibir este premio, ya que es muy importante para mi seguridad y me da la fuerza\npara continuar y abogar por la liberaci\u00f3n de mis compa\u00f1eros y la libertad de mi\npa\u00eds\u201d.<\/p>\n\n\n\n<p class=\"wp-block-paragraph\">Laila\nFakhouri fue nominada por la asociaci\u00f3n \u2018Tierra de Hombres\u2019 e Ishan Fagiri por\nla Sociedad de Pueblos Amenazados. En su d\u00eda declar\u00f3: \u201cAhora somos el futuro.\nEntonces, si perdemos la esperanza, la pr\u00f3xima generaci\u00f3n no ser\u00e1 nada. No\nhabr\u00e1 saharauis en absoluto. Nunca perder\u00e9 la esperanza\u201d.<\/p>\n\n\n\n<p class=\"wp-block-paragraph\">Por\nsu parte, la sudanesa Ishan Fagiri, es fundadora de la organizaci\u00f3n de derechos\nhumanos \u2018No a la opresi\u00f3n de las mujeres\u2019 y particip\u00f3 en las protestas que\nconcluyeron con el derrocamiento del dictador Al Bashir.<\/p>\n\n\n\n<p class=\"wp-block-paragraph\">Con\nla concesi\u00f3n del Premio de Derechos Humanos, la ciudad de Weimar honra a estas\ndos mujeres por su compromiso desinteresado e incansable con los derechos humanos\ny de las mujeres. Asimismo la organizaci\u00f3n considera que deber\u00edan ofrecerles\nprotecci\u00f3n para desarrollar sus actividades.<\/p>\n\n\n\n<p class=\"wp-block-paragraph\">El\npremio est\u00e1 dotado con 5000 euros y ser\u00e1 entregado el 10 de diciembre de 2019,\nD\u00eda Internacional de los Derechos Humanos.<\/p>\n\n\n\n<p class=\"wp-block-paragraph\">Weimar\nes una ciudad patrimonio de la humanidad y fue capital europea de la Cultura en\n1999, pertenece al estado de Turingia y dio nombre en la historia alemana a la\nllamada Rep\u00fablica de Weimar entre 1919 y 1933.<\/p>\n\n\n\n<p class=\"wp-block-paragraph\">SEM-PeE\/jcl<\/p>\n","protected":false},"excerpt":{"rendered":"<p>Tambi\u00e9n lo recibe Ishan Fagiri de Sudan<\/p>\n","protected":false},"author":3,"featured_media":12787,"comment_status":"open","ping_status":"open","sticky":false,"template":"","format":"standard","meta":{"_monsterinsights_skip_tracking":false,"footnotes":""},"categories":[690,53],"tags":[],"class_list":["post-12786","post","type-post","status-publish","format-standard","has-post-thumbnail","category-690","category-internacional"],"_links":{"self":[{"href":"https:\/\/redsemlac.com\/semmexico\/wp-json\/wp\/v2\/posts\/12786","targetHints":{"allow":["GET"]}}],"collection":[{"href":"https:\/\/redsemlac.com\/semmexico\/wp-json\/wp\/v2\/posts"}],"about":[{"href":"https:\/\/redsemlac.com\/semmexico\/wp-json\/wp\/v2\/types\/post"}],"author":[{"embeddable":true,"href":"https:\/\/redsemlac.com\/semmexico\/wp-json\/wp\/v2\/users\/3"}],"replies":[{"embeddable":true,"href":"https:\/\/redsemlac.com\/semmexico\/wp-json\/wp\/v2\/comments?post=12786"}],"version-history":[{"count":0,"href":"https:\/\/redsemlac.com\/semmexico\/wp-json\/wp\/v2\/posts\/12786\/revisions"}],"wp:featuredmedia":[{"embeddable":true,"href":"https:\/\/redsemlac.com\/semmexico\/wp-json\/wp\/v2\/media\/12787"}],"wp:attachment":[{"href":"https:\/\/redsemlac.com\/semmexico\/wp-json\/wp\/v2\/media?parent=12786"}],"wp:term":[{"taxonomy":"category","embeddable":true,"href":"https:\/\/redsemlac.com\/semmexico\/wp-json\/wp\/v2\/categories?post=12786"},{"taxonomy":"post_tag","embeddable":true,"href":"https:\/\/redsemlac.com\/semmexico\/wp-json\/wp\/v2\/tags?post=12786"}],"curies":[{"name":"wp","href":"https:\/\/api.w.org\/{rel}","templated":true}]}}