{"id":12783,"date":"2019-10-11T00:55:36","date_gmt":"2019-10-11T00:55:36","guid":{"rendered":"https:\/\/redsemlac.com\/semmexico\/?p=12783"},"modified":"2023-07-21T15:11:58","modified_gmt":"2023-07-21T20:11:58","slug":"guerrero-51","status":"publish","type":"post","link":"https:\/\/redsemlac.com\/semmexico\/guerrero-51\/","title":{"rendered":"Lanzan campa\u00f1a para frenar violencia contra las mujeres en UAGro"},"content":{"rendered":"\n<p class=\"wp-block-paragraph\"><strong>Josefina Aguilar Pastor<\/strong><\/p>\n\n\n\n<p class=\"wp-block-paragraph\">SemM\u00e9xico. Chilpancingo, Guerrero, 10 de octubre de 2019.- Activistas feministas, iniciaron la campa\u00f1a \u201cYo creo en ti\u201d, dirigida a contrarrestar la violencia al interior de la Universidad Aut\u00f3noma de Guerrero (UAGro), donde prevalece el acoso en contra de las alumnas, que deriva en ocasiones en relaciones sentimentales, y embarazos; llaman a las autoridades universitarias, implementar el Protocolo de Prevenci\u00f3n, Atenci\u00f3n, Sanci\u00f3n y Erradicaci\u00f3n de la violencia de G\u00e9nero, de no ser as\u00ed advierten podr\u00edan incluso, tomar rector\u00eda.<\/p>\n\n\n\n<p class=\"wp-block-paragraph\">Yolitzin Jaimes Rend\u00f3n, de la colectiva \u201cLas Revueltas\u201d, dio a conocer el inicio de esta campa\u00f1a, que consistir\u00e1 en una serie de movilizaciones hacia la UAGro, en contra de la violencia de g\u00e9nero, en sus diversas modalidades, hostigamiento sexual, condicionamiento de calificaciones, pr\u00e1ctica normalizada de relaciones entre maestros y alumnas, que se ha convertido en una cultura dentro de las aulas universitarias, \u201cdonde inclusive hasta bodas hay\u201d.<\/p>\n\n\n\n<p class=\"wp-block-paragraph\">La activista llam\u00f3 a todas las universitarias que han sido v\u00edctimas de estas violencias y que lo han hecho en silencio, y han sido utilizadas tambi\u00e9n indic\u00f3, en el marco de las guerras pol\u00edticas internas, enfrent\u00e1ndose no solo a la impunidad que hay dentro de la universidad para la soluci\u00f3n de estos casos, sino tambi\u00e9n a la falta de mecanismos para atender estas situaciones de violencia de g\u00e9nero.<\/p>\n\n\n\n<p class=\"wp-block-paragraph\">\u201cEsta campa\u00f1a \u00b4Yo te creo\u00b4, va acompa\u00f1ada de una serie de movilizaciones, en este caso, nuestra agenda es con las universitarias, ya saben que sabemos tomar las calles, las instituciones en medida de la defensa de los derechos der las mujeres\u201d, enfatiz\u00f3 Jaimes Rend\u00f3n.<\/p>\n\n\n\n<p class=\"wp-block-paragraph\">Exigi\u00f3 la implementaci\u00f3n &nbsp;del Protocolo de Prevenci\u00f3n, Atenci\u00f3n, Sanci\u00f3n y Erradicaci\u00f3n de la violencia de G\u00e9nero en la Universidad Aut\u00f3noma de Guerrero, &nbsp;\u201ceste es el llamado la resistencia\u201d, recalc\u00f3.<\/p>\n\n\n\n<p class=\"wp-block-paragraph\">En la Uagro, no existen los mecanismos de protecci\u00f3n para la defensa de las universitarias, de ah\u00ed insisti\u00f3, el llamado a esta resistencia y movilizaciones que realizar\u00e1n, entre ellas, la toma de rector\u00eda, para que se instale un Protocolo de Prevenci\u00f3n, Atenci\u00f3n, Sanci\u00f3n y Erradicaci\u00f3n de la violencia de G\u00e9nero dentro de la universidad que no existe, a pesar de ser necesario.<\/p>\n\n\n\n<p class=\"wp-block-paragraph\">Angie de la Rosa Palafox, egresada de la escuela de derecho de la misma UAGro, hizo un llamado a todas las v\u00edctimas de violencia de g\u00e9nero al interior de la universidad por parte de los docentes, a trav\u00e9s de manipulaci\u00f3n, chantaje y amenazas, a dar a conocer sus casos \u201cque no se callen\u201d, hay quienes las pueden apoyar, dijo.<\/p>\n\n\n\n<p class=\"wp-block-paragraph\">Al mismo tiempo, llam\u00f3 a &nbsp;las &nbsp;autoridades universitarias, para implantar este protocolo de atenci\u00f3n, \u201cno es posible que este tipo de situaciones sigan aconteci\u00e9ndonos a las universitarias, porque todas hemos pasado por alg\u00fan tipo de acoso en nuestra vida estudiantil\u201d.<\/p>\n\n\n\n<p class=\"wp-block-paragraph\">El anuncio de esta campa\u00f1a, es la primera llamada y la primera acci\u00f3n que estar\u00edan implantando, advirti\u00f3 de la Rosa Palafox, para que las universitarias, no vuelvan a ser v\u00edctimas de violencia de g\u00e9nero.<\/p>\n\n\n\n<p class=\"wp-block-paragraph\">Entre las acciones que implementar\u00edan, Jaimes Rend\u00f3n anunci\u00f3 la apertura de una p\u00e1gina para conocer los casos de manera an\u00f3nima de v\u00edctimas de violencia en la UAGro, movilizaciones, concentraciones, toma de rector\u00eda, entre otras, a fin de que las autoridades universitarias, tomen cartas en el asunto. Desconocen dijo, si existe dicho protocolo, aunque reflexion\u00f3 que si no lo han implementado, es que no &nbsp;lo hay, refut\u00f3 que no deber\u00edan peregrinar por el acceso a la justicia en cualquier instituci\u00f3n.<\/p>\n\n\n\n<p class=\"wp-block-paragraph\">\u201chay una revictimizaci\u00f3n, no solo es la violencia estructural y sist\u00e9mica que viven las mujeres, va m\u00e1s all\u00e1, se enfrentan a la duda de que si denuncia o no, quien les da acompa\u00f1amiento, y si lo hacen, las revictimizan, y la sociedad con la nula empat\u00eda de ver la situaci\u00f3n que nos est\u00e1 atravesando a las mujeres en Guerrero, que en los \u00faltimos a\u00f1os se increment\u00f3 en un 400 por ciento el feminicidio, quiere decir que estamos ante una situaci\u00f3n de emergencia, por eso invitamos a las dem\u00e1s mujeres a esta resistencia, y esperamos que no tengamos que radicalizar nuestras protestas para poder lograr que se instale este protocolo de atenci\u00f3n, prevenci\u00f3n y sanci\u00f3n al interior de la universidad\u201d, asent\u00f3 Jaimes Rend\u00f3n.<br><\/p>\n","protected":false},"excerpt":{"rendered":"<p>Iniciaron la campa\u00f1a \u201cYo creo en ti\u201d, dirigida a contrarrestar la violencia al interior de la Universidad Aut\u00f3noma de Guerrero (UAGro), donde prevalece el acoso en contra de las alumnas<\/p>\n","protected":false},"author":3,"featured_media":12784,"comment_status":"open","ping_status":"open","sticky":false,"template":"","format":"standard","meta":{"_monsterinsights_skip_tracking":false,"footnotes":""},"categories":[690,54],"tags":[],"class_list":["post-12783","post","type-post","status-publish","format-standard","has-post-thumbnail","category-690","category-mujeres"],"_links":{"self":[{"href":"https:\/\/redsemlac.com\/semmexico\/wp-json\/wp\/v2\/posts\/12783","targetHints":{"allow":["GET"]}}],"collection":[{"href":"https:\/\/redsemlac.com\/semmexico\/wp-json\/wp\/v2\/posts"}],"about":[{"href":"https:\/\/redsemlac.com\/semmexico\/wp-json\/wp\/v2\/types\/post"}],"author":[{"embeddable":true,"href":"https:\/\/redsemlac.com\/semmexico\/wp-json\/wp\/v2\/users\/3"}],"replies":[{"embeddable":true,"href":"https:\/\/redsemlac.com\/semmexico\/wp-json\/wp\/v2\/comments?post=12783"}],"version-history":[{"count":0,"href":"https:\/\/redsemlac.com\/semmexico\/wp-json\/wp\/v2\/posts\/12783\/revisions"}],"wp:featuredmedia":[{"embeddable":true,"href":"https:\/\/redsemlac.com\/semmexico\/wp-json\/wp\/v2\/media\/12784"}],"wp:attachment":[{"href":"https:\/\/redsemlac.com\/semmexico\/wp-json\/wp\/v2\/media?parent=12783"}],"wp:term":[{"taxonomy":"category","embeddable":true,"href":"https:\/\/redsemlac.com\/semmexico\/wp-json\/wp\/v2\/categories?post=12783"},{"taxonomy":"post_tag","embeddable":true,"href":"https:\/\/redsemlac.com\/semmexico\/wp-json\/wp\/v2\/tags?post=12783"}],"curies":[{"name":"wp","href":"https:\/\/api.w.org\/{rel}","templated":true}]}}