{"id":12781,"date":"2019-10-10T23:30:01","date_gmt":"2019-10-10T23:30:01","guid":{"rendered":"https:\/\/redsemlac.com\/semmexico\/?p=12781"},"modified":"2023-07-21T15:11:58","modified_gmt":"2023-07-21T20:11:58","slug":"opinion-155","status":"publish","type":"post","link":"https:\/\/redsemlac.com\/semmexico\/opinion-155\/","title":{"rendered":"Ambig\u00fa"},"content":{"rendered":"\n<h2 class=\"wp-block-heading\"><strong>Los invisibilizados ni\u00f1os de la narcoguerra<\/strong><\/h2>\n\n\n\n<p class=\"wp-block-paragraph\"><strong>+ Hasta beb\u00e9s e infantes usados en robo hormiga<\/strong><\/p>\n\n\n\n<p class=\"wp-block-paragraph\"><strong> Martha Elba Torres Mart\u00ednez<\/strong><\/p>\n\n\n\n<p class=\"wp-block-paragraph\">SemM\u00e9xico. 10 de octubre 2019.-El reclutamiento de menores por el narcotr\u00e1fico sigue siendo un arista del conflicto, muy estudiado desde hace m\u00e1s de una d\u00e9cada, pero sigue sin ser prioritario en las estrategias de los gobiernos panistas, pri\u00edsta y ahora morenista.<\/p>\n\n\n\n<p class=\"wp-block-paragraph\">\u201cJuanito Pistola\u201d o el \u201cComandante Chikit\u00edn\u201d, era el ni\u00f1o\nsicario m\u00e1s sobresaliente del C\u00e1rtel del Noreste. En agosto fue abatido en un\nenfrentamiento en Nuevo Laredo, Tamaulipas. A los 13, hab\u00eda sido detenido, pero\ncomo siempre sucede, por su corta edad, fue liberado. Solo sobrevivi\u00f3 tres\na\u00f1os. Es cuando la inimputabilidad dispara tambi\u00e9n contra ellos, pues\ndif\u00edcilmente se les da tratamiento para su reintegraci\u00f3n social.<\/p>\n\n\n\n<p class=\"wp-block-paragraph\">En mayo de 2017, la Suprema Corte de Justicia de la Naci\u00f3n\n(SCJN) aval\u00f3 la prisi\u00f3n preventiva hasta por cinco meses, a menores entre 14 y\n18 a\u00f1os que hayan incurrido en delitos como homicidio, extorsi\u00f3n, violaci\u00f3n,\nnarcotr\u00e1fico, delincuencia organizada, trata de personas y robo con violencia.\nLa Comisi\u00f3n Nacional de Derechos Humanos (CNDH) se hab\u00eda inconformado al\nconsiderar que la Ley General del Sistema Integral de Justicia para\nAdolescentes que entr\u00f3 en vigor en junio de 2016, trasgred\u00eda su presunci\u00f3n de\ninocencia.<\/p>\n\n\n\n<p class=\"wp-block-paragraph\">La cifra negra de las y los menores utilizados por el crimen\norganizado es desconocida, pero las detenciones pueden dar una idea. De acuerdo\nal diagn\u00f3stico de la Secretar\u00eda de Gobernaci\u00f3n y Unicef de 2017, son m\u00e1s de 17\nmil ni\u00f1os y adolescentes que se involucran en delitos, cada a\u00f1o; 4 mil 500 de\nellos, en delitos graves. El mismo estudio reconoce la ausencia de una pol\u00edtica\nid\u00f3nea para reincorporarlos sana y productivamente a la sociedad.<\/p>\n\n\n\n<p class=\"wp-block-paragraph\">Esto viene a cuento, por lo sucedido el lunes 7, afuera de\nuna vivienda en la colonia Real de las Palmas, en Zuazua, Nuevo Le\u00f3n. Pasadas\nlas 10 de la noche, un grupo de ni\u00f1os entre 9 y 15 a\u00f1os de edad, fue rafagueado\npor un comando armado. Cuatro de ellos se debaten entre la vida y la muerte.<\/p>\n\n\n\n<p class=\"wp-block-paragraph\">El hecho no pas\u00f3 a mayores. La nota difundida por la agencia\ngubernamental Notimex fue retomada por poquitos medios. Una b\u00fasqueda extendida\nen im\u00e1genes retrat\u00f3 la realidad: infinidad de fotograf\u00edas de ni\u00f1os y adolescentes,\nposando con armas, detenidos o muertos en combate.<\/p>\n\n\n\n<p class=\"wp-block-paragraph\">Y nada pasa. Son parte del recuento de muertos y v\u00edctimas\nque deja la actividad criminal en nuestro pa\u00eds. Pero somos bien felices,\nrepiti\u00f3 el presidente L\u00f3pez Obrador, anteayer\u2026<\/p>\n\n\n\n<p class=\"wp-block-paragraph\">&nbsp;&nbsp;&nbsp;&nbsp;&nbsp;&nbsp;&nbsp;&nbsp;&nbsp;&nbsp;&nbsp;&nbsp;&nbsp;&nbsp;&nbsp;&nbsp;&nbsp;&nbsp;&nbsp;&nbsp;&nbsp;&nbsp;&nbsp;&nbsp;&nbsp;&nbsp;&nbsp;&nbsp;&nbsp;&nbsp;&nbsp;&nbsp;&nbsp;&nbsp;&nbsp;&nbsp;&nbsp;&nbsp;&nbsp;&nbsp;&nbsp;&nbsp;&nbsp;&nbsp;&nbsp;&nbsp;&nbsp;&nbsp;&nbsp;&nbsp;&nbsp;&nbsp;&nbsp;&nbsp;&nbsp;&nbsp;&nbsp;&nbsp;&nbsp;&nbsp;&nbsp;&nbsp;&nbsp;&nbsp;&nbsp;&nbsp;&nbsp;&nbsp;&nbsp;&nbsp;&nbsp;&nbsp;&nbsp;&nbsp;&nbsp;&nbsp;&nbsp; ***<\/p>\n\n\n\n<p class=\"wp-block-paragraph\">De cada 100 delitos que afectan de manera exclusiva a ni\u00f1as,\nni\u00f1os y adolescentes, y que son denunciados e investigados por el Ministerio\nP\u00fablico, solo tres se registran en sentencias condenatorias. Hasta 2017, de las\n33 mil 482 desapariciones de personas reportadas, m\u00e1s de 6 mil son ni\u00f1as, ni\u00f1os\ny adolescentes, lo cual representaba el 18 % del total; seis de cada 10 de\nestas desapariciones son del sexo femenino. (Fuente: <a href=\"file:\/\/\/D:\\Downloads\\LA%20VIOLENCIA%20CONTRA%20LAS%20NI%C3%91AS,%20NI%C3%91OS%20Y%20ADOLESCENTES.pdf\">file:\/\/\/D:\/Downloads\/LA%20VIOLENCIA%20CONTRA%20LAS%20NI%C3%91AS,%20NI%C3%91OS%20Y%20ADOLESCENTES.pdf<\/a>)<\/p>\n\n\n\n<p class=\"wp-block-paragraph\">Las y los menores son enganchados a menudo con presiones,\namenazas de matar a toda su familia, o enga\u00f1os; ante el abandono familiar,\notros buscan oportunidades, reconocimiento, protecci\u00f3n y sentido de\npertenencia. Ya en la organizaci\u00f3n, las y los vuelven adictos a las drogas y\nlos usan en el narcomenudeo, para halconear, la extorsi\u00f3n, el secuestro y desde\nluego el sicariato. Son imprescindibles y el \u00faltimo eslab\u00f3n de la cadena.\nEntran, pero ya no salen. Solo con los pies por delante.<\/p>\n\n\n\n<p class=\"wp-block-paragraph\">Aplaudo que Michoac\u00e1n, en lo local, haga un esfuerzo en este\nsentido con la apertura de centros de atenci\u00f3n y tratamiento para adictos y sus\nfamilias. Que trabajen juntos autoridades y asociaciones religiosas a trav\u00e9s\ndel Consejo de la Paz, es lo de menos. Lo importante es que se atienda a este\nsegmento de la poblaci\u00f3n tan vulnerable, porque es obligaci\u00f3n del Estado. Y no me\nsalgan con que a los primeros que les toca es a los padres. S\u00ed. Ya lo s\u00e9. Pero\nporque estos valen madre, \u00bfse les va a dejar a su suerte?&#8230;<\/p>\n\n\n\n<p class=\"wp-block-paragraph\">&nbsp;&nbsp;&nbsp;&nbsp;&nbsp;&nbsp;&nbsp;&nbsp;&nbsp;&nbsp;&nbsp;&nbsp;&nbsp;&nbsp;&nbsp;&nbsp;&nbsp;&nbsp;&nbsp;&nbsp;&nbsp;&nbsp;&nbsp;&nbsp;&nbsp;&nbsp;&nbsp;&nbsp;&nbsp;&nbsp;&nbsp;&nbsp;&nbsp;&nbsp;&nbsp;&nbsp;&nbsp;&nbsp;&nbsp;&nbsp;&nbsp;&nbsp;&nbsp;&nbsp;&nbsp;&nbsp;&nbsp;&nbsp;&nbsp;&nbsp;&nbsp;&nbsp;&nbsp;&nbsp;&nbsp;&nbsp;&nbsp;&nbsp;&nbsp;&nbsp;&nbsp;&nbsp;&nbsp;&nbsp;&nbsp;&nbsp;&nbsp;&nbsp;&nbsp;&nbsp;&nbsp;&nbsp;&nbsp;&nbsp;&nbsp;&nbsp;&nbsp;&nbsp;&nbsp;&nbsp;&nbsp;&nbsp;&nbsp;&nbsp;&nbsp;&nbsp;&nbsp;&nbsp;&nbsp;&nbsp;&nbsp;&nbsp;&nbsp; ***<\/p>\n\n\n\n<p class=\"wp-block-paragraph\">Esto tiene que ver con algo que le\u00eda esta semana en el sitio\nlocal Respuesta. Declaraciones del presidente de la Asociaci\u00f3n de Comerciantes\ny Vecinos del Centro Hist\u00f3rico de Morelia (Covechi), Alfonso Guerrero, sobre el\nrobo hormiga en los negocios de la zona, por parte de adultos que usan beb\u00e9s e\ninfantes.<\/p>\n\n\n\n<p class=\"wp-block-paragraph\">Narr\u00f3 que son familias enteras. Llegan con ni\u00f1os de brazos y\ncuando los cargan, ah\u00ed meten las cosas que se roban; puede ser ropa,\naccesorios, telefon\u00eda, o los ocultan entre el cuerpo del beb\u00e9 que est\u00e1n\ncargando; a veces los peque\u00f1itos tambi\u00e9n toman las cosas que les dicen, y se salen.\nEn promedio, se cometen unos 60 robos al mes con p\u00e9rdidas econ\u00f3micas que\nsuperan los 10 millones de pesos.<\/p>\n\n\n\n<p class=\"wp-block-paragraph\">\u00bfPor qu\u00e9 no denuncian? \u00bfQu\u00e9 caso tiene? Solo se pierde el tiempo,\nporque nunca se investiga este tipo de delitos. Y es el tema. Todos sabemos que\nla inmensa mayor\u00eda de los homicidios dolosos tienen que ver con el crimen\norganizado; por algo los agarran por montones, los cuelgan o destazan. Entonces\nse hace como que se investiga, porque todos en principio son inocentes.<\/p>\n\n\n\n<p class=\"wp-block-paragraph\">Sin embargo, las cifras de \u201cdelitos menores\u201d se multiplican\nexponencialmente. Son los asaltos en v\u00eda p\u00fablica, robo a negocios, veh\u00edculos o\ncasa habitaci\u00f3n, y como no son medi\u00e1ticos, ah\u00ed queda. El caso que lo poquito\nque se llevan representa en muchas ocasiones el todo para la v\u00edctima. Como la\nbicicleta del alba\u00f1il con que se iba a su trabajo, la licuadora o la TV que\nsigue pagando en Elektra o la quincena de tres mil pesos. Entonces, la\npercepci\u00f3n respecto a la inseguridad, esta de la chingada y con justa raz\u00f3n\u2026<\/p>\n\n\n\n<p class=\"wp-block-paragraph\">***<\/p>\n\n\n\n<p class=\"wp-block-paragraph\">Y ya parecer\u00e9 disco rayado, pero c\u00f3mo quisiera creer y\nconfiar en el presidente L\u00f3pez Obrador. El problema, que no puedo ser tan\nc\u00ednica e irresponsable conmigo misma, para pensar: s\u00ed. Todo va muy bien, somos\nfelices y los problemas se resuelven. Lo escucho en las ma\u00f1anas y veo la\nrealidad. Me facilitar\u00eda mandar al diablo el razonamiento cr\u00edtico y dejar que\nme lleve la corriente como a tantos.<\/p>\n\n\n\n<p class=\"wp-block-paragraph\">Le escuch\u00e9 esta semana, que ya tiene comprador interesado en\nel avi\u00f3n presidencial TP-01; que no daba detalles para que no se salara la\nventa y que la ONU acompa\u00f1a el proceso de negociaci\u00f3n.<\/p>\n\n\n\n<p class=\"wp-block-paragraph\">Efectivamente, la unidad de Servicios para Proyectos (UNOPS)\npublic\u00f3 el anuncio para la venta de la aeronave del 27 de marzo al 22 de abril\nde este a\u00f1o, para el registro de interesados (Fuente: <a href=\"https:\/\/www.ungm.org\/Public\/Notice\/85981\">https:\/\/www.ungm.org\/Public\/Notice\/85981<\/a>),\npero hasta ahora parece que hay uno, seg\u00fan el Presidente.<\/p>\n\n\n\n<p class=\"wp-block-paragraph\">Todo iba bien, hasta que revise la columna de Raymundo Riva\nPalacio del d\u00eda anterior, en Eje central. De acuerdo a sus fuentes, si se vende\nel avi\u00f3n, no hay compradores dispuestos a pagar m\u00e1s de 70 millones de d\u00f3lares.\nMucho menos de los 150 mdd de los que habla el Presidente de M\u00e9xico.<\/p>\n\n\n\n<p class=\"wp-block-paragraph\">Cita el periodista, que hay dos interesados, \u201cel magnate\npetrolero texano, presidente de Coastal Corporation, Oscar Wyatt Jr., de\nHouston, y su socio Morris Douglas Jaffe Jr., de San Antonio, que entre sus\nempresas, est\u00e1 Jetran, que es de aviaci\u00f3n. Fuentes de la industria dijeron que\nla oferta que hicieron al gobierno mexicano fue por 69 millones de d\u00f3lares,\naunque est\u00e1n dispuestos a ofrecer alrededor de otros 250 millones por la\nflotilla de aviones oficiales, todos en tierra desde que asumi\u00f3 la Presidencia\nL\u00f3pez Obrador, que incluye 60 aeronaves y 70 helic\u00f3pteros, con un valor\nestimado en 370 millones de d\u00f3lares.<\/p>\n\n\n\n<p class=\"wp-block-paragraph\">\u201cDe acuerdo con el portal airlines.net, los empresarios\nllevan a\u00f1os adquiriendo aviones y revendi\u00e9ndolos. As\u00ed le hicieron con 90\naviones de US Airways, tras los atentados terroristas en Estados Unidos en 2001\ny la dram\u00e1tica ca\u00edda de pasajeros, que colocaron con clientes en M\u00e9xico, Canad\u00e1\ny el Caribe para reemplazar su vieja flotilla de aeronaves. Por eso voltearon a\nM\u00e9xico cuando el presidente L\u00f3pez Obrador puso en el mercado, la flotilla de\naeronaves gubernamental, encabezada por el avi\u00f3n presidencial, que llam\u00f3 \u201cuna\nofensa para los mexicanos\u201d y s\u00edmbolo de \u201cla opulencia y lo rid\u00edculo\u201d.<\/p>\n\n\n\n<p class=\"wp-block-paragraph\">Entonces, digo: \u00bfa qui\u00e9n le creo?<\/p>\n\n\n\n<p class=\"wp-block-paragraph\">Igual me pas\u00f3 con el caso de los 92 autobuses y choferes\nsecuestrados por normalistas de Tener\u00eda, del Estado de M\u00e9xico. En la ma\u00f1anera\ndel mi\u00e9rcoles, el Presidente aseguraba que el problema ya estaba resuelto desde\nla noche anterior, porque \u201cas\u00ed se lo informaron\u201d, mientras el delegado de la\nC\u00e1mara Nacional de Transporte de Pasajeros y Turismo (Canapat) en esa entidad,\nOdil\u00f3n L\u00f3pez, daba cuenta en noticieros que segu\u00edan sin recuperar las unidades\ny a los choferes. Hasta pasado el mediod\u00eda, pudo confirmarse la noticia.<\/p>\n\n\n\n<p class=\"wp-block-paragraph\">Entonces estamos en que al Presidente le cuentan una cosa y\nresulta otra. Tal vez para no hacerlo encabronar. Desde luego que hay quien le\ncree ciegamente, que diga: el cielo es rojo, muchos volteen y respondan: s\u00ed\u2026\n\u00a1es rojo! Pero indudablemente habr\u00e1 quienes lo veamos azul en un d\u00eda despejado.\n\u00a1Ah! Pinche razonamiento cr\u00edtico. \u00a1Me caes mal!&#8230;<\/p>\n\n\n\n<p class=\"wp-block-paragraph\"><strong> <\/strong><\/p>\n","protected":false},"excerpt":{"rendered":"<p>Los invisibilizados ni\u00f1os de la narcoguerra <\/p>\n","protected":false},"author":3,"featured_media":9303,"comment_status":"open","ping_status":"open","sticky":false,"template":"","format":"standard","meta":{"_monsterinsights_skip_tracking":false,"footnotes":""},"categories":[690,99,90],"tags":[],"class_list":["post-12781","post","type-post","status-publish","format-standard","has-post-thumbnail","category-690","category-ambigu","category-martha-elba-torres-martinez"],"_links":{"self":[{"href":"https:\/\/redsemlac.com\/semmexico\/wp-json\/wp\/v2\/posts\/12781","targetHints":{"allow":["GET"]}}],"collection":[{"href":"https:\/\/redsemlac.com\/semmexico\/wp-json\/wp\/v2\/posts"}],"about":[{"href":"https:\/\/redsemlac.com\/semmexico\/wp-json\/wp\/v2\/types\/post"}],"author":[{"embeddable":true,"href":"https:\/\/redsemlac.com\/semmexico\/wp-json\/wp\/v2\/users\/3"}],"replies":[{"embeddable":true,"href":"https:\/\/redsemlac.com\/semmexico\/wp-json\/wp\/v2\/comments?post=12781"}],"version-history":[{"count":0,"href":"https:\/\/redsemlac.com\/semmexico\/wp-json\/wp\/v2\/posts\/12781\/revisions"}],"wp:featuredmedia":[{"embeddable":true,"href":"https:\/\/redsemlac.com\/semmexico\/wp-json\/wp\/v2\/media\/9303"}],"wp:attachment":[{"href":"https:\/\/redsemlac.com\/semmexico\/wp-json\/wp\/v2\/media?parent=12781"}],"wp:term":[{"taxonomy":"category","embeddable":true,"href":"https:\/\/redsemlac.com\/semmexico\/wp-json\/wp\/v2\/categories?post=12781"},{"taxonomy":"post_tag","embeddable":true,"href":"https:\/\/redsemlac.com\/semmexico\/wp-json\/wp\/v2\/tags?post=12781"}],"curies":[{"name":"wp","href":"https:\/\/api.w.org\/{rel}","templated":true}]}}