{"id":12778,"date":"2019-10-10T19:41:49","date_gmt":"2019-10-10T19:41:49","guid":{"rendered":"https:\/\/redsemlac.com\/semmexico\/?p=12778"},"modified":"2023-07-21T15:11:58","modified_gmt":"2023-07-21T20:11:58","slug":"opinion-154","status":"publish","type":"post","link":"https:\/\/redsemlac.com\/semmexico\/opinion-154\/","title":{"rendered":"Meditaciones"},"content":{"rendered":"\n<h1 class=\"wp-block-heading\">Miradas en torno a Leona Vicario<\/h1>\n\n\n\n<p class=\"wp-block-paragraph\"><strong><em>En el mes de agosto, durante la celebraci\u00f3n del 177 aniversario luctuoso de esta hero\u00edna de la Independencia, se anunci\u00f3 que el 2020 ser\u00e1 nombrado \u201cA\u00f1o de Leona Vicario en la Ciudad de M\u00e9xico\u201d, como un reconocimiento a la memoria hist\u00f3rica de las mujeres.<\/em><\/strong><\/p>\n\n\n\n<p class=\"wp-block-paragraph\"><strong>Elvira Hern\u00e1ndez Carballido<\/strong><\/p>\n\n\n\n<p class=\"wp-block-paragraph\">SemM\u00e9xico. 10 de octubre 2019.- Queremos que 2020 sea nombrado el a\u00f1o de Leona Vicario. Y nada mejor que septiembre, el mes de la patria, para hacer un recorrido de los estudios y escritos que esta mujer tan significativa en la historia de M\u00e9xico, ha inspirado:<\/p>\n\n\n\n<p class=\"wp-block-paragraph\">Una de las investigadoras que con mayor profundidad abord\u00f3 la importancia de esta mujer es Anne Staples, doctora en Historia e investigadora de El Colegio de M\u00e9xico. En su libro titulado&nbsp;<em>Leona Vicario<\/em>&nbsp;y publicado en 1976, la autora advirti\u00f3 que la poca documentaci\u00f3n existente dificult\u00f3 mucho explorar su infancia y hasta sus sentimientos. Y pregunta: \u201c\u00bfHasta d\u00f3nde puede el historiador imaginar cu\u00e1les hayan sido las circunstancias de su vida que la orillaron a actuar? Por ello, propone reflexionar m\u00e1s sobre lo que no sabemos de Leona que lo que se sabe de ella, interpretar sus silencios y su posible significaci\u00f3n\u201d (Staples, 2009:1).<\/p>\n\n\n\n<p class=\"wp-block-paragraph\">Uno de los trabajos pioneros muy significativo es el de Genaro Garc\u00eda, calificado como un historiador feminista. As\u00ed, este intelectual mexicano del siglo XIX en&nbsp;<em>Leona Vicario, hero\u00edna insurgente<\/em>&nbsp;(reeditado en 1980) permite advertir que desde una perspectiva emancipadora se puede escribir una biograf\u00eda que dibuja a una mujer inteligente, tenaz y decidida. La obsesi\u00f3n de este investigador por recuperar documentos originales de la \u00e9poca colonial, permiti\u00f3 que hasta la fecha se conozcan las expresiones directas, originales y revolucionarias en una mujer de su tiempo.<\/p>\n\n\n\n<p class=\"wp-block-paragraph\">Otro investigador que la recuper\u00f3 en el \u00e1mbito period\u00edstico fue Fortino Ibarra de Anda, en su libro&nbsp;<em>Las mexicanas en el periodismo<\/em>&nbsp;(1934), afirma que Leona es la primera mujer periodista en el pa\u00eds. Hace una semblanza, donde celebra la gran iniciativa y bravura de esta mujer al escapar de sus perseguidores, disfrazarse para no ser atrapada y parir a su primera hija en una cueva.<\/p>\n\n\n\n<p class=\"wp-block-paragraph\">En&nbsp;<em>Leona Vicario: la mujer fuerte de la Independencia<\/em>, Ech\u00e1nove Trujillo confirma el importante papel que ella desempe\u00f1\u00f3 en los a\u00f1os m\u00e1s agitados del movimiento independiente. Expone la manera en que financi\u00f3 a los insurgentes, las estrategias para enviarles correspondencia, su astucia para disfrazarse y escapar de sus raptores, el juicio que enfrent\u00f3 y sus d\u00edas tranquilos en los \u00faltimos a\u00f1os de su vida.<\/p>\n\n\n\n<blockquote class=\"wp-block-quote is-layout-flow wp-block-quote-is-layout-flow\"><p><em>Un recorrido de los estudios y escritos que esta mujer tan significativa en la historia de M\u00e9xico, ha inspirado.<\/em><\/p><\/blockquote>\n\n\n\n<p class=\"wp-block-paragraph\">En 1979 la revista&nbsp;<em>Fem&nbsp;<\/em>dedic\u00f3 un n\u00famero especial a la presencia femenina en la historia de M\u00e9xico, denunciado que las mujeres no han sido incluidas en la memoria hist\u00f3rica del pa\u00eds. Se rechazaba el olvido y menosprecio de que son (o somos) v\u00edctimas las mujeres con la excusa de que su lugar est\u00e1 en el mundo \u201cprivado de la penumbra\u201d. Se reivindicaba las distintas formas de participaci\u00f3n de las mujeres en la historia nacional. Es as\u00ed como Elena Urrutia present\u00f3 un perfil completo y afirm\u00f3 que \u201cconvendr\u00eda hacer un poco de historia para recordar la participaci\u00f3n valiente y decidida de Leona en las luchas de la independencia\u201d (Urrutia, 1979:43).<\/p>\n\n\n\n<p class=\"wp-block-paragraph\">En 2010 Carlos Pascual obtuvo el premio Bicentenario Grijalbo de Novela Hist\u00f3rica con su obra&nbsp;<em>La insurgenta<\/em>. El escritor asegur\u00f3: \u201cMe parece importante escribir acerca de Leona Vicario, porque la historia en M\u00e9xico est\u00e1 hecha por h\u00e9roes y por villanos, porque la historia presenta hechos, cosas; dif\u00edcilmente presenta ideas y Leona Vicario es ante todo ideas: no dio de gritos en ning\u00fan lado, no dio de taconazos en otra parte, no levant\u00f3 una l\u00e1pida ni quem\u00f3 una puerta. Leona Vicario escrib\u00eda ideas, fue una de las grandes ide\u00f3logas de la Independencia, junto con su marido, Andr\u00e9s Quintana Roo, y eso me parece muy importante resaltarlo y escribir sobre las ideas que gestaron el movimiento independentista\u201d (Monta\u00f1o, 2009:1).<\/p>\n\n\n\n<p class=\"wp-block-paragraph\">Una de las razones para que esta novela fuera la ganadora fue que destac\u00f3 las cualidades humanas de la personaje pero sin idealizarla. Sin embargo, aunque toca todos los aspectos de la vida de Leona Vicario solamente le da voz a los personajes que la conocieron y que tienen diferentes miradas en torno a ella, pero Leona Vicario nunca se expresa, queda nuevamente inm\u00f3vil, silenciada, estatua, estampita.<\/p>\n\n\n\n<p class=\"wp-block-paragraph\">Uno de los trabajos m\u00e1s recientes es el de Celia del Palacio, destacada investigadora y pionera en los estudios de historia de la prensa en los estados. Ella, de una manera \u00e1gil y sensible recrea y le da voz a esa joven insurgente que participa decidida en la Independencia. Su novela, titulada simplemente&nbsp;<em>Leona,&nbsp;<\/em>es resultado de una gran investigaci\u00f3n, en lo que Celia del Palacio es toda una experta pero tambi\u00e9n est\u00e1 escrita con el verdadero compromiso y pasi\u00f3n de darle vida y sentido humano a Vicario.<\/p>\n\n\n\n<p class=\"wp-block-paragraph\">Es as\u00ed como a lo largo de los a\u00f1os, Leona Vicario sigue conquistando espacios y reconocimientos, pero sobre todo el inter\u00e9s serio y comprometido por recuperarla con todo su orgullo femenino y toda su historia de mujer mexicana que crey\u00f3 y luch\u00f3 por un pa\u00eds independiente.<\/p>\n\n\n\n<p class=\"wp-block-paragraph\">S\u00ed, que 2020 sea el a\u00f1o de Leona Vicario.<\/p>\n\n\n\n<p class=\"wp-block-paragraph\"><strong>Referencias:<\/strong><\/p>\n\n\n\n<p class=\"wp-block-paragraph\"><strong>Monta\u00f1o Garfias<\/strong>, \u00c9rika (2010). \u201cCarlos Pascual gana el premio bicentenario de novela hist\u00f3rica\u201d, en&nbsp;<em>La Jornada<\/em>, M\u00e9xico, 17 de febrero de 2010, p.1<\/p>\n\n\n\n<p class=\"wp-block-paragraph\"><strong>Staples<\/strong>, Anne (2009). \u201cEl reto de biografiar a una mujer: Leona Vicario y sus escapadas independentistas\u201d, ponencia presentada en el Congreso Internacional de Americanistas, Ciudad de M\u00e9xico, junio de 2009<\/p>\n\n\n\n<p class=\"wp-block-paragraph\"><strong>Urrutia<\/strong>, Elena (1979). \u201cLeona Vicario\u201d, en revista FEM, M\u00e9xico, noviembre-diciembre 1979, pp.43 \u201345<\/p>\n","protected":false},"excerpt":{"rendered":"<p>Elvira Hern\u00e1ndez Carballido<\/p>\n","protected":false},"author":3,"featured_media":12779,"comment_status":"open","ping_status":"open","sticky":false,"template":"","format":"standard","meta":{"_monsterinsights_skip_tracking":false,"footnotes":""},"categories":[690,82,110],"tags":[],"class_list":["post-12778","post","type-post","status-publish","format-standard","has-post-thumbnail","category-690","category-la-opinion","category-la-opinion-columnas"],"_links":{"self":[{"href":"https:\/\/redsemlac.com\/semmexico\/wp-json\/wp\/v2\/posts\/12778","targetHints":{"allow":["GET"]}}],"collection":[{"href":"https:\/\/redsemlac.com\/semmexico\/wp-json\/wp\/v2\/posts"}],"about":[{"href":"https:\/\/redsemlac.com\/semmexico\/wp-json\/wp\/v2\/types\/post"}],"author":[{"embeddable":true,"href":"https:\/\/redsemlac.com\/semmexico\/wp-json\/wp\/v2\/users\/3"}],"replies":[{"embeddable":true,"href":"https:\/\/redsemlac.com\/semmexico\/wp-json\/wp\/v2\/comments?post=12778"}],"version-history":[{"count":0,"href":"https:\/\/redsemlac.com\/semmexico\/wp-json\/wp\/v2\/posts\/12778\/revisions"}],"wp:featuredmedia":[{"embeddable":true,"href":"https:\/\/redsemlac.com\/semmexico\/wp-json\/wp\/v2\/media\/12779"}],"wp:attachment":[{"href":"https:\/\/redsemlac.com\/semmexico\/wp-json\/wp\/v2\/media?parent=12778"}],"wp:term":[{"taxonomy":"category","embeddable":true,"href":"https:\/\/redsemlac.com\/semmexico\/wp-json\/wp\/v2\/categories?post=12778"},{"taxonomy":"post_tag","embeddable":true,"href":"https:\/\/redsemlac.com\/semmexico\/wp-json\/wp\/v2\/tags?post=12778"}],"curies":[{"name":"wp","href":"https:\/\/api.w.org\/{rel}","templated":true}]}}