{"id":12745,"date":"2019-10-10T17:25:03","date_gmt":"2019-10-10T17:25:03","guid":{"rendered":"https:\/\/redsemlac.com\/semmexico\/?p=12745"},"modified":"2023-07-21T15:11:59","modified_gmt":"2023-07-21T20:11:59","slug":"opinion-152","status":"publish","type":"post","link":"https:\/\/redsemlac.com\/semmexico\/opinion-152\/","title":{"rendered":"R\u00e1faga"},"content":{"rendered":"\n<h2 class=\"wp-block-heading\"><strong>La Divisi\u00f3n de Poderes de la Uni\u00f3n, \u00bfPuede Desaparecer?<\/strong><\/h2>\n\n\n\n<p class=\"wp-block-paragraph\"><strong>Jorge Herrera Valenzuela<\/strong><\/p>\n\n\n\n<p class=\"wp-block-paragraph\">SemM\u00e9xico. Cd. de M\u00e9xico. 10 de octubre de 2019.- La sorpresiva renuncia del ministro Eduardo Tom\u00e1s Medina Mora Icaza es la primera que se produce desde 1835, cuando se estableci\u00f3 en la Quinta de las llamadas Siete Leyes que \u201cEl Poder Judicial de la Rep\u00fablica se ejercer\u00e1 en una Corte Suprema de Justicia\u201d. Se desconoce el motivo que origin\u00f3 la dimisi\u00f3n de este defe\u00f1o clasificado como abogado, pol\u00edtico y diplom\u00e1tico. Seg\u00fan se sabe, la renuncia a ese alto cargo judicial debe ser por \u201ccausas graves\u201d.<\/p>\n\n\n\n<p class=\"wp-block-paragraph\">Mientras son peras o son manzanas, como se dice popularmente, Eduardo Tom\u00e1s est\u00e1 bajo investigaci\u00f3n por el delito de moda pol\u00edtica: lavado de dinero y falta que le imputen el de delincuencia organizada. De ninguna manera har\u00e9 defensa del abogado, extitular de la emisora de \u201cla verdad hist\u00f3rica\u201d, la PGR, director del in\u00fatil CISEN (Centro de Investigaci\u00f3n y Seguridad Nacional), exembajador de M\u00e9xico en el Reino Unido y en Washington. Lo que s\u00ed s\u00e9, es que est\u00e1 en la fotograf\u00eda impresa el d\u00eda en que se cas\u00f3 la hija del litigante Juan Collado, donde aparecen \u201clos enemigos\u201d del tabasque\u00f1o, hoy Presidente de M\u00e9xico.<\/p>\n\n\n\n<p class=\"wp-block-paragraph\">Bueno, pero vayamos hacia otro sendero en este comentario period\u00edstico. Para nadie es desconocido que el 1 de julio de 2018 un poco m\u00e1s de 30 millones de mexicanos le dieron el triunfo al candidato presidencial de Morena y desde el d\u00eda 3 del mismo mes y a\u00f1o, Andr\u00e9s Manuel L\u00f3pez Obrador comenz\u00f3 a ejercer en Palacio Nacional, no precisamente a despachar pero inici\u00f3 ah\u00ed sus conferencias de prensa, aunque no fue ma\u00f1anera.<\/p>\n\n\n\n<p class=\"wp-block-paragraph\">En pocos d\u00edas de ese memorable julio de 2018, se confirm\u00f3 que L\u00f3pez Obrador tambi\u00e9n hab\u00eda arrasado en las urnas para conseguir mayor\u00eda en las C\u00e1maras de Senadores y de Diputados. Estaba asegurado el control de las decisiones presidenciales en el Congreso de la Uni\u00f3n, lo cual en no muy lejana ocasi\u00f3n ratific\u00f3 el diputado Mario Delgado Castillo, coordinador de la bancada de Morena, al aprobarse las leyes reglamentarias de la Reforma Educativa que elimin\u00f3 a la del r\u00e9gimen anterior. Dijo el legislador, palabras m\u00e1s, palabras menos, que (los legisladores) estaban a las \u00f3rdenes del Presidente L\u00f3pez Obrador.<\/p>\n\n\n\n<p class=\"wp-block-paragraph\"><strong>POSIBLES EFECTOS DE LA RENUNCIA<\/strong><\/p>\n\n\n\n<p class=\"wp-block-paragraph\">El actual pleno de la Suprema Corte de Justicia de la Naci\u00f3n est\u00e1 integrado por dos abogadas y nueve abogados, casi todos con carrera judicial, comento que casi todos porque el queretano Arturo Zald\u00edvar Lelo de Larrea solo tiene antecedentes acad\u00e9micos. Fue propuesto para ocupar la ponencia que tuvo Genaro David G\u00f3ngora Pimentel, declarado abiertamente lopezobradorista. Arturo Zald\u00edvar fue candidato del presidente Felipe Calder\u00f3n Hinojosa y lo aprob\u00f3, como en los casos similares, el Senado de la Rep\u00fablica.<\/p>\n\n\n\n<p class=\"wp-block-paragraph\">Afirman que Zald\u00edvar Lelo de Larrea no compaginaba con Medina Mora, no hab\u00eda qu\u00edmica entre ellos. Debi\u00f3 ocurrir al interior del gris\u00e1ceo edificio ubicado en el costado Sur de Palacio Nacional, un fuerte choque entre Medina Mora y su presidente, para que se produjera la ins\u00f3lita renuncia y quedara abierta la puerta para que L\u00f3pez Obrador proponga una terna incluyendo los nombres de Celia Maya Garc\u00eda y Loretta Ortiz Ahif, a quienes propuso cuando resultaron designados Juan Luis Gonz\u00e1lez Alc\u00e1ntara Carranc\u00e1 y Yasm\u00edn Esquivel Mossa, \u00e9l en diciembre pasado y ella en marzo de este 2019. Yasm\u00edn es esposa del ingeniero Jos\u00e9 Mar\u00eda Riobo\u00f3, considerado por el presidente L\u00f3pez Obrador como el mejor ingeniero del pa\u00eds y del mundo.<\/p>\n\n\n\n<p class=\"wp-block-paragraph\">Lean ustedes tres opiniones, de corte period\u00edstico no pol\u00edtico, sobre lo que pudiera suceder si se act\u00faa deliberadamente en manejo pol\u00edtico, por parte del presidente L\u00f3pez Obrador. \u00bfTener bajo control al Poder Judicial de la Federaci\u00f3n? \u00bfSe terminar\u00eda la divisi\u00f3n constitucional de los Poderes de la Uni\u00f3n? \u00bfOportunidad para sanear el medio judicial en sus tres niveles?<\/p>\n\n\n\n<p class=\"wp-block-paragraph\">Armando Fuentes Aguirre, Cat\u00f3n, el que dice que tiene cuatro lectores, escribi\u00f3: \u201cDe algo podemos estar seguros: lo sucedido (la renuncia del ministro) redunda en un agrandamiento del poder presidencial y en mengua del sistema de frenos y contrapesos que deben privar en una democracia. Poco a poco \u2013en ocasiones mucho a mucho\u2014AMLO se va fortaleciendo al tiempo que el equilibrio de poderes se va debilitando\u201d.<\/p>\n\n\n\n<p class=\"wp-block-paragraph\">Por su parte Denise Dresser en su comentario de lunes, en el diario Reforma, afirm\u00f3: \u201cSi quienes tememos por la autonom\u00eda de la Corte somos unos alarmistas y no tenemos raz\u00f3n, lleg\u00f3 la hora de probar que estamos equivocados\u201d. Tambi\u00e9n consider\u00f3 que: \u201cY si el debilitamiento deliberado de un contrapeso no es el motivo real detr\u00e1s de la dimisi\u00f3n de Medina Mora, lleg\u00f3 el momento de demostrarlo\u201d.<\/p>\n\n\n\n<p class=\"wp-block-paragraph\">En el mismo diario donde colabora Denise, encontr\u00e9 la columna semanal \u201cTolvanera\u201d, de Roberto Zamarripa, quien considera que \u201cLa renuncia de Medina Mora otorga una excelente oportunidad a Zald\u00edvar para limpiar el Poder judicial y fortalecer su autonom\u00eda. Paralizarse, ser\u00eda fatal\u201d. Jocosamente comenta la foto de la boda y la lista de invitados, \u201cque ahora tienen pesquisa en ristre\u201d. \u201cEl padre de la novia est\u00e1 hoy en la c\u00e1rcel; Rosario Robles, invitada al civil y al religioso, vive en el penal de Santa Marta Acatitla; otro invitado, Medina Mora ministro renunciante en la Corte; Diego Fern\u00e1ndez de Cevallos expuesto en la lista de beneficiarios de los perdones fiscales; Enrique Ochoa Reza, exdirector de CFE (Comisi\u00f3n Federal de Electricidad) balconeado en el negocio de los gasoductos; Carlos Romero Dechamps, l\u00edder gremial petrolero en agon\u00eda\u201d.<\/p>\n\n\n\n<p class=\"wp-block-paragraph\"><strong>PREGUNTA PARA MEDITAR:<\/strong><\/p>\n\n\n\n<p class=\"wp-block-paragraph\">\u00bfEl tabasque\u00f1o resistir\u00e1 a la tentaci\u00f3n de convertirse en el mando \u00fanico de los Poderes de la Uni\u00f3n y cumplir\u00e1 con el compromiso de no reelegirse en el cargo que ocupa hoy?<\/p>\n\n\n\n<p class=\"wp-block-paragraph\"><strong><a href=\"mailto:jherrerav@live.com.mx\" target=\"_blank\" rel=\"noreferrer noopener\">jherrerav@live.com.mx<\/a><\/strong>&nbsp;&nbsp;<\/p>\n","protected":false},"excerpt":{"rendered":"<p>La Divisi\u00f3n de Poderes de la Uni\u00f3n, \u00bfPuede Desaparecer?<\/p>\n","protected":false},"author":3,"featured_media":12746,"comment_status":"open","ping_status":"open","sticky":false,"template":"","format":"standard","meta":{"_monsterinsights_skip_tracking":false,"footnotes":""},"categories":[690,94,107],"tags":[],"class_list":["post-12745","post","type-post","status-publish","format-standard","has-post-thumbnail","category-690","category-jorge-herrera-valenzuela","category-rafaga"],"_links":{"self":[{"href":"https:\/\/redsemlac.com\/semmexico\/wp-json\/wp\/v2\/posts\/12745","targetHints":{"allow":["GET"]}}],"collection":[{"href":"https:\/\/redsemlac.com\/semmexico\/wp-json\/wp\/v2\/posts"}],"about":[{"href":"https:\/\/redsemlac.com\/semmexico\/wp-json\/wp\/v2\/types\/post"}],"author":[{"embeddable":true,"href":"https:\/\/redsemlac.com\/semmexico\/wp-json\/wp\/v2\/users\/3"}],"replies":[{"embeddable":true,"href":"https:\/\/redsemlac.com\/semmexico\/wp-json\/wp\/v2\/comments?post=12745"}],"version-history":[{"count":0,"href":"https:\/\/redsemlac.com\/semmexico\/wp-json\/wp\/v2\/posts\/12745\/revisions"}],"wp:featuredmedia":[{"embeddable":true,"href":"https:\/\/redsemlac.com\/semmexico\/wp-json\/wp\/v2\/media\/12746"}],"wp:attachment":[{"href":"https:\/\/redsemlac.com\/semmexico\/wp-json\/wp\/v2\/media?parent=12745"}],"wp:term":[{"taxonomy":"category","embeddable":true,"href":"https:\/\/redsemlac.com\/semmexico\/wp-json\/wp\/v2\/categories?post=12745"},{"taxonomy":"post_tag","embeddable":true,"href":"https:\/\/redsemlac.com\/semmexico\/wp-json\/wp\/v2\/tags?post=12745"}],"curies":[{"name":"wp","href":"https:\/\/api.w.org\/{rel}","templated":true}]}}