{"id":12737,"date":"2019-10-09T20:36:01","date_gmt":"2019-10-09T20:36:01","guid":{"rendered":"https:\/\/redsemlac.com\/semmexico\/?p=12737"},"modified":"2023-07-21T15:11:59","modified_gmt":"2023-07-21T20:11:59","slug":"opinion-151","status":"publish","type":"post","link":"https:\/\/redsemlac.com\/semmexico\/opinion-151\/","title":{"rendered":"Mirada Violeta"},"content":{"rendered":"\n<h2 class=\"wp-block-heading\">\u00bfPor qu\u00e9 un d\u00eda internacional sobre las ni\u00f1as?<\/h2>\n\n\n\n<p class=\"wp-block-paragraph\"><strong>Guadalupe Ramos Ponce\n<\/strong><\/p>\n\n\n\n<p class=\"wp-block-paragraph\">SemM\u00e9xico. 09 de octubre 2019.- El 11 de octubre se\nconmemora el D\u00eda Internacional de las Ni\u00f1as. La primera ocasi\u00f3n que se hizo\nalusi\u00f3n a los derechos de las ni\u00f1as fue en 1995, en la Conferencia Mundial sobre\nla Mujer en Beijing, donde los pa\u00edses adoptaron por unanimidad la Declaraci\u00f3n y\nPlataforma de Acci\u00f3n de Beijing para los Derechos, no solo de las mujeres, sino\ntambi\u00e9n de las ni\u00f1as.<\/p>\n\n\n\n<p class=\"wp-block-paragraph\">La Declaraci\u00f3n de Beijing fue la primera en referirse\nespec\u00edficamente a los derechos de las ni\u00f1as. El 19 de diciembre de 2011, la\nAsamblea General de las Naciones Unidas aprob\u00f3 la resoluci\u00f3n 66\/170 en la que\ndeclaraba el 11 de octubre como el D\u00eda Internacional de las Ni\u00f1as, con el\nobjetivo de reconocer los derechos de las ni\u00f1as y los problemas extraordinarios\na los que las ni\u00f1as se enfrentan en todo el mundo.<\/p>\n\n\n\n<p class=\"wp-block-paragraph\">Nacer ni\u00f1a en M\u00e9xico y el mundo es una desventaja\nautom\u00e1tica, as\u00ed lo se\u00f1ala el Sistema Nacional de Protecci\u00f3n Integral de Ni\u00f1as,\nNi\u00f1os y Adolescentes (Sipinna), y casi cualquier indicador de desarrollo. Seg\u00fan\ncifras, casi 700 millones de mujeres que hoy viven, se casaron siendo ni\u00f1as.<\/p>\n\n\n\n<p class=\"wp-block-paragraph\">En M\u00e9xico, 1 de cada 5 se casa antes de los 18 a\u00f1os, y de\nlas ni\u00f1as y adolescentes que trabajan, s\u00f3lo el 44.1% tienen primaria concluida.\n47.9% de ni\u00f1as y adolescentes realizan trabajo no remunerado. El 29.7% de las\nni\u00f1as y adolescentes dedican m\u00e1s de 28 horas semanales a realizar trabajo\ndom\u00e9stico.<\/p>\n\n\n\n<p class=\"wp-block-paragraph\">Pero el problema m\u00e1s grave que enfrenta M\u00e9xico respecto a\nlos derechos de las ni\u00f1as y las adolescentes est\u00e1 en el embarazo. El 46% de las\nni\u00f1as y adolescentes que iniciaron su vida sexual lo hicieron sin\nanticonceptivos. Cada d\u00eda, 34 ni\u00f1as en M\u00e9xico son embarazadas en hechos de\nviolencia sexual, ocurrida principalmente en el seno familiar. En el caso de\nlas adolescentes, si bien ha habido una disminuci\u00f3n de las tasas de fecundidad,\npasando de 77 a 70 nacimientos por cada mil mujeres, persiste en niveles altos\nlos embarazos en ni\u00f1as de 10 a 14 a\u00f1os de edad, situaci\u00f3n que significa\nviolaciones impunes y una realidad indignante.<\/p>\n\n\n\n<p class=\"wp-block-paragraph\">Ante esta realidad desafortunada, pocas acciones vemos a\nfavor de las ni\u00f1as que fortalezcan su desarrollo y potencialidades.<\/p>\n\n\n\n<p class=\"wp-block-paragraph\">Quienes nos dan la muestra son tres ni\u00f1as de nombre Yatzil,\nItzel y Zazil Ugalde Aguirre; ellas decidieron realizar un programa\nconmemorativo del D\u00eda de las Ni\u00f1as, impulsando sus saberes y creatividades.\nIncluyeron un taller de creaci\u00f3n po\u00e9tica para ni\u00f1as, llamado \u201cCorre como ni\u00f1a\u201d,\nque fue impartido por \u00c1spera. Tambi\u00e9n un Taller de po\u00e9tica del dibujo impartido\npor Cometa lib\u00e9lula, Letras Ruta Po\u00e9tica y Rutas Pl\u00e1sticas, con Violeta Rivera.<\/p>\n\n\n\n<p class=\"wp-block-paragraph\">En tanto, el mi\u00e9rcoles 9 de octubre a las 17:00 horas se\nrealizar\u00e1 la conferencia sobre el D\u00eda Internacional de las Ni\u00f1as, con Fernanda\nViramontes, embajadora de Unicef, y Guadalupe Ramos, de Cladem. El jueves 10 de\noctubre a las 18:00 horas se realizar\u00e1 el taller de creaci\u00f3n de fanzine\n\u201cExperimenta como ni\u00f1a\u201d, impartido por \u00c1spera, con las participantes Luisa\nCh\u00e1vez, Diana Ar\u00e1mbula y Alejandra Canela.<\/p>\n\n\n\n<p class=\"wp-block-paragraph\">Luego, el viernes 11 de octubre habr\u00e1 un evento de la\nRegidur\u00eda de Derechos Humanos del ayuntamiento de Guadalajara, con la\nparticipaci\u00f3n de la regidora Eva Avil\u00e9s en la Escuela de Itzel y Zazil, en la\nPrimaria Urbana 793, a las 11:00 horas. El s\u00e1bado 12 de octubre a las 17:00\nhoras se impartir\u00e1 el taller \u201cFilosof\u00eda para la paz\u201d con el colectivo Pr\u00e1cticas\nFilos\u00f3ficas. Participantes: Noem\u00ed Vidal y Tania Rivera.<\/p>\n\n\n\n<p class=\"wp-block-paragraph\">Posteriormente, a las 18:00 horas ser\u00e1 la inauguraci\u00f3n de la\nexposici\u00f3n con los trabajos resultantes de los talleres y Presentaci\u00f3n del\nfanzine edici\u00f3n especial de \u00c1spera. A las 18:30 horas se llevar\u00e1 a cabo la\npresentaci\u00f3n musical de YIZS Sin fronteras, de la cual participan Yatzil,\nItzel, Zazil y Cristina Garc\u00eda Gonz\u00e1lez.<\/p>\n\n\n\n<p class=\"wp-block-paragraph\">Todos los eventos ser\u00e1n en Casa Alcalde Cultural, ubicada\nsobre avenida Alcalde 302, casi esquina Garibaldi, en el centro de Guadalajara,\nespacio facilitado por El\u00edas Jizael.<\/p>\n\n\n\n<p class=\"wp-block-paragraph\">Los derechos de las ni\u00f1as deben estar en el centro y\nprioridad de cualquier agenda; gracias a todos y todas quienes colaboran en\nhacer de este mundo un lugar mejor para toda la ni\u00f1ez, especialmente las ni\u00f1as.\nY gracias a Yatzil, Itzel, Zazil, Fernanda, Cristina y todas las ni\u00f1as que con\nsus acciones nos siguen brindando una luz de esperanza.<\/p>\n\n\n\n<p class=\"wp-block-paragraph\"><strong>lupitaramosponce@gmail.com<\/strong><\/p>\n\n\n\n<p class=\"wp-block-paragraph\"><strong>@lupitaramosponc<\/strong><\/p>\n","protected":false},"excerpt":{"rendered":"<p>\u00bfPor qu\u00e9 un d\u00eda internacional sobre las ni\u00f1as?<\/p>\n","protected":false},"author":3,"featured_media":8967,"comment_status":"open","ping_status":"open","sticky":false,"template":"","format":"standard","meta":{"_monsterinsights_skip_tracking":false,"footnotes":""},"categories":[690,110,91],"tags":[],"class_list":["post-12737","post","type-post","status-publish","format-standard","has-post-thumbnail","category-690","category-la-opinion-columnas","category-lupita-ramos-ponce"],"_links":{"self":[{"href":"https:\/\/redsemlac.com\/semmexico\/wp-json\/wp\/v2\/posts\/12737","targetHints":{"allow":["GET"]}}],"collection":[{"href":"https:\/\/redsemlac.com\/semmexico\/wp-json\/wp\/v2\/posts"}],"about":[{"href":"https:\/\/redsemlac.com\/semmexico\/wp-json\/wp\/v2\/types\/post"}],"author":[{"embeddable":true,"href":"https:\/\/redsemlac.com\/semmexico\/wp-json\/wp\/v2\/users\/3"}],"replies":[{"embeddable":true,"href":"https:\/\/redsemlac.com\/semmexico\/wp-json\/wp\/v2\/comments?post=12737"}],"version-history":[{"count":0,"href":"https:\/\/redsemlac.com\/semmexico\/wp-json\/wp\/v2\/posts\/12737\/revisions"}],"wp:featuredmedia":[{"embeddable":true,"href":"https:\/\/redsemlac.com\/semmexico\/wp-json\/wp\/v2\/media\/8967"}],"wp:attachment":[{"href":"https:\/\/redsemlac.com\/semmexico\/wp-json\/wp\/v2\/media?parent=12737"}],"wp:term":[{"taxonomy":"category","embeddable":true,"href":"https:\/\/redsemlac.com\/semmexico\/wp-json\/wp\/v2\/categories?post=12737"},{"taxonomy":"post_tag","embeddable":true,"href":"https:\/\/redsemlac.com\/semmexico\/wp-json\/wp\/v2\/tags?post=12737"}],"curies":[{"name":"wp","href":"https:\/\/api.w.org\/{rel}","templated":true}]}}