{"id":12733,"date":"2019-10-09T18:46:18","date_gmt":"2019-10-09T18:46:18","guid":{"rendered":"https:\/\/redsemlac.com\/semmexico\/?p=12733"},"modified":"2023-07-21T15:11:59","modified_gmt":"2023-07-21T20:11:59","slug":"exigen-diputadas-que-fernandez-norona-frene-su-violencia-verbal-contra-mujeres-sera-denunciado","status":"publish","type":"post","link":"https:\/\/redsemlac.com\/semmexico\/exigen-diputadas-que-fernandez-norona-frene-su-violencia-verbal-contra-mujeres-sera-denunciado\/","title":{"rendered":"Exigen diputadas que Fern\u00e1ndez Noro\u00f1a frene su violencia verbal contra mujeres; ser\u00e1 denunciado"},"content":{"rendered":"\n<ul class=\"wp-block-list\"><li><strong>Insult\u00f3, difam\u00f3 y amenaz\u00f3 a una diputada el fin de semana.<\/strong><\/li><li><strong>La legisladora anunci\u00f3 que presentar\u00e1 denuncia ante autoridades.<\/strong><\/li><\/ul>\n\n\n\n<p class=\"wp-block-paragraph\"><strong>Redacci\u00f3n<\/strong><\/p>\n\n\n\n<p class=\"wp-block-paragraph\">SemM\u00e9xico\/Billie Parker Noticias. Ciudad de M\u00e9xico. 09\noctubre 2019.- La diputada federal del PAN, Adriana D\u00e1vila, anunci\u00f3 que\ndenunciar\u00e1 al petista Gerardo Fern\u00e1ndez Noro\u00f1a, por haberla acusado de estar\nvinculada a la trata de personas en su natal Tlaxcala y por decir que es m\u00e1s\n\u201cbocona que la chingada\u201d, adem\u00e1s de que pidi\u00f3 que le hagan llegar elementos\npara \u201cponerle una chinga la pr\u00f3xima vez que abra la boca\u201d.<\/p>\n\n\n\n<p class=\"wp-block-paragraph\">Por tales se\u00f1alamientos realizados en Tlaxcala el pasado fin\nde semana, las diputadas del Partido Acci\u00f3n Nacional (PAN) exigieron este\nmartes que el diputado federal del PT, Gerardo Fern\u00e1ndez Noro\u00f1a, una disculpa p\u00fablica\npor su violencia verbal contra una diputada panista.<\/p>\n\n\n\n<p class=\"wp-block-paragraph\">La diputada Adriana D\u00e1vila Fern\u00e1ndez, del PAN, durante la\nsesi\u00f3n ordinaria en la C\u00e1mara de Diputados, sostuvo que Fern\u00e1ndez Noro\u00f1a tiene\nesa \u201cmala costumbre\u201d de no solo declarar cosas que no le constan, sino que\nponen en duda la integridad de las personas. \u201cNo le puedo permitir que diga\ncosas que ponen riesgo mi integridad y la de mi familia\u201d.<\/p>\n\n\n\n<p class=\"wp-block-paragraph\">El diputado petista Gerardo Fern\u00e1ndez Noro\u00f1a difundi\u00f3 un\nsupuesto rumor sobre la familia de la diputada D\u00e1vila Fern\u00e1ndez, al vincularlos\nen el delito de trata de personas, sin mostrar evidencia plena de los hechos y\nen un tono mis\u00f3gino.<\/p>\n\n\n\n<p class=\"wp-block-paragraph\">&nbsp;\u201cMe comentan que hay\nuna diputada que fue senadora y que est\u00e1 involucrada en ese tema y que es m\u00e1s\nbocona que la chingada, no s\u00e9 si sea cierto o no, pero en Tlaxcala siguen los\nproblema y son elementos para ponerle una chinga la pr\u00f3xima vez que abra la\nboca\u201d, declar\u00f3 el diputado Gerardo Fern\u00e1ndez, qui\u00e9n no es la primera vez que\nagrede verbalmente a una mujer.<\/p>\n\n\n\n<p class=\"wp-block-paragraph\">Previo a la sesi\u00f3n ordinaria en San L\u00e1zaro, en conferencia, diputadas y diputados del PAN, PRI, PRD y MC, acompa\u00f1adas de sus coordinadoras y coordinadores parlamentarios, se solidarizaron con la panista tlaxcalteca.<\/p>\n\n\n\n<p class=\"wp-block-paragraph\">La diputada Adriana D\u00e1vila se\u00f1al\u00f3 que no se pueden defender\ndesde la vicepresidencia de la Mesa Directiva expresiones como las de Noro\u00f1a.\n\u201cSe merece que vaya a las autoridades correspondientes\u201d.<\/p>\n","protected":false},"excerpt":{"rendered":"<p>Insult\u00f3, difam\u00f3 y amenaz\u00f3 a una diputada el fin de semana.<\/p>\n","protected":false},"author":3,"featured_media":12734,"comment_status":"open","ping_status":"open","sticky":false,"template":"","format":"standard","meta":{"_monsterinsights_skip_tracking":false,"footnotes":""},"categories":[690,50],"tags":[],"class_list":["post-12733","post","type-post","status-publish","format-standard","has-post-thumbnail","category-690","category-congreso"],"_links":{"self":[{"href":"https:\/\/redsemlac.com\/semmexico\/wp-json\/wp\/v2\/posts\/12733","targetHints":{"allow":["GET"]}}],"collection":[{"href":"https:\/\/redsemlac.com\/semmexico\/wp-json\/wp\/v2\/posts"}],"about":[{"href":"https:\/\/redsemlac.com\/semmexico\/wp-json\/wp\/v2\/types\/post"}],"author":[{"embeddable":true,"href":"https:\/\/redsemlac.com\/semmexico\/wp-json\/wp\/v2\/users\/3"}],"replies":[{"embeddable":true,"href":"https:\/\/redsemlac.com\/semmexico\/wp-json\/wp\/v2\/comments?post=12733"}],"version-history":[{"count":0,"href":"https:\/\/redsemlac.com\/semmexico\/wp-json\/wp\/v2\/posts\/12733\/revisions"}],"wp:featuredmedia":[{"embeddable":true,"href":"https:\/\/redsemlac.com\/semmexico\/wp-json\/wp\/v2\/media\/12734"}],"wp:attachment":[{"href":"https:\/\/redsemlac.com\/semmexico\/wp-json\/wp\/v2\/media?parent=12733"}],"wp:term":[{"taxonomy":"category","embeddable":true,"href":"https:\/\/redsemlac.com\/semmexico\/wp-json\/wp\/v2\/categories?post=12733"},{"taxonomy":"post_tag","embeddable":true,"href":"https:\/\/redsemlac.com\/semmexico\/wp-json\/wp\/v2\/tags?post=12733"}],"curies":[{"name":"wp","href":"https:\/\/api.w.org\/{rel}","templated":true}]}}