{"id":12727,"date":"2019-10-09T18:19:58","date_gmt":"2019-10-09T18:19:58","guid":{"rendered":"https:\/\/redsemlac.com\/semmexico\/?p=12727"},"modified":"2023-07-21T15:11:59","modified_gmt":"2023-07-21T20:11:59","slug":"guerrero-49","status":"publish","type":"post","link":"https:\/\/redsemlac.com\/semmexico\/guerrero-49\/","title":{"rendered":"Caso de Yndira Sandoval: a dos a\u00f1os de los hechos no hay avances"},"content":{"rendered":"\n<p class=\"wp-block-paragraph\">Elda Montiel<strong><\/strong><\/p>\n\n\n\n<p class=\"wp-block-paragraph\">SemM\u00e9xico. Cd. de M\u00e9xico. 9 de octubre de 2019.- A m\u00e1s de dos a\u00f1os de los actos de tortura y abuso sexual a que fue sometida la activista Yndira Sandoval, la Fiscal\u00eda General del estado de Guerrero sigue sin registrar avances en las investigaciones contra los servidores p\u00fablicos implicados, a pesar de que la Comisi\u00f3n Nacional de los Derechos Humanos (CNDH) emiti\u00f3 la recomendaci\u00f3n 63\/2019.<\/p>\n\n\n\n<p class=\"wp-block-paragraph\">La coordinadora de las Constituyentes CDMX y miembro tambi\u00e9n del Parlamento de Mujeres del Congreso capitalino demand\u00f3 el cumplimiento integral de la Recomendaci\u00f3n 63\/2019 de la CNDH a la Fiscal\u00eda General de Guerrero que establece la reparaci\u00f3n&nbsp;del da\u00f1o de forma integral, incluida una compensaci\u00f3n; integrar la carpeta de investigaci\u00f3n con perspectiva de g\u00e9nero; capacitar a los agentes del Ministerio P\u00fablico de la Regi\u00f3n de la Monta\u00f1a, y coadyuvar en la denuncia contra los funcionarios involucrados.<\/p>\n\n\n\n<p class=\"wp-block-paragraph\">Yndira Sandoval demanda tambi\u00e9n una disculpa p\u00fablica&nbsp;del Gobernador del Estado de Guerrero, del Fiscal General del Estado y del Presidente Municipal de Tlapa de Comonfort,&nbsp;como parte de la reparaci\u00f3n integral del da\u00f1o, ya que se\u00f1ala que la Fiscal\u00eda Estatal&nbsp;es la instancia responsable de la filtraci\u00f3n a redes sociales y medios de comunicaci\u00f3n de informaci\u00f3n sensible sobre la denuncia, as\u00ed como de videos que formaban parte de la cadena de custodia de prueba de la carpeta de investigaci\u00f3n.<\/p>\n\n\n\n<p class=\"wp-block-paragraph\">Los hechos sucedieron el 16 de septiembre de 2017 en el municipio de Tlapa de Comonfort en el estado de Guerrero, y las denuncias necesarias fueron interpuestas ante la Fiscal\u00eda General desde el 17 de septiembre de 2017.<\/p>\n\n\n\n<p class=\"wp-block-paragraph\">Yndira Sandoval fue detenida junto a su esposo por elementos de la polic\u00eda municipal de Tlapa, afuera del hospital donde acud\u00eda por una lesi\u00f3n en el t\u00f3rax.<\/p>\n\n\n\n<p class=\"wp-block-paragraph\">De acuerdo con la versi\u00f3n de los polic\u00edas municipales, la detenci\u00f3n fue a petici\u00f3n del director del hospital, que la acus\u00f3 de escandalizar y alterar el orden, por lo que ella y su pareja fueron trasladados a la Comandancia Municipal, donde m\u00e1s tarde fueron liberados, tras pagar la multa correspondiente.<\/p>\n\n\n\n<p class=\"wp-block-paragraph\">Durante la detenci\u00f3n, mientras se encontraba en la celda,&nbsp;fue agredida sexualmente por polic\u00edas municipales, y cuando acudi\u00f3 a la Agencia del Ministerio P\u00fablico Especializada en Delitos Sexuales para interponer la querella, la oficina estaba cerrada.<\/p>\n\n\n\n<p class=\"wp-block-paragraph\">La filtraci\u00f3n de la Fiscal\u00eda la colocaron como blanco de una desmedida y desproporcionada avalancha de actos de revictimizaci\u00f3n, estigmatizaci\u00f3n y criminalizaci\u00f3n, y generaron una situaci\u00f3n de riesgo inminente derivando en atentados graves como el allanamiento a su domicilio en la Ciudad de M\u00e9xico y a su auto particular.<\/p>\n\n\n\n<p class=\"wp-block-paragraph\">Incluso, refiere que amenazas de muerte la orillaron a salir del pa\u00eds como \u201csi las v\u00edctimas tuvi\u00e9ramos que huir, avergonzarnos o escondernos ante hechos condenables como los que aqu\u00ed narro\u201d.<\/p>\n\n\n\n<p class=\"wp-block-paragraph\">Por todo lo anterior, indic\u00f3 que queda de manifiesto que la impunidad parece ser la principal l\u00ednea pol\u00edtica e institucional por parte de la Fiscal\u00eda General del Estado de Guerrero.&nbsp;<\/p>\n\n\n\n<p class=\"wp-block-paragraph\">La CNDH acredit\u00f3 que Sandoval fue v\u00edctima de tortura y violencia sexual, violaci\u00f3n a la procuraci\u00f3n de justicia, derecho de privacidad y del derecho a vivir sin violencia por lo que la recomendaci\u00f3n emitida este 12 de septiembre tambi\u00e9n incluye al presidente municipal de Tlapa, Dionisio Pichardo.&nbsp;&nbsp;<\/p>\n\n\n\n<p class=\"wp-block-paragraph\">Al presidente municipal de Tlapa, Dionisio Pichardo, le recomienda capacitar a su personal sobre el derecho de las mujeres a vivir una vida libre de violencia, as\u00ed como colaborar en la denuncia ante la FGE contra integrantes de la polic\u00eda municipal que participaron en los hechos, adem\u00e1s de realizar el tr\u00e1mite para que se investigue y determine la responsabilidad de los elementos.<\/p>\n\n\n\n<p class=\"wp-block-paragraph\">Entre las recomendaciones a la Fiscal\u00eda, destaca el que se reasigne el desglose de la Carpeta de Investigaci\u00f3n a una Unidad de Investigaci\u00f3n distinta de la Agencia del Ministerio P\u00fablico del Fuero Com\u00fan en Tlapa de Comonfort, que cuente con personal especializado en violencia de g\u00e9nero contra las mujeres y delitos cometidos por servidores p\u00fablicos.<\/p>\n\n\n\n<p class=\"wp-block-paragraph\">La activista de los derechos humanos, Yndira Sandoval, reitera la&nbsp;importancia de creer siempre en la palabra de las v\u00edctimas pues ante actos tan atroces como lo es la tortura sexual, nuestra palabra, y en este caso su palabra y dignidad es lo que con mayor valor posee estando viva.<\/p>\n\n\n\n<p class=\"wp-block-paragraph\">De manera especial solicita&nbsp;al Gobierno del Estado de Guerrero y al municipio de Tlapa de Comonfort actuar a la altura de la circunstancia de lo que en materia de violaci\u00f3n a derechos humanos y violencias contra las mujeres representa la regi\u00f3n de la monta\u00f1a.<\/p>\n\n\n\n<p class=\"wp-block-paragraph\">Por lo que como en un acto de alto impacto simb\u00f3lico y sustantivo ante la ciudadan\u00eda en favor de una sociedad m\u00e1s justa e igualitaria se aperture una escuela popular y comunitaria de liderazgos pol\u00edticos de las mujeres y promoci\u00f3n y defensa de los derechos humanos.<\/p>\n\n\n\n<p class=\"wp-block-paragraph\">Con el fin\u00a0de reconstruir el tejido social fortaleciendo individual y colectivamente principalmente a las mujeres de la regi\u00f3n y con ello se genere un compromiso real y una acci\u00f3n decidida en materia de prevenci\u00f3n y como medidas de no repetici\u00f3n de actos violentos contra las mujeres as\u00ed como pol\u00edticas p\u00fablicas integrales que promuevan la autonom\u00eda f\u00edsica, econ\u00f3mica y pol\u00edtica de las mujeres que hablen y transiten en la regi\u00f3n de la monta\u00f1a en el estado de Guerrero.\u00a0\u00a0<\/p>\n","protected":false},"excerpt":{"rendered":"<p>La Fiscal\u00eda General del estado de Guerrero sigue sin registrar avances en las investigaciones contra los servidores p\u00fablicos implicados, a pesar de que la Comisi\u00f3n Nacional de los Derechos Humanos (CNDH) emiti\u00f3 la recomendaci\u00f3n 63\/2019.<\/p>\n","protected":false},"author":3,"featured_media":12728,"comment_status":"open","ping_status":"open","sticky":false,"template":"","format":"standard","meta":{"_monsterinsights_skip_tracking":false,"footnotes":""},"categories":[690,54],"tags":[],"class_list":["post-12727","post","type-post","status-publish","format-standard","has-post-thumbnail","category-690","category-mujeres"],"_links":{"self":[{"href":"https:\/\/redsemlac.com\/semmexico\/wp-json\/wp\/v2\/posts\/12727","targetHints":{"allow":["GET"]}}],"collection":[{"href":"https:\/\/redsemlac.com\/semmexico\/wp-json\/wp\/v2\/posts"}],"about":[{"href":"https:\/\/redsemlac.com\/semmexico\/wp-json\/wp\/v2\/types\/post"}],"author":[{"embeddable":true,"href":"https:\/\/redsemlac.com\/semmexico\/wp-json\/wp\/v2\/users\/3"}],"replies":[{"embeddable":true,"href":"https:\/\/redsemlac.com\/semmexico\/wp-json\/wp\/v2\/comments?post=12727"}],"version-history":[{"count":0,"href":"https:\/\/redsemlac.com\/semmexico\/wp-json\/wp\/v2\/posts\/12727\/revisions"}],"wp:featuredmedia":[{"embeddable":true,"href":"https:\/\/redsemlac.com\/semmexico\/wp-json\/wp\/v2\/media\/12728"}],"wp:attachment":[{"href":"https:\/\/redsemlac.com\/semmexico\/wp-json\/wp\/v2\/media?parent=12727"}],"wp:term":[{"taxonomy":"category","embeddable":true,"href":"https:\/\/redsemlac.com\/semmexico\/wp-json\/wp\/v2\/categories?post=12727"},{"taxonomy":"post_tag","embeddable":true,"href":"https:\/\/redsemlac.com\/semmexico\/wp-json\/wp\/v2\/tags?post=12727"}],"curies":[{"name":"wp","href":"https:\/\/api.w.org\/{rel}","templated":true}]}}