{"id":12692,"date":"2019-10-08T18:37:37","date_gmt":"2019-10-08T18:37:37","guid":{"rendered":"https:\/\/redsemlac.com\/semmexico\/?p=12692"},"modified":"2023-07-21T15:12:00","modified_gmt":"2023-07-21T20:12:00","slug":"la-onu-pide-garantizar-derechos-humanos-en-ecuador","status":"publish","type":"post","link":"https:\/\/redsemlac.com\/semmexico\/la-onu-pide-garantizar-derechos-humanos-en-ecuador\/","title":{"rendered":"La ONU pide garantizar derechos humanos en Ecuador"},"content":{"rendered":"\n<p class=\"wp-block-paragraph\"><strong>Redacci\u00f3n<\/strong><\/p>\n\n\n\n<p class=\"wp-block-paragraph\">SemM\u00e9xico. 8 de octubre de 2019.- Tras las protestas iniciadas la semana pasada en Ecuador por el alza de los precios de los combustibles anunciada por el presidente Lenin Moreno, la Oficina para Am\u00e9rica del Sur de la Alta Comisionada de la ONU para los Derechos Humanos record\u00f3 a las autoridades que han de garantizar el derecho de todas las personas a manifestarse pac\u00edficamente \u201cprotegiendo los derechos a la libertad de expresi\u00f3n y opini\u00f3n, a la reuni\u00f3n pac\u00edfica y a participar en los asuntos p\u00fablicos\u201d.<\/p>\n\n\n\n<p class=\"wp-block-paragraph\">Ante los disturbios p\u00fablicos provocados por la introducci\u00f3n de un nuevo paquete de medidas econ\u00f3micas que elimina los subsidios estatales al combustible, Moreno decret\u00f3 el pasado jueves el estado de excepci\u00f3n por un plazo m\u00e1ximo de sesenta d\u00edas en la naci\u00f3n sudamericana.<\/p>\n\n\n\n<p class=\"wp-block-paragraph\">\u201cAl resguardar el derecho a la manifestaci\u00f3n pac\u00edfica, la polic\u00eda tiene el deber de identificar las personas que act\u00faan con violencia para aislarlas de los dem\u00e1s manifestantes. Los actos de violencia o delitos que cometan algunas personas no deben atribuirse a otras cuyo comportamiento es pac\u00edfico\u201d, destaca un comunicado.<\/p>\n\n\n\n<p class=\"wp-block-paragraph\">La Oficina record\u00f3 que solamente debe aplicarse el uso de la fuerza \u201cen casos excepcionales\u201d y que se han de acatar los principios de \u201clegalidad, necesidad, proporcionalidad y responsabilidad\u201d.<\/p>\n\n\n\n<p class=\"wp-block-paragraph\">Adem\u00e1s, indic\u00f3 que cualquier modo de privaci\u00f3n de libertad debe regirse por los principios establecidos en el derecho internacional.<\/p>\n\n\n\n<p class=\"wp-block-paragraph\">Del mismo modo, la Oficina mostr\u00f3 su preocupaci\u00f3n por los actos de violencia que las fuerzas de seguridad ecuatorianas habr\u00edan cometido contra los manifestantes, y tambi\u00e9n \u201crechaza enf\u00e1ticamente\u201d los sucesos violentos cometidos por terceras personas tales como \u201cagresiones, destrucci\u00f3n de bienes p\u00fablicos y privados, saqueos, bloqueos de la v\u00eda p\u00fablica, entre otros\u201d.<\/p>\n\n\n\n<p class=\"wp-block-paragraph\">Finalmente alent\u00f3 al desarrollo de medidas de confianza que contribuyan a originar \u201cespacios de di\u00e1logo constructivo\u201d preservando los derechos humanos de todas las personas.<\/p>\n\n\n\n<p class=\"wp-block-paragraph\">Posteriormente, el portavoz del Secretario General de las Naciones Unidas se sum\u00f3 a la petici\u00f3n de la Alta Comisionada e indic\u00f3 que las autoridades encargadas de mantener el orden p\u00fablico deben garantizar el derecho de todas las personas a manifestarse pac\u00edficamente.<\/p>\n\n\n\n<p class=\"wp-block-paragraph\">Por su parte, la relatora Especial sobre los derechos de los pueblos ind\u00edgenas, Victoria Tauli-Corpuz, manifest\u00f3 su inquietud por la situaci\u00f3n de los pueblos ind\u00edgenas ecuatorianos dentro del marco de las protestas en el pa\u00eds sudamericano.<\/p>\n\n\n\n<p class=\"wp-block-paragraph\">En un mensaje en la red social Twitter, Tauli-Corpuz urgi\u00f3 al Gobierno ecuatoriano a evitar el uso excesivo de la fuerza, respetar los derechos humanos y a buscar una v\u00eda negociada al conflicto mediante el di\u00e1logo intercultural.\u00a0<\/p>\n","protected":false},"excerpt":{"rendered":"<p>Ante los disturbios p\u00fablicos provocados por la introducci\u00f3n de un nuevo paquete de medidas econ\u00f3micas que elimina los subsidios estatales al combustible, Moreno decret\u00f3 el pasado jueves el estado de excepci\u00f3n<\/p>\n","protected":false},"author":3,"featured_media":12693,"comment_status":"open","ping_status":"open","sticky":false,"template":"","format":"standard","meta":{"_monsterinsights_skip_tracking":false,"footnotes":""},"categories":[690,53],"tags":[],"class_list":["post-12692","post","type-post","status-publish","format-standard","has-post-thumbnail","category-690","category-internacional"],"_links":{"self":[{"href":"https:\/\/redsemlac.com\/semmexico\/wp-json\/wp\/v2\/posts\/12692","targetHints":{"allow":["GET"]}}],"collection":[{"href":"https:\/\/redsemlac.com\/semmexico\/wp-json\/wp\/v2\/posts"}],"about":[{"href":"https:\/\/redsemlac.com\/semmexico\/wp-json\/wp\/v2\/types\/post"}],"author":[{"embeddable":true,"href":"https:\/\/redsemlac.com\/semmexico\/wp-json\/wp\/v2\/users\/3"}],"replies":[{"embeddable":true,"href":"https:\/\/redsemlac.com\/semmexico\/wp-json\/wp\/v2\/comments?post=12692"}],"version-history":[{"count":0,"href":"https:\/\/redsemlac.com\/semmexico\/wp-json\/wp\/v2\/posts\/12692\/revisions"}],"wp:featuredmedia":[{"embeddable":true,"href":"https:\/\/redsemlac.com\/semmexico\/wp-json\/wp\/v2\/media\/12693"}],"wp:attachment":[{"href":"https:\/\/redsemlac.com\/semmexico\/wp-json\/wp\/v2\/media?parent=12692"}],"wp:term":[{"taxonomy":"category","embeddable":true,"href":"https:\/\/redsemlac.com\/semmexico\/wp-json\/wp\/v2\/categories?post=12692"},{"taxonomy":"post_tag","embeddable":true,"href":"https:\/\/redsemlac.com\/semmexico\/wp-json\/wp\/v2\/tags?post=12692"}],"curies":[{"name":"wp","href":"https:\/\/api.w.org\/{rel}","templated":true}]}}