{"id":12689,"date":"2019-10-08T18:24:50","date_gmt":"2019-10-08T18:24:50","guid":{"rendered":"https:\/\/redsemlac.com\/semmexico\/?p=12689"},"modified":"2023-07-21T15:12:00","modified_gmt":"2023-07-21T20:12:00","slug":"nuevo-leon-3","status":"publish","type":"post","link":"https:\/\/redsemlac.com\/semmexico\/nuevo-leon-3\/","title":{"rendered":"En Nuevo Le\u00f3n, buscan que se reconozca doble jornada como violencia contra las mujeres"},"content":{"rendered":"\n<p class=\"wp-block-paragraph\"><strong>Redacci\u00f3n<\/strong><\/p>\n\n\n\n<p class=\"wp-block-paragraph\">SemM\u00e9xico. Nuevo Le\u00f3n. 8 de octubre de 2019.- El Diputado Luis Donaldo Colosio Riojas, present\u00f3 en el Pleno la iniciativa de reforma a la Ley para la Igualdad entre Mujeres y Hombres del Estado de Nuevo Le\u00f3n con el fin de armonizar la legislaci\u00f3n local con las disposiciones nacionales e internacionales espec\u00edficamente en la materia de violencia familiar al discriminarlas en las labores del hogar.<\/p>\n\n\n\n<p class=\"wp-block-paragraph\">El Legislador expuso que la problem\u00e1tica son los patrones socioculturales que han existido en la historia y que persisten, los cuales llevan a prejuicios y pr\u00e1cticas basadas en la inferioridad del sexo femenino y sus funciones estereotipadas, sobre todo en el \u00e1mbito familiar, que es donde hace falta avanzar m\u00e1s.<\/p>\n\n\n\n<p class=\"wp-block-paragraph\">\u00abEl reto est\u00e1 en cambiar estos patrones socioculturales&#8230; en el \u00e1mbito familiar hay que superar la situaci\u00f3n de inferioridad y discriminaci\u00f3n que sufren las mujeres dentro del hogar y de la sociedad en general. Lamentablemente en las pol\u00edticas y leyes se ha ignorado la condici\u00f3n de inferioridad de las mujeres en la familia, particularmente su rol tradicional de responsable principal de las tareas del hogar y cuidado de las y los hijos\u00bb, expres\u00f3.<\/p>\n\n\n\n<p class=\"wp-block-paragraph\">\u00abEl prop\u00f3sito es homologar y armonizar la legislaci\u00f3n local con las disposiciones nacionales e internacionales espec\u00edficamente en la materia de violencia familiar, el cual refiere a segregar y discriminar a las mujeres al cuidado de los hijos y tareas dom\u00e9sticas, adem\u00e1s de trabajar remuneradamente a trav\u00e9s de patrones estereotipados, mensajes, valores, iconos o signos, que transmiten y reproducen desigualdad y discriminaci\u00f3n\u00bb, concluy\u00f3.<\/p>\n\n\n\n<p class=\"wp-block-paragraph\">El Estado, indic\u00f3 el Diputado, debe reforzar su sentido laico en la legislaci\u00f3n, vigilar su cumplimiento y plantearse nuevas formas de hacer leyes y pol\u00edticas que se alejen de los roles de g\u00e9nero tradicionales en la familia, de tal manera que se visibilice y reconozca la doble jornada (de trabajo dom\u00e9stico y trabajo en el mercado laboral) de la madre trabajadora como un tipo de violencia familiar.<\/p>\n\n\n\n<p class=\"wp-block-paragraph\">SEM\/GR<\/p>\n","protected":false},"excerpt":{"rendered":"<p>Se visibilice y reconozca la doble jornada (de trabajo dom\u00e9stico y trabajo en el mercado laboral) de la madre trabajadora como un tipo de violencia familiar.<\/p>\n","protected":false},"author":3,"featured_media":12690,"comment_status":"open","ping_status":"open","sticky":false,"template":"","format":"standard","meta":{"_monsterinsights_skip_tracking":false,"footnotes":""},"categories":[690,50],"tags":[],"class_list":["post-12689","post","type-post","status-publish","format-standard","has-post-thumbnail","category-690","category-congreso"],"_links":{"self":[{"href":"https:\/\/redsemlac.com\/semmexico\/wp-json\/wp\/v2\/posts\/12689","targetHints":{"allow":["GET"]}}],"collection":[{"href":"https:\/\/redsemlac.com\/semmexico\/wp-json\/wp\/v2\/posts"}],"about":[{"href":"https:\/\/redsemlac.com\/semmexico\/wp-json\/wp\/v2\/types\/post"}],"author":[{"embeddable":true,"href":"https:\/\/redsemlac.com\/semmexico\/wp-json\/wp\/v2\/users\/3"}],"replies":[{"embeddable":true,"href":"https:\/\/redsemlac.com\/semmexico\/wp-json\/wp\/v2\/comments?post=12689"}],"version-history":[{"count":0,"href":"https:\/\/redsemlac.com\/semmexico\/wp-json\/wp\/v2\/posts\/12689\/revisions"}],"wp:featuredmedia":[{"embeddable":true,"href":"https:\/\/redsemlac.com\/semmexico\/wp-json\/wp\/v2\/media\/12690"}],"wp:attachment":[{"href":"https:\/\/redsemlac.com\/semmexico\/wp-json\/wp\/v2\/media?parent=12689"}],"wp:term":[{"taxonomy":"category","embeddable":true,"href":"https:\/\/redsemlac.com\/semmexico\/wp-json\/wp\/v2\/categories?post=12689"},{"taxonomy":"post_tag","embeddable":true,"href":"https:\/\/redsemlac.com\/semmexico\/wp-json\/wp\/v2\/tags?post=12689"}],"curies":[{"name":"wp","href":"https:\/\/api.w.org\/{rel}","templated":true}]}}